{"id":59472,"date":"2021-09-21T11:19:42","date_gmt":"2021-09-21T10:19:42","guid":{"rendered":"https:\/\/middleeasttransparent.com\/?p=59472"},"modified":"2021-09-21T22:28:21","modified_gmt":"2021-09-21T21:28:21","slug":"saydet-el-jabal-nous-accusons-les-trois-presidents-de-haute-trahison-et-exigeons-quils-soient-traduits-en-justice","status":"publish","type":"post","link":"https:\/\/middleeasttransparent.com\/fr\/saydet-el-jabal-nous-accusons-les-trois-presidents-de-haute-trahison-et-exigeons-quils-soient-traduits-en-justice\/","title":{"rendered":"Saydet El Jabal : Nous accusons les trois pr\u00e9sidents de haute trahison et exigeons qu&rsquo;ils soient traduits en justice"},"content":{"rendered":"<h3><span style=\"color: #666699;\">Le front multiconfessionnel\u00a0 de l\u2019opposition, <em>Likaa Saydet al-Jaba<\/em>l, \u00e9manation des forces historiques du 14 mars, suite \u00e0 sa r\u00e9union du 20 septembre, a\u00a0publi\u00e9 le communiqu\u00e9 suivant :<\/span><\/h3>\n<p>&nbsp;<\/p>\n<p class=\"p1\"><strong>Les Libanais ont \u00e9t\u00e9 constern\u00e9s par l&rsquo;annonce \u00ab d&rsquo;une violation de la souverainet\u00e9 du Liban \u00bb par le Premier ministre, qui s&rsquo;est content\u00e9 de d\u00e9clarer \u00ab sa douleur \u00bb- ce qui n&rsquo;est d&rsquo;aucune utilit\u00e9 au peuple libanais.<\/strong><\/p>\n<p class=\"p1\">Cette violation publique et explicite a \u00e9t\u00e9 ex\u00e9cut\u00e9e <strong>par la milice du Hezbollah<\/strong> en important des mati\u00e8res p\u00e9troli\u00e8res d&rsquo;Iran, sans l&rsquo;accord officiel de l&rsquo;\u00c9tat libanais, surtout que le secr\u00e9taire g\u00e9n\u00e9ral du parti l&rsquo;avait annonc\u00e9 il y a plusieurs semaines. La r\u00e9ponse du ministre de l&rsquo;\u00c9nergie \u00e0 l&rsquo;\u00e9poque \u00e9tait qu&rsquo;il n&rsquo;y avait pas eu de demande officielle. Ce qui a aggrav\u00e9 les choses et constitue une violation de la souverainet\u00e9 nationale, c&rsquo;est que des camions ont travers\u00e9 la fronti\u00e8re \u00e0 travers des passages ill\u00e9gaux. Le convoi a m\u00eame \u00e9t\u00e9 accompagn\u00e9 de tirs nourris de grenades, de mitrailleuses et d&rsquo;armes moyennes.<\/p>\n<p class=\"p1\"><strong>La Rencontre <em>Saydet El Jabal<\/em> accuse les Pr\u00e9sidents de la R\u00e9publique, du Parlement et du Conseil des ministres de haute trahison en raison de leur silence absolu et sans pr\u00e9c\u00e9dent sur la violation de la souverainet\u00e9 libanaise.<\/strong><\/p>\n<p class=\"p1\">Le Pr\u00e9sident de la R\u00e9publique est le seul des trois pr\u00e9sidences \u00e0 avoir pr\u00eat\u00e9 serment de respecter la constitution et les lois, le Premier ministre est responsable de la mise en \u0153uvre de la constitution et des lois, alors que le Pr\u00e9sident de la Chambre est responsable de la bonne mise en \u0153uvre de la constitution et des lois; il est aussi responsable en cas de leurs non-application.<span class=\"Apple-converted-space\">\u00a0<\/span><\/p>\n<p class=\"p1\">Par cons\u00e9quent, les trois pr\u00e9sidents ont clairement et publiquement enfreint \u00e0 leurs obligations constitutionnelles et juridiques les plus importantes, \u00e0 savoir la <strong>pr\u00e9servation de la souverainet\u00e9<\/strong> dans l&rsquo;int\u00e9r\u00eat du Hezbollah\/Iran.<\/p>\n<p class=\"p1\"><strong>Si les trois pr\u00e9sidents ne font pas face rapidement \u00e0 cette violation flagrante de la constitution et des lois libanaises, nous accuserons chacun d&rsquo;eux fermement et clairement de haute trahison et exigerons qu&rsquo;ils soient traduits en justice.<\/strong><\/p>\n<p><span style=\"text-decoration: underline;\">Version Italienne:<\/span><\/p>\n<p style=\"text-align: center;\"><strong>Saydet al jabal: Accusiamo i tre presidenti di alto tradimento e esigiamo che siano tradotti in giustizia<\/strong><\/p>\n<p>Il fronte multiconfessionale dell\u2019opposizione, <strong><em>Likaa Sayedat al Jabal<\/em><\/strong>, emanazione delle forze storiche del 14 marzo, ha emesso il seguente comunicato in seguito alla riunione che ha tenuto il 20 settembre scorso:<\/p>\n<p>I libanesi sono costernati dall\u2019ammissione del primo ministro libanese Najib Mikati che \u201cla sovranit\u00e0 del Libano e stat violata\u201d accontentandosi di esprimere \u201cla sua tristezza\u201d. Questa violazione pubblica e esplicita \u00e8 stata commessa dalla milizia di Hezbollah che aveva importato materie petrolifere dall\u2019Iran senza l\u2019approvazione ufficiale dello stato libanese, visto che il segretario generale di Hezbollah l\u2019aveva annunciato alcune alcune settimane prima. La risposta del ministro dell\u2019energia all\u2019epoca era che non c\u2019\u00e8 stata nessuna demanda ufficiale. Quello che ha aggravato la situazione e costituto una grave violazione della sovranit\u00e0 nazionale e\u2019 che degli camion hanno attraversato il confine per via di passaggi illegali. Il convoglio era anche accompagnato da tiri muniti di granate e da mitragliatrici.<\/p>\n<p>L\u2019Incontro di <strong><em>Sayedat al Jabal<\/em> <\/strong>accusa i presidenti della repubblica, del parlamento e del governo di alto tradimento a causa del loro silenzio assoluto e senza precedenti riguarda la violazione della sovranit\u00e0 libanese.<br \/>\nIl presidente della repubblica e l\u2019unico tra i presidenti a aver prestato sermone di rispettare la Costituzione e le leggi in vigore. Esso e\u2019 anche responsabile nel caso della non applicazione delle leggi.<\/p>\n<p>Di conseguenza, i tre presidenti hanno chiaramente e pubblicamente infranto le loro obbligazioni costituzionali e giuridiche, nella fattispecie la non preservazione della sovranit\u00e0 a favore di Hezbollah\/l\u2019Iran.<\/p>\n<p><strong>Se i tre presidenti non ricorrono rapidamente a fare fronte a questa flagrante violazione della costituzione e delle leggi libanesi allora noi li accusiamo in una maniera chiara e ferma di alto tradimento e esigiamo che siano tradotti in giustizia.<\/strong><\/p>\n<p>&nbsp;<\/p>\n","protected":false},"excerpt":{"rendered":"<p>Le front multiconfessionnel\u00a0 de l\u2019opposition, Likaa Saydet al-Jabal, \u00e9manation des forces historiques du 14 mars, suite \u00e0 sa r\u00e9union du 20 septembre, a\u00a0publi\u00e9 le communiqu\u00e9 suivant : &nbsp; Les Libanais ont \u00e9t\u00e9 constern\u00e9s par l&rsquo;annonce \u00ab d&rsquo;une violation de la souverainet\u00e9 du Liban \u00bb par le Premier ministre, qui s&rsquo;est content\u00e9 de d\u00e9clarer \u00ab sa<\/p>\n","protected":false},"author":87,"featured_media":59477,"comment_status":"open","ping_status":"open","sticky":false,"template":"","format":"standard","meta":{"_uf_show_specific_survey":0,"_uf_disable_surveys":false,"footnotes":""},"categories":[37],"tags":[],"class_list":{"0":"post-59472","1":"post","2":"type-post","3":"status-publish","4":"format-standard","5":"has-post-thumbnail","7":"category-alaune-fr"},"aioseo_notices":[],"_links":{"self":[{"href":"https:\/\/middleeasttransparent.com\/fr\/wp-json\/wp\/v2\/posts\/59472","targetHints":{"allow":["GET"]}}],"collection":[{"href":"https:\/\/middleeasttransparent.com\/fr\/wp-json\/wp\/v2\/posts"}],"about":[{"href":"https:\/\/middleeasttransparent.com\/fr\/wp-json\/wp\/v2\/types\/post"}],"author":[{"embeddable":true,"href":"https:\/\/middleeasttransparent.com\/fr\/wp-json\/wp\/v2\/users\/87"}],"replies":[{"embeddable":true,"href":"https:\/\/middleeasttransparent.com\/fr\/wp-json\/wp\/v2\/comments?post=59472"}],"version-history":[{"count":0,"href":"https:\/\/middleeasttransparent.com\/fr\/wp-json\/wp\/v2\/posts\/59472\/revisions"}],"wp:featuredmedia":[{"embeddable":true,"href":"https:\/\/middleeasttransparent.com\/fr\/wp-json\/wp\/v2\/media\/59477"}],"wp:attachment":[{"href":"https:\/\/middleeasttransparent.com\/fr\/wp-json\/wp\/v2\/media?parent=59472"}],"wp:term":[{"taxonomy":"category","embeddable":true,"href":"https:\/\/middleeasttransparent.com\/fr\/wp-json\/wp\/v2\/categories?post=59472"},{"taxonomy":"post_tag","embeddable":true,"href":"https:\/\/middleeasttransparent.com\/fr\/wp-json\/wp\/v2\/tags?post=59472"}],"curies":[{"name":"wp","href":"https:\/\/api.w.org\/{rel}","templated":true}]}}