{"id":5942,"date":"2015-10-30T20:57:54","date_gmt":"2015-10-30T19:57:54","guid":{"rendered":"http:\/\/middleeasttransparent.com\/news\/?p=5942"},"modified":"2016-05-09T20:03:24","modified_gmt":"2016-05-09T19:03:24","slug":"5942-2","status":"publish","type":"post","link":"https:\/\/middleeasttransparent.com\/fr\/5942-2\/","title":{"rendered":"Syrie : Vienne bute sur l&rsquo;avenir de Bachar el-Assad"},"content":{"rendered":"<div class=\"fig-article-header\">\n<div class=\"fig-article-headline\">\n<p>Par <strong><a class=\"fig-anchor fig-picto-journaliste-haut\" href=\"http:\/\/www.lefigaro.fr\/international\/2015\/10\/30\/01003-20151030ARTFIG00321-syrie-vienne-bute-sur-l-avenir-de-bachar-el-assad.php#auteur\">Alain Barluet<\/a><\/strong><\/p>\n<\/div>\n<\/div>\n<div class=\"fig-main-col\">\n<p class=\"fig-chapo\">La r\u00e9union internationale dans la capitale autrichienne ce vendredi n&rsquo;a pas pu aboutir mais reprendra dans deux semaines. Les discussions achoppent sur le r\u00f4le du pr\u00e9sident syrien dans un \u00e9ventuel processus politique.<\/p>\n<div class=\"fig-article-body\">\n<p>Comme on s&rsquo;y attendait, la r\u00e9union multilat\u00e9rale sur la Syrie qui s&rsquo;est tenue vendredi dans un grand h\u00f4tel de Vienne n&rsquo;a pas permis d&rsquo;aboutir. Et comme on s&rsquo;y attendait, la pierre d&rsquo;achoppement de cette rencontre, \u00e0 laquelle participait pour la premi\u00e8re fois l&rsquo;Iran, a \u00e9t\u00e9 le r\u00f4le du pr\u00e9sident syrien <a href=\"http:\/\/www.lefigaro.fr\/international\/2015\/09\/29\/01003-20150929ARTFIG00321-le-sort-de-bachar-divise-les-ennemis-de-daech.php\" target=\"\">Bachar el-Assad<\/a> dans un processus politique toujours hypoth\u00e9tique \u00e0 ce stade.<\/p>\n<p>\u00abNous avons abord\u00e9 tous les sujets, m\u00eame les plus difficiles. Il y a des points de d\u00e9saccord, mais nous avons suffisamment avanc\u00e9 pour que nous nous retrouvions dans la m\u00eame configuration dans deux semaines\u00bb, a d\u00e9clar\u00e9 Laurent Fabius \u00e0 l&rsquo;issue des discussions qui ont dur\u00e9 huit heures. \u00abIl y a un certain nombre de points sur lesquels nous avons avanc\u00e9, en particulier sur le processus politique, sur la question du gouvernement de transition, sur les \u00e9lections, sur la Constitution future et sur d&rsquo;autres aspects encore\u00bb, a affirm\u00e9 M. Fabius.<\/p>\n<p>Washington, Paris, leurs alli\u00e9s occidentaux et arabes veulent n\u00e9gocier un \u00abcalendrier pr\u00e9cis\u00bb de d\u00e9part du pr\u00e9sident syrien. Celui-ci \u00abest le principal responsable du d\u00e9sastre syrien et donc il n&rsquo;est pas question qu&rsquo;il soit le futur de la Syrie\u00bb, a r\u00e9affirm\u00e9 le chef de la diplomatie fran\u00e7aise. <a href=\"http:\/\/www.lefigaro.fr\/international\/2015\/10\/23\/01003-20151023ARTFIG00342-syrie-moscou-pousse-ses-pions-diplomatiques-a-vienne.php\" target=\"\">Moscou <\/a>et T\u00e9h\u00e9ran insistent, de leur c\u00f4t\u00e9, pour que le pr\u00e9sident syrien joue un r\u00f4le dans la transition politique. \u00abUn r\u00e8glement politique sera difficile \u00e0 atteindre tant que les groupes extr\u00e9mistes et terroristes n&rsquo;auront pas \u00e9t\u00e9 durement frapp\u00e9s\u00bb, a \u00e9galement estim\u00e9 le porte-parole du Kremlin, Dmitri Peskov. La Russie, qui a lanc\u00e9 le 30\u00a0septembre une campagne de bombardements a\u00e9riens visant officiellement les groupes \u00abterroristes\u00bb, est accus\u00e9e de pilonner les rebelles syriens pour renforcer Bachar el-Assad.<\/p>\n<h2>Un tournant diplomatique<\/h2>\n<p>La semaine derni\u00e8re, un premier round de discussions \u00e0 Vienne entre ministres des Affaires \u00e9trang\u00e8res am\u00e9ricain, russe, saoudien et turc a permis de conclure \u00e0 la possibilit\u00e9 de discuter ensemble, malgr\u00e9 des divergences. Les quatre partenaires se sont de nouveau retrouv\u00e9s jeudi soir.<\/p>\n<p>Le lendemain matin, la r\u00e9union a \u00e9t\u00e9 \u00e9largie \u00e0 une vingtaine de diplomaties occidentales et du Moyen-Orient, avec notamment la pr\u00e9sence de repr\u00e9sentants chinois, libanais et \u00e9gyptiens, des ministres des Affaires \u00e9trang\u00e8res<a href=\"http:\/\/premium.lefigaro.fr\/international\/2015\/10\/29\/01003-20151029ARTFIG00276-marginalisee-la-france-a-peu-d-atouts-pour-revenir-dans-le-jeu.php\" target=\"\"> fran\u00e7ais<\/a>, britannique, Philip Hammond, allemand, Frank-Walter Steinmeier, ainsi que l&rsquo;Italienne Federica Mogherini, chef de la diplomatie europ\u00e9enne. Il n&rsquo;est pas question, \u00e0 ce stade, d&rsquo;une participation du gouvernement syrien ou de son opposition. En revanche, la pr\u00e9sence de l&rsquo;Iran, alli\u00e9 du r\u00e9gime de Damas, constitue un tournant diplomatique majeur. Cette participation est aussi un signe suppl\u00e9mentaire du retour de T\u00e9h\u00e9ran dans la communaut\u00e9 internationale quelques mois apr\u00e8s la signature d&rsquo;un accord sur son potentiel nucl\u00e9aire. \u00abIl est d\u00e9sormais temps d&rsquo;accorder \u00e0 l&rsquo;Iran une place \u00e0 la table\u00bb, a estim\u00e9 John Kerry, arriv\u00e9 jeudi soir \u00e0 Vienne et qui a rencontr\u00e9 s\u00e9par\u00e9ment ses homologues iranien, <a href=\"http:\/\/www.lefigaro.fr\/international\/2015\/07\/29\/01003-20150729ARTFIG00290-la-reconciliation-entre-la-france-et-l-iran-est-scellee.php\" target=\"\">Mohammad Javad Zarif<\/a>, et russe, Sergue\u00ef Lavrov.<\/p>\n<p><a href=\"http:\/\/www.lefigaro.fr\/international\/2015\/10\/30\/01003-20151030ARTFIG00321-syrie-vienne-bute-sur-l-avenir-de-bachar-el-assad.php\">Le Figaro<\/a><\/p>\n<\/div>\n<\/div>\n","protected":false},"excerpt":{"rendered":"<p>Par Alain Barluet La r\u00e9union internationale dans la capitale autrichienne ce vendredi n&rsquo;a pas pu aboutir mais reprendra dans deux semaines. Les discussions achoppent sur le r\u00f4le du pr\u00e9sident syrien dans un \u00e9ventuel processus politique. Comme on s&rsquo;y attendait, la r\u00e9union multilat\u00e9rale sur la Syrie qui s&rsquo;est tenue vendredi dans un grand h\u00f4tel de Vienne<\/p>\n","protected":false},"author":152,"featured_media":5943,"comment_status":"open","ping_status":"open","sticky":false,"template":"","format":"standard","meta":{"_uf_show_specific_survey":0,"_uf_disable_surveys":false,"footnotes":""},"categories":[22],"tags":[],"class_list":{"0":"post-5942","1":"post","2":"type-post","3":"status-publish","4":"format-standard","5":"has-post-thumbnail","7":"category-actualites-fr"},"aioseo_notices":[],"_links":{"self":[{"href":"https:\/\/middleeasttransparent.com\/fr\/wp-json\/wp\/v2\/posts\/5942","targetHints":{"allow":["GET"]}}],"collection":[{"href":"https:\/\/middleeasttransparent.com\/fr\/wp-json\/wp\/v2\/posts"}],"about":[{"href":"https:\/\/middleeasttransparent.com\/fr\/wp-json\/wp\/v2\/types\/post"}],"author":[{"embeddable":true,"href":"https:\/\/middleeasttransparent.com\/fr\/wp-json\/wp\/v2\/users\/152"}],"replies":[{"embeddable":true,"href":"https:\/\/middleeasttransparent.com\/fr\/wp-json\/wp\/v2\/comments?post=5942"}],"version-history":[{"count":0,"href":"https:\/\/middleeasttransparent.com\/fr\/wp-json\/wp\/v2\/posts\/5942\/revisions"}],"wp:featuredmedia":[{"embeddable":true,"href":"https:\/\/middleeasttransparent.com\/fr\/wp-json\/wp\/v2\/media\/5943"}],"wp:attachment":[{"href":"https:\/\/middleeasttransparent.com\/fr\/wp-json\/wp\/v2\/media?parent=5942"}],"wp:term":[{"taxonomy":"category","embeddable":true,"href":"https:\/\/middleeasttransparent.com\/fr\/wp-json\/wp\/v2\/categories?post=5942"},{"taxonomy":"post_tag","embeddable":true,"href":"https:\/\/middleeasttransparent.com\/fr\/wp-json\/wp\/v2\/tags?post=5942"}],"curies":[{"name":"wp","href":"https:\/\/api.w.org\/{rel}","templated":true}]}}