{"id":59306,"date":"2021-09-15T21:20:52","date_gmt":"2021-09-15T20:20:52","guid":{"rendered":"https:\/\/middleeasttransparent.com\/?p=59306"},"modified":"2021-09-15T22:44:20","modified_gmt":"2021-09-15T21:44:20","slug":"opposition-libanaise-le-gouvernement-mikati-impose-par-liran-la-france-complice","status":"publish","type":"post","link":"https:\/\/middleeasttransparent.com\/fr\/opposition-libanaise-le-gouvernement-mikati-impose-par-liran-la-france-complice\/","title":{"rendered":"Opposition libanaise :  Le gouvernement Mikati impos\u00e9 par l&rsquo;Iran,  la France complice"},"content":{"rendered":"<h3><span style=\"color: #666699;\">Dans un communiqu\u00e9 commentant la formation du nouveau gouvernement libanais, le front multiconfessionnel\u00a0 de l\u2019opposition\u00a0<strong>Likaa Saydet al-Jabal<\/strong>, \u00e9manation des forces historiques du 14 mars, a d\u00e9clar\u00e9 que \u00ab l\u2019occupation iranienne, avec le soutien de puissances \u00e9trang\u00e8res, la France en particulier, a impos\u00e9 au peuple libanais un gouvernement pr\u00e9sid\u00e9 par le Premier ministre Najib Mikati, un gouvernement qui assure la reproduction d\u2019une classe politique loyale aux int\u00e9r\u00eats de l\u2019Iran.<\/span><\/h3>\n<p>&nbsp;<\/p>\n<p style=\"font-weight: 400;\">Des partis locaux ont \u00e9galement contribu\u00e9 \u00e0 rendre cet accord possible, notamment le \u00ab\u00a0club\u00a0\u00bb de quatre anciens chefs de gouvernement et d\u2019autres forces politiques sous pr\u00e9texte de \u00ab\u00a0r\u00e9alisme politique et respect du rapport de force\u00a0\u00bb ignorant ainsi l\u2019insurrection des Libanais du 17 octobre 2019 et m\u00eame la d\u00e9clarant vaincue.<\/p>\n<p style=\"font-weight: 400;\"><strong>Ajoutant que :<\/strong><\/p>\n<p style=\"font-weight: 400;\">\u00ab\u00a0Alors que les Libanais attendent du nouveau gouvernement qu\u2019il trouve des solutions pour les sortir de leur situation catastrophique, ils sont conscients que le nouveau compromis consolidera l\u2019h\u00e9g\u00e9monie iranienne sur la prise de d\u00e9cision nationale. Les Libanais se sentent humili\u00e9s et opprim\u00e9s en regardant la majorit\u00e9 des politiciens s\u2019incliner devant le soi-disant \u00ab <b>axe de la r\u00e9sistance<\/b>\u00ab\u00a0, qui s\u2019\u00e9tend de Beyrouth \u00e0 Damas, Bagdad et le Y\u00e9men.<\/p>\n<p><span style=\"font-weight: 400;\"><strong>Au peuple libanais, le \u00ab\u00a0Likaa\u00a0\u00bb d\u00e9clare<\/strong> que \u00ab\u00a0le Liban est sous occupation iranienne. La lib\u00e9ration est fonction de notre unit\u00e9. Nous persisterons dans nos efforts pour rassembler les forces engag\u00e9es dans la cause nationale libanaise jusqu\u2019\u00e0 ce que le pays redevienne la patrie de tous et une nation arabe libre, souveraine et ind\u00e9pendante.\u00a0\u00bb<\/span><\/p>\n<h2 style=\"text-align: center;\">*<\/h2>\n<p><span style=\"text-decoration: underline;\">Version Italienne:<\/span><\/p>\n<p>&nbsp;<\/p>\n<h2 class=\"p1\" style=\"text-align: center;\"><b>Governo filoiraniano con la complicita della Francia<\/b><\/h2>\n<p>&nbsp;<\/p>\n<h3 class=\"p1\"><span style=\"color: #666699;\">In un comunicato \u201cLikaa Sayedat al-Jabal\u201d ha cosi commentato la formazione del nuovo governo libanese: \u201cL\u2019occupazione iraniana, con il sostegno di potenze straniere, in particolare la Francia, ha imposto ai libanesi un governo presieduto dal Primo Ministro Najib Mikati che assicura il perpetuarsi di una classe politica fedele agli interessi iraniani<\/span><\/h3>\n<p>&nbsp;<\/p>\n<p class=\"p3\">Anche forze locali hanno contribuito a rendere possibile questo deriva, a partire dal club dei quattro precedenti premier e altre forze politiche sotto l\u2019eterno pretesto del \u201crealismo politico e del rispetto dell\u2019equilibrio dei poteri\u201d, ignorando cos\u00ec l\u2019insurrezione popolare libanese del 17 ottobre 2019 e addirittura dichiarando in pratica la sua sconfitta.<span class=\"Apple-converted-space\">\u00a0<\/span><\/p>\n<p class=\"p3\">I libanesi, mentre attendono che il governo trovi le soluzioni per tirarli fuori da questa situazione catastrofica, sono consapevoli che il nuovo compromesso consolider\u00e0 l\u2019egemonia iraniana sul processo decisionale nazionale. I libanesi si sentono umiliati e oppressi mentre vedono il loro ceto politico inginocchiarsi davanti al cosiddetto fronte del rifiuto da Beirut a Damasco, e da Baghdad allo Yemen.<\/p>\n<p class=\"p3\">L\u2019associazione \u201c<strong>Likaa Sayedat al-Jabal<\/strong>\u201d (Madonna del Monte) avverte i libanesi che il loro Paese \u00e8 oramai sotto occupazione iraniana. E dichiara la sua volonta di proseguire ogni sforzo per unire tutte le forze fedeli alla causa nazionale fino a quando il nostro Paese torner\u00e0 ad essere libero, sovrano, e indipendente e facendo parte del momdo arabo.<span class=\"Apple-converted-space\">\u00a0<\/span><\/p>\n","protected":false},"excerpt":{"rendered":"<p>Dans un communiqu\u00e9 commentant la formation du nouveau gouvernement libanais, le front multiconfessionnel\u00a0 de l\u2019opposition\u00a0Likaa Saydet al-Jabal, \u00e9manation des forces historiques du 14 mars, a d\u00e9clar\u00e9 que \u00ab l\u2019occupation iranienne, avec le soutien de puissances \u00e9trang\u00e8res, la France en particulier, a impos\u00e9 au peuple libanais un gouvernement pr\u00e9sid\u00e9 par le Premier ministre Najib Mikati, un<\/p>\n","protected":false},"author":87,"featured_media":59311,"comment_status":"open","ping_status":"open","sticky":false,"template":"","format":"standard","meta":{"_uf_show_specific_survey":0,"_uf_disable_surveys":false,"footnotes":""},"categories":[37],"tags":[],"class_list":{"0":"post-59306","1":"post","2":"type-post","3":"status-publish","4":"format-standard","5":"has-post-thumbnail","7":"category-alaune-fr"},"aioseo_notices":[],"_links":{"self":[{"href":"https:\/\/middleeasttransparent.com\/fr\/wp-json\/wp\/v2\/posts\/59306","targetHints":{"allow":["GET"]}}],"collection":[{"href":"https:\/\/middleeasttransparent.com\/fr\/wp-json\/wp\/v2\/posts"}],"about":[{"href":"https:\/\/middleeasttransparent.com\/fr\/wp-json\/wp\/v2\/types\/post"}],"author":[{"embeddable":true,"href":"https:\/\/middleeasttransparent.com\/fr\/wp-json\/wp\/v2\/users\/87"}],"replies":[{"embeddable":true,"href":"https:\/\/middleeasttransparent.com\/fr\/wp-json\/wp\/v2\/comments?post=59306"}],"version-history":[{"count":0,"href":"https:\/\/middleeasttransparent.com\/fr\/wp-json\/wp\/v2\/posts\/59306\/revisions"}],"wp:featuredmedia":[{"embeddable":true,"href":"https:\/\/middleeasttransparent.com\/fr\/wp-json\/wp\/v2\/media\/59311"}],"wp:attachment":[{"href":"https:\/\/middleeasttransparent.com\/fr\/wp-json\/wp\/v2\/media?parent=59306"}],"wp:term":[{"taxonomy":"category","embeddable":true,"href":"https:\/\/middleeasttransparent.com\/fr\/wp-json\/wp\/v2\/categories?post=59306"},{"taxonomy":"post_tag","embeddable":true,"href":"https:\/\/middleeasttransparent.com\/fr\/wp-json\/wp\/v2\/tags?post=59306"}],"curies":[{"name":"wp","href":"https:\/\/api.w.org\/{rel}","templated":true}]}}