{"id":57586,"date":"2021-07-15T19:01:43","date_gmt":"2021-07-15T18:01:43","guid":{"rendered":"https:\/\/middleeasttransparent.com\/?p=57586"},"modified":"2021-07-15T19:01:43","modified_gmt":"2021-07-15T18:01:43","slug":"un-collectif-demande-une-evaluation-de-la-capacite-de-michel-aoun-a-gouverner","status":"publish","type":"post","link":"https:\/\/middleeasttransparent.com\/fr\/un-collectif-demande-une-evaluation-de-la-capacite-de-michel-aoun-a-gouverner\/","title":{"rendered":"Un collectif demande une \u00e9valuation de la capacit\u00e9 de Michel Aoun \u00e0 gouverner"},"content":{"rendered":"<p><em><span style=\"font-size: 14px;\">De nombreux internautes ont lanc\u00e9 le hashtag au nom des six activistes en signe de solidarit\u00e9.\u00a0<\/span><\/em><\/p>\n<p>&nbsp;<\/p>\n<div class=\"summary\">\n<h2><strong>Six activistes ont pr\u00e9sent\u00e9 lundi une requ\u00eate judiciaire pour que soit d\u00e9sign\u00e9e une commission d\u2019experts.<\/strong><\/h2>\n<p>&nbsp;<\/p>\n<\/div>\n<div class=\"article-info\">\n<p>\u00a0par <span style=\"color: #0000ff;\"><a style=\"color: #0000ff;\" href=\"https:\/\/www.lorientlejour.com\/author\/2644-claude-assaf\">Claude ASSAF<\/a><\/span><\/p>\n<\/div>\n<div class=\"main-column\">\n<div class=\"article-content\">\n<div class=\"text\" data-charcount=\"6870\">\n<div class=\"article_full_text\">\n<p>C\u2019est une d\u00e9marche in\u00e9dite et quelque peu insolite \u00e0 l\u2019\u00e9gard d\u2019un chef d\u2019\u00c9tat qu\u2019a entreprise lundi un groupe d\u2019activistes issus du mouvement de protestation du 17 octobre, membres du collectif TMT (Tajammoh mouwakabat al-thaoura). Isabelle Edd\u00e9, Nawal Meouchy, Hussein Ataya, Antoine Courban, Raymond Mitri et S\u00e9lim Mouzannar ont pr\u00e9sent\u00e9 une requ\u00eate judiciaire visant \u00e0 d\u00e9signer une commission d\u2019experts m\u00e9dicaux qui v\u00e9rifierait la capacit\u00e9 du pr\u00e9sident de la R\u00e9publique, Michel Aoun, \u00e0 occuper son poste.<\/p>\n<p>Dans leur demande aupr\u00e8s du Tribunal de premi\u00e8re instance du Mont-Liban statuant sur les questions de statut personnel, les requ\u00e9rants \u00e9voquent \u00ab\u00a0la difficult\u00e9 pour un homme de 86 ans de poursuivre sa mission \u00e0 la t\u00eate de l\u2019\u00c9tat dans les circonstances politiques, sociales, \u00e9conomiques et sanitaires exceptionnelles que traverse le pays\u00a0\u00bb. \u00ab\u00a0L\u2019\u00e2ge avanc\u00e9 du pr\u00e9sident de la R\u00e9publique l\u2019a contraint \u00e0 se faire entourer de conseillers et de proches pour l\u2019aider \u00e0 assumer ses responsabilit\u00e9s. Ceci donne l\u2019impression aux Libanais que les d\u00e9cisions du chef de l\u2019\u00c9tat ne repr\u00e9sentent plus l\u2019homme qu\u2019ils connaissent depuis plus de 36 ans en tant que commandant en chef de l\u2019arm\u00e9e, chef du gouvernement de transition, leader politique et chef de bloc parlementaire\u00a0\u00bb, peut-on lire dans le document.<\/p>\n<p>Sur la comp\u00e9tence du Tribunal de premi\u00e8re instance, les demandeurs soulignent qu\u2019elle est \u00e9dict\u00e9e par la loi (article 90 du code de proc\u00e9dure civile). En ce qui concerne leur qualit\u00e9 \u00e0 pr\u00e9senter le recours, ils affirment qu\u2019en tant que \u00ab\u00a0citoyens soumis aux lois et aux autorit\u00e9s constitutionnelles\u00a0\u00bb, ils sont dot\u00e9s d\u2019\u00ab\u00a0un int\u00e9r\u00eat l\u00e9gitime \u00e0 s\u2019enqu\u00e9rir de tout fait qui impacte la capacit\u00e9 de toute autorit\u00e9 constitutionnelle\u00a0\u00bb.<\/p>\n<p>Interrog\u00e9e par L\u2019Orient-Le Jour sur le fait que leur requ\u00eate vise le plus haut symbole de l\u2019\u00c9tat, alors qu\u2019il n\u2019est responsable que dans les cas de violation de la Constitution ou de haute trahison, Nawal Meouchy fait observer que le recours en question \u00ab\u00a0est une demande et non une plainte\u00a0\u00bb. \u00ab\u00a0D\u2019ailleurs, apr\u00e8s la double explosion au port de Beyrouth en ao\u00fbt 2020, plus personne n\u2019est intouchable, sauf les Libanais\u00a0\u00bb, lance-t-elle.<\/p>\n<p>\u00ab\u00a0Notre d\u00e9marche ne porte nullement atteinte au pr\u00e9sident de la R\u00e9publique, d\u2019autant que dans ces circonstances dramatiques, nous avons le droit de nous assurer qu\u2019il gouverne le pays de mani\u00e8re optimale\u00a0\u00bb, poursuit l\u2019activiste. \u00ab\u00a0Comme tout chef d\u2019\u00c9tat, il faut qu\u2019il soit pleinement capable, parce qu\u2019il a le destin d\u2019un pays entre les mains, mart\u00e8le la militante. Ayant pr\u00eat\u00e9 le serment de prot\u00e9ger la Constitution et la souverainet\u00e9 du pays, il doit prendre \u00e0 c\u0153ur l\u2019int\u00e9r\u00eat de la nation plut\u00f4t que celui d\u2019une faction.\u00a0\u00bb Mme Meouchy compare la situation dans laquelle se trouve M. Aoun avec celle d\u2019\u00ab\u00a0un p\u00e8re \u00e2g\u00e9 qui dilapide sa fortune ou vend ses biens \u00e0 son ennemi\u00a0\u00bb. \u00ab\u00a0Dans pareil cas, la loi permet \u00e0 sa famille de vouloir s\u2019assurer qu\u2019il est en pleine possession de ses moyens physiques et mentaux\u00a0\u00bb, soutient-elle.<\/p>\n<p>\u00c0 la question de savoir si la d\u00e9marche judiciaire a des chances d\u2019aboutir, Nawal Meouchy estime que le tribunal pourrait la rejeter, la classer sans suite ou m\u00eame se d\u00e9clarer incomp\u00e9tent. Mais, pour elle, l\u2019important est de \u00ab\u00a0marquer un point en faisant passer le message\u00a0\u00bb. \u00ab\u00a0Ce message est parvenu \u00e0 beaucoup de Libanais, dont ceux de la diaspora, qui nous ont m\u00eame demand\u00e9 d\u2019ajouter leurs noms \u00e0 notre requ\u00eate\u00a0\u00bb, indique-t-elle.<\/p>\n<p>Contact\u00e9 par L\u2019OLJ pour savoir quelle est la valeur juridique de la demande des six militants et quelle a \u00e9t\u00e9 la r\u00e9action de la pr\u00e9sidence face \u00e0 cette demande, un proche de Baabda a refus\u00e9 de commenter.<\/p>\n<p><b>Incomp\u00e9tence<\/b><\/p>\n<p>Un sp\u00e9cialiste de droit public d\u00e9clare sous couvert d\u2019anonymat que le tribunal de premi\u00e8re instance n\u2019est pas comp\u00e9tent en la mati\u00e8re. \u00ab\u00a0Il n\u2019existe pas au Liban de proc\u00e9dure visant \u00e0 destituer un chef d\u2019\u00c9tat en cas de d\u00e9ficience de ses facult\u00e9s\u00a0\u00bb, affirme-t-il, soulignant que \u00ab\u00a0les tribunaux civils ne peuvent s\u2019immiscer dans le fonctionnement du pouvoir ex\u00e9cutif, encore plus lorsqu\u2019il s\u2019agit d\u2019un pr\u00e9sident de la R\u00e9publique\u00a0\u00bb. Dans le cas d\u2019une d\u00e9ch\u00e9ance physique ou mentale pr\u00e9sum\u00e9e, seuls les organes constitutionnels ont le pouvoir d\u2019agir pour rem\u00e9dier \u00e0 la situation, affirme le juriste. Il cite, dans ce cadre, l\u2019article 62 de la Constitution qui attribue \u00e0 titre int\u00e9rimaire au Conseil des ministres les pouvoirs du chef de l\u2019\u00c9tat lorsque la pr\u00e9sidence de la R\u00e9publique devient vacante pour \u00ab\u00a0quelque raison que ce soit\u00a0\u00bb. De m\u00eame, l\u2019article 74 impose au Parlement de se r\u00e9unir de plein droit pour \u00e9lire un pr\u00e9sident en cas de vacance \u00ab\u00a0par d\u00e9c\u00e8s, d\u00e9mission ou pour toute autre cause\u00a0\u00bb. \u00ab\u00a0Quoi qu\u2019il en soit, abaisser le pr\u00e9sident en invoquant son incapacit\u00e9 n\u2019est pas dans nos traditions, parce que celui-ci incarne la magistrature supr\u00eame, une transcendance entour\u00e9e d\u2019une aura particuli\u00e8re\u00a0\u00bb, r\u00e9sume le juriste.<\/p>\n<p>Amal Abou Zeid, d\u00e9put\u00e9 aouniste, s\u2019insurge, pour sa part, contre les auteurs de la requ\u00eate, les qualifiant sur Twitter d\u2019\u00ab\u00a0arrogants\u00a0\u00bb. \u00ab\u00a0On porte atteinte \u00e0 la dignit\u00e9 du chef de l\u2019\u00c9tat en lui reprochant de ne pas assumer ses responsabilit\u00e9s, alors que l\u2019accord de Ta\u00ebf lui a \u00f4t\u00e9 de nombreux pouvoirs\u00a0\u00bb, d\u00e9plore-t-il interrog\u00e9 par L\u2019OLJ, estimant que \u00ab\u00a0m\u00eame si on change le pr\u00e9sident Aoun, rien ne changera\u00a0\u00bb. \u00ab\u00a0En d\u00e9pit du fait qu\u2019il ne soit pas jeune, il poursuit d\u2019ailleurs ses activit\u00e9s normalement\u00a0\u00bb, assure M. Abou Zeid.<\/p>\n<p>Une information avait circul\u00e9 mardi dans plusieurs m\u00e9dias, dont l\u2019Agence nationale d\u2019information, selon laquelle la procureure g\u00e9n\u00e9rale pr\u00e8s la cour d\u2019appel du Mont-Liban, Ghada Aoun, avait engag\u00e9 des poursuites contre Mmes Meouchy et Edd\u00e9 et MM. Ataya, Courban, Mitri et Mouzannar pour diffamation du chef de l\u2019\u00c9tat. Mais Mme Aoun l\u2019a r\u00e9fut\u00e9e le soir m\u00eame via L\u2019OLJ. Avant que l\u2019information ne soit d\u00e9mentie, de nombreux opposants au pouvoir avaient lanc\u00e9 sur les r\u00e9seaux sociaux des slogans au nom des six activistes \u00e0 l\u2019image du hashtag \u00ab\u00a0Je suis Charlie\u00a0\u00bb pour leur exprimer leur solidarit\u00e9. Selon Mme Meouchy, d\u2019\u00ab\u00a0innombrables\u00a0\u00bb avocats s\u2019\u00e9taient, en parall\u00e8le, port\u00e9s volontaires pour les d\u00e9fendre. \u00ab\u00a0Une poursuite \u00e0 notre encontre aurait \u00e9t\u00e9 une violation de la libert\u00e9 d\u2019expression et du droit d\u2019acc\u00e8s \u00e0 la justice\u00a0\u00bb, l\u00e2che-t-elle.<\/p>\n<\/div>\n<\/div>\n<\/div>\n<div class=\"advertisement mpu responsive\">\n<div data-id=\"MPU\" data-adunit=\"\/7229\/lorientlejour\/Article\" data-dimension=\"[300, 250]\" data-platform=\"Mobile\"><a href=\"https:\/\/www.lorientlejour.com\/article\/1268550\/un-collectif-demande-une-evaluation-de-la-capacite-de-michel-aoun-a-gouverner.html\">OLJ<\/a><\/div>\n<\/div>\n<\/div>\n","protected":false},"excerpt":{"rendered":"<p>De nombreux internautes ont lanc\u00e9 le hashtag au nom des six activistes en signe de solidarit\u00e9.\u00a0 &nbsp; Six activistes ont pr\u00e9sent\u00e9 lundi une requ\u00eate judiciaire pour que soit d\u00e9sign\u00e9e une commission d\u2019experts. &nbsp; \u00a0par Claude ASSAF C\u2019est une d\u00e9marche in\u00e9dite et quelque peu insolite \u00e0 l\u2019\u00e9gard d\u2019un chef d\u2019\u00c9tat qu\u2019a entreprise lundi un groupe d\u2019activistes<\/p>\n","protected":false},"author":48,"featured_media":57589,"comment_status":"open","ping_status":"open","sticky":false,"template":"","format":"standard","meta":{"_uf_show_specific_survey":0,"_uf_disable_surveys":false,"footnotes":""},"categories":[37],"tags":[],"class_list":{"0":"post-57586","1":"post","2":"type-post","3":"status-publish","4":"format-standard","5":"has-post-thumbnail","7":"category-alaune-fr"},"aioseo_notices":[],"_links":{"self":[{"href":"https:\/\/middleeasttransparent.com\/fr\/wp-json\/wp\/v2\/posts\/57586","targetHints":{"allow":["GET"]}}],"collection":[{"href":"https:\/\/middleeasttransparent.com\/fr\/wp-json\/wp\/v2\/posts"}],"about":[{"href":"https:\/\/middleeasttransparent.com\/fr\/wp-json\/wp\/v2\/types\/post"}],"author":[{"embeddable":true,"href":"https:\/\/middleeasttransparent.com\/fr\/wp-json\/wp\/v2\/users\/48"}],"replies":[{"embeddable":true,"href":"https:\/\/middleeasttransparent.com\/fr\/wp-json\/wp\/v2\/comments?post=57586"}],"version-history":[{"count":0,"href":"https:\/\/middleeasttransparent.com\/fr\/wp-json\/wp\/v2\/posts\/57586\/revisions"}],"wp:featuredmedia":[{"embeddable":true,"href":"https:\/\/middleeasttransparent.com\/fr\/wp-json\/wp\/v2\/media\/57589"}],"wp:attachment":[{"href":"https:\/\/middleeasttransparent.com\/fr\/wp-json\/wp\/v2\/media?parent=57586"}],"wp:term":[{"taxonomy":"category","embeddable":true,"href":"https:\/\/middleeasttransparent.com\/fr\/wp-json\/wp\/v2\/categories?post=57586"},{"taxonomy":"post_tag","embeddable":true,"href":"https:\/\/middleeasttransparent.com\/fr\/wp-json\/wp\/v2\/tags?post=57586"}],"curies":[{"name":"wp","href":"https:\/\/api.w.org\/{rel}","templated":true}]}}