{"id":55650,"date":"2021-04-18T19:44:18","date_gmt":"2021-04-18T18:44:18","guid":{"rendered":"https:\/\/middleeasttransparent.com\/?p=55650"},"modified":"2021-04-18T19:44:18","modified_gmt":"2021-04-18T18:44:18","slug":"une-justice-hors-la-loi","status":"publish","type":"post","link":"https:\/\/middleeasttransparent.com\/fr\/une-justice-hors-la-loi\/","title":{"rendered":"Une justice hors-la-loi"},"content":{"rendered":"<h3 class=\"p1\"><span style=\"color: #666699;\">\u00c9coutant la d\u00e9claration de Mme Marie-Claude Najm, ministre de la Justice, \u00e0 propos de la descente intempestive de Mme le Procureur G\u00e9n\u00e9ral du Mont-Liban, Ghada Aoun, dans les bureaux de la soci\u00e9t\u00e9 Mkattaf, je me suis rappel\u00e9 ce que disait Wittgenstein\u00a0: \u00ab\u00a0Ce qui ne peut \u00eatre dit, doit \u00eatre tu\u00a0\u00bb.<\/span><\/h3>\n<p>&nbsp;<\/p>\n<p class=\"p1\">L\u2019intention ici n\u2019est pas de d\u00e9fendre la soci\u00e9t\u00e9 Mkattaf face au Parquet. Que tous les corrompus et les corrupteurs re\u00e7oivent leur ch\u00e2timent. Cependant, il aurait mieux valu que le Professeur de droit, Marie-Claude Najm, s\u2019abstienne de donner l\u2019impression de r\u00e9duire l\u2019affaire Ghada Aoun \u00e0 un contentieux entre cette derni\u00e8re et son sup\u00e9rieur hi\u00e9rarchique Ghassan Oueidate, Procureur G\u00e9n\u00e9ral de la Cour de Cassation. En tant que ministre de la justice, elle se doit de veiller \u00e0 la coh\u00e9sion du corps rigoureusement hi\u00e9rarchis\u00e9 que constitue le Parquet et ses magistrats dits \u00ab\u00a0debout\u00a0\u00bb. C\u2019est pourquoi, il aurait \u00e9t\u00e9 plus judicieux qu\u2019elle ne laisse pas croire ne pas \u00eatre concern\u00e9e par une telle crise au sein de l\u2019institution du Parquet que pr\u00e9side le magistrat Oueidate.<span class=\"Apple-converted-space\">\u00a0<\/span><\/p>\n<p class=\"p1\">Si, pour une raison de force majeure, la ministre n\u2019est pas en mesure de veiller \u00e0 la coh\u00e9sion interne de la magistrature, il aurait \u00e9t\u00e9 pr\u00e9f\u00e9rable qu\u2019elle s\u2019abstienne de toute d\u00e9claration tout en d\u00e9ployant tous les efforts possibles, mais discrets, afin d\u2019\u00e9viter que la Justice ne soit instrumentalis\u00e9e au service du crime.<\/p>\n<p class=\"p1\">Ici, le vocable \u00ab\u00a0crime\u00a0\u00bb renvoie au non-respect de l\u2019ind\u00e9pendance du pouvoir judiciaire tant par le pouvoir ex\u00e9cutif lui-m\u00eame que par les forces politiques qui ont fait main basse sur l\u2019\u00c9tat et les ressources du pays gr\u00e2ce \u00e0 la collusion d\u2019une milice arm\u00e9e qui prot\u00e8ge un r\u00e9seau du crime organis\u00e9 au sein de l\u2019establishment politique. Ce que nous avons vu et entendu, dans l\u2019affaire en question, ne peut se r\u00e9sumer \u00e0 une bagarre entre deux \u00e9l\u00e8ves r\u00e9calcitrants, Ghada et Ghassan. La ministre de la Justice, \u00e9minent professeur de droit, aurait d\u00fb prot\u00e9ger sa propre image de marque ainsi que celle de cette justice qui est l\u2019objet m\u00eame de son enseignement acad\u00e9mique de qualit\u00e9.<span class=\"Apple-converted-space\">\u00a0<\/span><\/p>\n<p class=\"p1\"><strong>Aujourd\u2019hui, l\u2019\u00c9tat de droit n\u2019est plus au Liban<\/strong>. Il a \u00e9t\u00e9 assassin\u00e9 par ceux qui ont la charge de veiller sur le respect de la Loi. La situation est plus que grave. Elle est d\u00e9sesp\u00e9r\u00e9e. Chaque citoyen est en danger. Ses droits fondamentaux risquent, \u00e0 tout moment, d\u2019\u00eatre viol\u00e9s par la magistrature elle-m\u00eame, emport\u00e9e par la crise de manie furieuse du populisme vulgaire et pl\u00e9b\u00e9ien. \u00ab\u00a0<i>Berytus Nutrix Legum<\/i> \u00bb, cette \u00ab Beyrouth-Nourrici\u00e8re-des-Lois \u00bb est aujourd\u2019hui r\u00e9duite \u00e0 \u00eatre une copie fan\u00e9e de la contre-justice, une justice hors-la-loi \u00e0 l\u2019image de celle pratiqu\u00e9e en Chine sous la dictature de la \u00ab bande des quatre \u00bb.<strong> L\u2019histoire n\u2019a pas oubli\u00e9 l\u2019\u00e9pop\u00e9e de l\u2019imp\u00e9ratrice rouge, Jian Qing \u00e9pouse de Mao Zedong \u00e0 laquelle Madame le Procureur Ghada Aoun n\u2019a pas grand-chose \u00e0 envier.<\/strong><\/p>\n<p class=\"p1\">Un tel scandale de proc\u00e9dure pourra-t-il entra\u00eener un sursaut salutaire qui permettra l\u2019\u00e9mergence d\u2019un leadership capable de faire le grand m\u00e9nage\u00a0? Il est clair aujourd\u2019hui que toutes les voies constitutionnelles sont bloqu\u00e9es. Former un gouvernement de mission est utopique.<strong> Saad Hariri, le premier ministre d\u00e9sign\u00e9, n\u2019est pas l\u2019homme de la situation\u00a0;<\/strong> <strong>de m\u00eame que Mic<\/strong>hel Aoun, le pr\u00e9sident en exercice, devrait quitter ses fonctions sans plus tarder comme en 1990, ainsi que Nabih Berry. La guerre entre ces leaders a d\u00e9j\u00e0 co\u00fbt\u00e9 trop cher et profite uniquement au Hezbollah qui se frotte les mains en voyant ses \u00ab\u00a0oblig\u00e9s\u00a0\u00bb se cr\u00eaper le chignon. Cela lui permet de poursuivre tranquillement ses activit\u00e9s criminelles.<\/p>\n<p class=\"p1\"><strong>Une phase de transition est indispensable<\/strong>. Le Liban a besoin d\u2019une p\u00e9riode de convalescence, loin de toute lutte politicienne, afin de nettoyer toute la crasse accumul\u00e9e. <strong>Un pouvoir temporaire restreint devrait \u00eatre mis en place sous une ombrelle internationale<\/strong>. Une fois le grand m\u00e9nage termin\u00e9, on peut songer \u00e0 reprendre une vie publique normale. La phase de transition doit pouvoir consolider l\u2019autonomie souveraine du territoire national, gr\u00e2ce aux r\u00e9solutions de l\u2019ONU (1559-1680-1701), ainsi que de r\u00e9former les institutions, d\u2019implanter une vraie justice ind\u00e9pendante et surtout de mettre fin au f\u00e9odalisme tribal et barbare de la vie politique.<span class=\"Apple-converted-space\">\u00a0<\/span><\/p>\n<p class=\"p1\">En attendant d\u2019entreprendre un tel m\u00e9nage, le calvaire de la population libanaise se poursuivra. Nos enfants et petits enfants auront largement le temps de nous maudire, s\u2019il reste encore un Liban.<\/p>\n<p>acourban@gmail.com<\/p>\n","protected":false},"excerpt":{"rendered":"<p>\u00c9coutant la d\u00e9claration de Mme Marie-Claude Najm, ministre de la Justice, \u00e0 propos de la descente intempestive de Mme le Procureur G\u00e9n\u00e9ral du Mont-Liban, Ghada Aoun, dans les bureaux de la soci\u00e9t\u00e9 Mkattaf, je me suis rappel\u00e9 ce que disait Wittgenstein\u00a0: \u00ab\u00a0Ce qui ne peut \u00eatre dit, doit \u00eatre tu\u00a0\u00bb. &nbsp; L\u2019intention ici n\u2019est pas<\/p>\n","protected":false},"author":33,"featured_media":55654,"comment_status":"open","ping_status":"open","sticky":false,"template":"","format":"standard","meta":{"_uf_show_specific_survey":0,"_uf_disable_surveys":false,"footnotes":""},"categories":[37],"tags":[],"class_list":{"0":"post-55650","1":"post","2":"type-post","3":"status-publish","4":"format-standard","5":"has-post-thumbnail","7":"category-alaune-fr"},"aioseo_notices":[],"_links":{"self":[{"href":"https:\/\/middleeasttransparent.com\/fr\/wp-json\/wp\/v2\/posts\/55650","targetHints":{"allow":["GET"]}}],"collection":[{"href":"https:\/\/middleeasttransparent.com\/fr\/wp-json\/wp\/v2\/posts"}],"about":[{"href":"https:\/\/middleeasttransparent.com\/fr\/wp-json\/wp\/v2\/types\/post"}],"author":[{"embeddable":true,"href":"https:\/\/middleeasttransparent.com\/fr\/wp-json\/wp\/v2\/users\/33"}],"replies":[{"embeddable":true,"href":"https:\/\/middleeasttransparent.com\/fr\/wp-json\/wp\/v2\/comments?post=55650"}],"version-history":[{"count":0,"href":"https:\/\/middleeasttransparent.com\/fr\/wp-json\/wp\/v2\/posts\/55650\/revisions"}],"wp:featuredmedia":[{"embeddable":true,"href":"https:\/\/middleeasttransparent.com\/fr\/wp-json\/wp\/v2\/media\/55654"}],"wp:attachment":[{"href":"https:\/\/middleeasttransparent.com\/fr\/wp-json\/wp\/v2\/media?parent=55650"}],"wp:term":[{"taxonomy":"category","embeddable":true,"href":"https:\/\/middleeasttransparent.com\/fr\/wp-json\/wp\/v2\/categories?post=55650"},{"taxonomy":"post_tag","embeddable":true,"href":"https:\/\/middleeasttransparent.com\/fr\/wp-json\/wp\/v2\/tags?post=55650"}],"curies":[{"name":"wp","href":"https:\/\/api.w.org\/{rel}","templated":true}]}}