{"id":55552,"date":"2021-04-14T21:56:18","date_gmt":"2021-04-14T20:56:18","guid":{"rendered":"https:\/\/middleeasttransparent.com\/?p=55552"},"modified":"2021-04-14T21:56:18","modified_gmt":"2021-04-14T20:56:18","slug":"les-fossoyeurs-de-la-republique-islamo-gauchisme-lenquete-inedite","status":"publish","type":"post","link":"https:\/\/middleeasttransparent.com\/fr\/les-fossoyeurs-de-la-republique-islamo-gauchisme-lenquete-inedite\/","title":{"rendered":"Les fossoyeurs de la R\u00e9publique- Islamo-gauchisme : l&rsquo;enqu\u00eate in\u00e9dite"},"content":{"rendered":"<p class=\"p1\"><span class=\"Apple-converted-space\">\u00a0<\/span><\/p>\n<p class=\"p3\"><strong><span class=\"s2\">R\u00e9sum\u00e9 livre<\/span><span class=\"s3\">\u00a0:\u00a0<\/span><\/strong><\/p>\n<p class=\"p4\">Dans Les fossoyeurs de la R\u00e9publique, Mohamed Sifaoui l\u00e8ve le voile sur la pol\u00e9mique de ce d\u00e9but d&rsquo;ann\u00e9e en France :\u00a0 l&rsquo;islamo-gauchisme et ses adeptes.<\/p>\n<p class=\"p4\">Dans ce livre, le journaliste a enqu\u00eat\u00e9 deux ans durant sur qui, des m\u00e9dias aux universit\u00e9s en passant par le monde politique et associatif, pi\u00e9tinent depuis un demi-si\u00e8cle les valeurs de la R\u00e9publique au profit d&rsquo;une id\u00e9ologie totalitaire.<\/p>\n<p class=\"p4\">Marches contre l&rsquo;\u00ab islamophobie \u00bb en 2019, accusations non-fond\u00e9es envers l&rsquo;\u00c9tat \u00e0 la suite de la dissolution du CCIF, refus de soutenir le monde enseignant soumis \u00e0 la pression s\u00e9paratiste&#8230; Oui, l&rsquo;islamo-gauchisme existe et non, il n&rsquo;est pas une \u00ab injure rh\u00e9torique \u00bb que des intellectuels s&rsquo;envoient \u00e0 la figure pour disqualifier leurs contradicteurs. C&rsquo;est une r\u00e9alit\u00e9 politique et sociologique, v\u00e9ritable menace pour notre d\u00e9mocratie.<\/p>\n<p class=\"p4\">Dans cet essai, Mohamed Sifaoui revient sur l&rsquo;histoire de cette convergence entre l&rsquo;islamisme et le gauchisme qui s&rsquo;est affirm\u00e9e, en France, \u00e0 la fin des ann\u00e9es 1970. Il en explique les fondements id\u00e9ologiques et en d\u00e9cortique les diff\u00e9rents comportements et discours. Il cible, de mani\u00e8re m\u00e9thodique, les promoteurs de l&rsquo;islamo-gauchisme, et d\u00e9montre leur fonctionnement et leurs alliances, de ces \u00e9lus locaux qui, dans certains quartiers populaires, misent par cynisme et par calcul sur des associations islamistes, aux militants tels <strong>Mediapart<\/strong> ou <strong>les Indig\u00e8nes de la R\u00e9publique<\/strong> et leurs alli\u00e9s, en passant par <strong>La France insoumise<\/strong>.\u00a0 Ceux qui se r\u00e9clament sinc\u00e8rement de la gauche doivent ouvrir les yeux sur ces renoncements au mod\u00e8le r\u00e9publicain et la\u00efque qui trahissent les valeurs universelles pour se complaire dans des compromissions plus que douteuses.<\/p>\n<p class=\"p4\"><span class=\"s4\">Un livre essentiel de r\u00e9armement intellectuel.<\/span><\/p>\n<p>&nbsp;<\/p>\n<p class=\"p5\"><strong><span class=\"s1\">Biographie M. Sifaoui<\/span>\u00a0:\u00a0<\/strong><\/p>\n<p class=\"p6\">N\u00e9 en 1967 \u00e0\u00a0Kouba\u00a0en Alg\u00e9rie, Mohamed Sifaoui est un\u00a0journaliste,\u00a0\u00e9crivain\u00a0et\u00a0r\u00e9alisateur\u00a0franco-alg\u00e9rien.<\/p>\n<p class=\"p6\">Ses reportages concernent principalement des infiltrations dans les milieux islamistes\u00a0ou du\u00a0crime organis\u00e9. D\u00e9mocrate et la\u00efc convaincu, laur\u00e9at de plusieurs prix journalistiques, ses enqu\u00eates et ses d\u00e9clarations sur des sujets comme l\u2019islam politique, les crises du Moyen-Orient ou la situation politique en Alg\u00e9rie lui ont parfois valu des controverses avec quelques contradicteurs.<\/p>\n<p class=\"p6\">Menac\u00e9 de mort en Alg\u00e9rie et en France, il\u00a0vit sous protection polici\u00e8re depuis plusieurs ann\u00e9es<span class=\"s5\">.<\/span><\/p>\n","protected":false},"excerpt":{"rendered":"<p>\u00a0 R\u00e9sum\u00e9 livre\u00a0:\u00a0 Dans Les fossoyeurs de la R\u00e9publique, Mohamed Sifaoui l\u00e8ve le voile sur la pol\u00e9mique de ce d\u00e9but d&rsquo;ann\u00e9e en France :\u00a0 l&rsquo;islamo-gauchisme et ses adeptes. Dans ce livre, le journaliste a enqu\u00eat\u00e9 deux ans durant sur qui, des m\u00e9dias aux universit\u00e9s en passant par le monde politique et associatif, pi\u00e9tinent depuis un<\/p>\n","protected":false},"author":744,"featured_media":55554,"comment_status":"open","ping_status":"open","sticky":false,"template":"","format":"standard","meta":{"_uf_show_specific_survey":0,"_uf_disable_surveys":false,"footnotes":""},"categories":[37],"tags":[],"class_list":{"0":"post-55552","1":"post","2":"type-post","3":"status-publish","4":"format-standard","5":"has-post-thumbnail","7":"category-alaune-fr"},"aioseo_notices":[],"_links":{"self":[{"href":"https:\/\/middleeasttransparent.com\/fr\/wp-json\/wp\/v2\/posts\/55552","targetHints":{"allow":["GET"]}}],"collection":[{"href":"https:\/\/middleeasttransparent.com\/fr\/wp-json\/wp\/v2\/posts"}],"about":[{"href":"https:\/\/middleeasttransparent.com\/fr\/wp-json\/wp\/v2\/types\/post"}],"author":[{"embeddable":true,"href":"https:\/\/middleeasttransparent.com\/fr\/wp-json\/wp\/v2\/users\/744"}],"replies":[{"embeddable":true,"href":"https:\/\/middleeasttransparent.com\/fr\/wp-json\/wp\/v2\/comments?post=55552"}],"version-history":[{"count":0,"href":"https:\/\/middleeasttransparent.com\/fr\/wp-json\/wp\/v2\/posts\/55552\/revisions"}],"wp:featuredmedia":[{"embeddable":true,"href":"https:\/\/middleeasttransparent.com\/fr\/wp-json\/wp\/v2\/media\/55554"}],"wp:attachment":[{"href":"https:\/\/middleeasttransparent.com\/fr\/wp-json\/wp\/v2\/media?parent=55552"}],"wp:term":[{"taxonomy":"category","embeddable":true,"href":"https:\/\/middleeasttransparent.com\/fr\/wp-json\/wp\/v2\/categories?post=55552"},{"taxonomy":"post_tag","embeddable":true,"href":"https:\/\/middleeasttransparent.com\/fr\/wp-json\/wp\/v2\/tags?post=55552"}],"curies":[{"name":"wp","href":"https:\/\/api.w.org\/{rel}","templated":true}]}}