{"id":54674,"date":"2021-03-17T19:17:15","date_gmt":"2021-03-17T18:17:15","guid":{"rendered":"https:\/\/middleeasttransparent.com\/?p=54674"},"modified":"2021-03-17T19:17:15","modified_gmt":"2021-03-17T18:17:15","slug":"un-discours-de-cameleon","status":"publish","type":"post","link":"https:\/\/middleeasttransparent.com\/fr\/un-discours-de-cameleon\/","title":{"rendered":"Un discours de cam\u00e9l\u00e9on"},"content":{"rendered":"<h3><span style=\"color: #666699;\">La journ\u00e9e du 14 mars 2005 n\u2019a pas fini de faire parler d\u2019elle aux yeux des libanais.<\/span><\/h3>\n<p>&nbsp;<\/p>\n<p>L\u2019opinion publique a mis du temps pour r\u00e9aliser que l\u2019esprit m\u00eame de ce mouvement, annonciateur de celui du 17 octobre 2019, avait \u00e9t\u00e9 d\u00e9tourn\u00e9 au profit d\u2019une caste politique traditionnelle, clanique et gr\u00e9gaire, et de ses compromissions sordides visant \u00e0 se partager le butin du pouvoir conquis ou \u00e0 conqu\u00e9rir. D\u2019ann\u00e9e en ann\u00e9e, le titre 14-Mars \u00e9tait devenu synonyme d\u2019un simple slogan partisan et n\u2019exprimait plus la quintessence de l\u2019aspiration \u00e0 une identit\u00e9 nationale citoyenne digne d\u2019un pays que le monde entier admirait jadis, devenu aujourd\u2019hui un paria au milieu des nations \u00e0 cause de sa caste dirigeante, criminelle et mafieuse.<\/p>\n<p>Des faits, \u00e0 la gravit\u00e9 variable, illustrent cette descente aux enfers.<\/p>\n<p>Passons sur le d\u00e9ficit de l\u2019\u00e9lectricit\u00e9 inexistante au Liban mais qui a co\u00fbt\u00e9 plus de 40 milliards de dollars, alors que la Chine a pu fournir le courant \u00e0 toute sa population pour beaucoup moins que cela.<\/p>\n<p>Rappelons l\u2019explosion apocalyptique du 4 ao\u00fbt 2020 au port de Beyrouth, v\u00e9ritable crime d\u2019\u00c9tat dont la responsabilit\u00e9 incombe \u00e0 l\u2019appareil \u00e9tatique depuis le sommet de la pyramide, le chef de l\u2019\u00c9tat malheureusement couvert par l\u2019immunit\u00e9 p\u00e9nale. N\u2019oublions pas que le secteur \u00c9lectricit\u00e9 du Liban est la chasse gard\u00e9e du CPL, parti pr\u00e9sid\u00e9 par Monsieur Gebran Bassil, gendre du pr\u00e9sident Aoun et objet de sanctions am\u00e9ricaines s\u00e9v\u00e8res.<\/p>\n<p>Dimanche dernier, 14 mars 2021, le pr\u00e9sident du CPL d\u00e9livra une longue conf\u00e9rence dont on retiendra trois points principaux.<\/p>\n<p>L\u2019insistance de l\u2019int\u00e9ress\u00e9 \u00e0 se pr\u00e9senter comme incarnant le \u00ab v\u00e9ritable 14 mars \u00bb ; sa proclamation d\u2019adh\u00e9sion au \u00ab tahyid \u00bb ou \u00ab neutralisation \u00bb du Liban ; sans oublier sa profession de foi dans une identit\u00e9 probl\u00e9matique qu\u2019il appelle \u00ab <em>machriqiyya<\/em> \u00bb ou \u00ab levantinisme \u00bb.<\/p>\n<p>L\u2019\u00e9coutant, on ne pouvait pas ne pas \u00e9voquer le reptile appel\u00e9 cam\u00e9l\u00e9on qui a la capacit\u00e9 extraordinaire de changer de couleur en fonction de l\u2019environnement, tout en demeurant lui-m\u00eame. Nul ne peut s\u2019attendre \u00e0 ce qu\u2019une poule en chocolat ponde des \u0153ufs, l\u2019objet demeure du chocolat. Monsieur Bassil a un talent exceptionnel de cam\u00e9l\u00e9on dont les m\u00e9tamorphoses \u00e9taient jadis imput\u00e9es, par Th\u00e9ophraste, au fait que ses poumons emplissaient tout son corps et le gonflaient d\u00e9mesur\u00e9ment avec de l\u2019air.<\/p>\n<p>Actuellement on pense que ce ph\u00e9nom\u00e8ne est motiv\u00e9 par les besoins de communication et de camouflage de cette cr\u00e9ature. Le moins qu\u2019on puisse dire c\u2019est que l\u2019ego surdimensionn\u00e9 de Monsieur Bassil joue un r\u00f4le semblable au cam\u00e9l\u00e9on de Th\u00e9ophraste, ce qui lui permet de communiquer en se camouflant maladroitement.<\/p>\n<p><strong>Quel est ce 14 mars qu\u2019il affirme incarner ?<\/strong> Est-ce celui, lumineux, de 2005 qui vit le peuple libanais chasser ses amis syriens du Liban, ou serait-ce le funeste 14 mars 1989 o\u00f9 son beau-p\u00e8re inaugura les guerres destructrices dont le Liban ne s\u2019est pas encore relev\u00e9 ?<br \/>\nEn parlant de \u00ab tahyid \u00bb du Liban, certains ont pens\u00e9 que G. Bassil appuie la proposition du patriarche maronite r\u00e9clamant la neutralit\u00e9 (ou \u00ab <em>hiyad<\/em> \u00bb) du pays. Il n\u2019en est rien. \u00ab <em>Tahyid<\/em> \u00bb se traduit par \u00ab non-alignement \u00bb, ce qui rappelle le camp des non-align\u00e9s durant la guerre froide, tous amis et\/ou alli\u00e9s de l\u2019ex-URSS. Fidel Castro y si\u00e9geait aux c\u00f4t\u00e9s de Tito, Nasser, Nehru, Suharto etc. Le non-alignement est une simple position politique tactique alors que la neutralit\u00e9 est un choix strat\u00e9gique reconnu et respect\u00e9. Monsieur Bassil est invit\u00e9 \u00e0 revoir sa copie.<\/p>\n<p>Reste la fameuse identit\u00e9 \u00ab <em>machriqiyya<\/em> \u00bb ou \u00ab levantinisme \u00bb. Ce n\u2019est pas une identit\u00e9 nationale libanaise. Elle pourrait rappeler l\u2019id\u00e9ologie d\u2019Antoun Saad\u00e9 et de son \u00ab Parti Syrien National Social \u00bb qui fait de l\u2019identit\u00e9 \u00ab pan-syrianiste \u00bb un param\u00e8tre racial et non culturel. Monsieur Bassil lui-m\u00eame a souvent dissert\u00e9, en d\u00e9figurant la g\u00e9n\u00e9tique des populations, sur des g\u00e8nes ph\u00e9niciens suppos\u00e9s conf\u00e9rer \u00e0 leurs porteurs, non-arabes, un g\u00e9nie particulier dont celui de g\u00e9rer un \u00c9tat sans politique budg\u00e9taire.<\/p>\n<p><strong>Le sens ultime de la prestation de G. Bassil est limpide. Il s\u2019agit, encore et toujours, de l\u2019Alliance des Minorit\u00e9s<\/strong> au sein d\u2019un Levant regroupant des identit\u00e9s confessionnelles partageant l\u2019inimiti\u00e9 anti-arabe de la Perse (Alaouites, Chiites, Chr\u00e9tiens, Druzes etc.) au sein d\u2019une entit\u00e9 qui n\u2019a rien \u00e0 voir avec le Liban de 1920 mais avec un \u00ab M\u00e9ga-Liban \u00bb ou une \u00ab Syrie-Utile \u00bb domin\u00e9s par l\u2019Iran des Pasdaran.<\/p>\n<p><strong>Le discours de Monsieur Bassil s\u2019adressait sans doute au Hezbollah : \u00ab Je demeure votre homme et votre meilleure couverture pour la r\u00e9alisation de votre projet au Levant \u00bb.<\/strong><\/p>\n<p>acourban@gmail.com<\/p>\n<p>*Beyrouth<\/p>\n<p><a href=\"https:\/\/www.lorientlejour.com\/article\/1255591\/un-discours-de-cameleon.html\">OLJ<\/a><\/p>\n","protected":false},"excerpt":{"rendered":"<p>La journ\u00e9e du 14 mars 2005 n\u2019a pas fini de faire parler d\u2019elle aux yeux des libanais. &nbsp; L\u2019opinion publique a mis du temps pour r\u00e9aliser que l\u2019esprit m\u00eame de ce mouvement, annonciateur de celui du 17 octobre 2019, avait \u00e9t\u00e9 d\u00e9tourn\u00e9 au profit d\u2019une caste politique traditionnelle, clanique et gr\u00e9gaire, et de ses compromissions<\/p>\n","protected":false},"author":33,"featured_media":54679,"comment_status":"open","ping_status":"open","sticky":false,"template":"","format":"standard","meta":{"_uf_show_specific_survey":0,"_uf_disable_surveys":false,"footnotes":""},"categories":[37],"tags":[],"class_list":{"0":"post-54674","1":"post","2":"type-post","3":"status-publish","4":"format-standard","5":"has-post-thumbnail","7":"category-alaune-fr"},"aioseo_notices":[],"_links":{"self":[{"href":"https:\/\/middleeasttransparent.com\/fr\/wp-json\/wp\/v2\/posts\/54674","targetHints":{"allow":["GET"]}}],"collection":[{"href":"https:\/\/middleeasttransparent.com\/fr\/wp-json\/wp\/v2\/posts"}],"about":[{"href":"https:\/\/middleeasttransparent.com\/fr\/wp-json\/wp\/v2\/types\/post"}],"author":[{"embeddable":true,"href":"https:\/\/middleeasttransparent.com\/fr\/wp-json\/wp\/v2\/users\/33"}],"replies":[{"embeddable":true,"href":"https:\/\/middleeasttransparent.com\/fr\/wp-json\/wp\/v2\/comments?post=54674"}],"version-history":[{"count":0,"href":"https:\/\/middleeasttransparent.com\/fr\/wp-json\/wp\/v2\/posts\/54674\/revisions"}],"wp:featuredmedia":[{"embeddable":true,"href":"https:\/\/middleeasttransparent.com\/fr\/wp-json\/wp\/v2\/media\/54679"}],"wp:attachment":[{"href":"https:\/\/middleeasttransparent.com\/fr\/wp-json\/wp\/v2\/media?parent=54674"}],"wp:term":[{"taxonomy":"category","embeddable":true,"href":"https:\/\/middleeasttransparent.com\/fr\/wp-json\/wp\/v2\/categories?post=54674"},{"taxonomy":"post_tag","embeddable":true,"href":"https:\/\/middleeasttransparent.com\/fr\/wp-json\/wp\/v2\/tags?post=54674"}],"curies":[{"name":"wp","href":"https:\/\/api.w.org\/{rel}","templated":true}]}}