{"id":5373,"date":"2015-10-09T20:40:04","date_gmt":"2015-10-09T19:40:04","guid":{"rendered":"http:\/\/middleeasttransparent.com\/news\/?p=5373"},"modified":"2015-11-14T22:55:30","modified_gmt":"2015-11-14T21:55:30","slug":"printemps-tunisien-un-nobel-en-soutien-a-un-processus-fragile","status":"publish","type":"post","link":"https:\/\/middleeasttransparent.com\/fr\/printemps-tunisien-un-nobel-en-soutien-a-un-processus-fragile\/","title":{"rendered":"\u00ab Printemps tunisien \u00bb : un Nobel en soutien \u00e0 un processus fragile"},"content":{"rendered":"<div class=\"copy-paste-block\">\n<div id=\"habillagepub\">\n<div class=\"page-container\">\n<div class=\"page-content page-article\">\n<article>\n<h3 class=\"content-byline\" data-link-name=\"byline\" data-component=\"meta-byline\"><span style=\"color: #0000ff;\"><em>\u00ab\u00a0Fiert\u00e9\u00a0\u00bb<\/em>, <em>\u00ab\u00a0honneur\u00a0\u00bb<\/em>, <em>\u00ab\u00a0excellente nouvelle pour la <a class=\"lien_interne rub\" style=\"color: #0000ff;\" title=\"Toute l\u2019actualit\u00e9 Tunisie\" href=\"http:\/\/www.lemonde.fr\/tunisie\/\">Tunisie<\/a>\u00a0\u00bb<\/em>. Les formules revenaient dans tous les commentaires \u00e0 Tunis dans la matin\u00e9e du vendredi 9\u00a0octobre, quand la nouvelle s\u2019est r\u00e9pandue<a style=\"color: #0000ff;\" href=\"http:\/\/www.lemonde.fr\/prix-nobel\/article\/2015\/10\/09\/le-prix-nobel-de-la-paix-attribue-au-dialogue-national-tunisien_4786205_1772031.html\">\u00a0: le prix Nobel de la paix \u00e9tait accord\u00e9 au Quartet, cette plate-forme de dialogue issue de la soci\u00e9t\u00e9 civile qui avait \u00e9vit\u00e9 au pays de basculer dans le chaos deux ans et demi apr\u00e8s son \u00ab\u00a0printemps\u00a0\u00bb de 2011.<\/a><\/span><\/h3>\n<p class=\"content-byline\" data-link-name=\"byline\" data-component=\"meta-byline\"><strong>Par <a class=\"auteur\" href=\"http:\/\/www.lemonde.fr\/journaliste\/frederic-bobin\/\" target=\"_blank\">Fr\u00e9d\u00e9ric Bobin<\/a> (Tunis, correspondant)<\/strong><\/p>\n<div class=\"content-article-body contenu_article\">\n<p>Ainsi la Tunisie stabilisait-elle une transition d\u00e9mocratique qui semblait alors menac\u00e9e par la mont\u00e9e des violences salafistes et l\u2019exacerbation concomitante de l\u2019antagonisme entre le parti islamiste Ennahda \u2013 au <a class=\"lien_interne conjug\" title=\"Conjugaison du verbe pouvoir\" href=\"http:\/\/conjugaison.lemonde.fr\/conjugaison\/troisieme-groupe\/pouvoir\/\" target=\"_blank\">pouvoir<\/a> entre fin 2011 et d\u00e9but 2014 \u2013 et une opposition dite <em>\u00ab\u00a0moderniste\u00a0\u00bb<\/em> de plus en plus virulente. D\u00e9but 2014, \u00e0 la suite de l\u2019adoption d\u2019une Constitution progressiste et l\u2019investiture d\u2019un gouvernement <em>\u00ab\u00a0technocrate\u00a0\u00bb<\/em>, la transition tunisienne par\u00fbt <a class=\"lien_interne conjug\" title=\"Conjugaison du verbe reprendre\" href=\"http:\/\/conjugaison.lemonde.fr\/conjugaison\/troisieme-groupe\/reprendre\/\" target=\"_blank\">reprendre<\/a> son cours dans un <a class=\"lien_interne rub\" title=\"Toute l\u2019actualit\u00e9 climat\" href=\"http:\/\/www.lemonde.fr\/climat\/\">climat<\/a> relativement pacifi\u00e9. En r\u00e9alit\u00e9, de nouveaux p\u00e9rils obscurcissaient l\u2019horizon. La \u00ab\u00a0r\u00e9volution\u00a0\u00bb tunisienne demeure non seulement un processus inachev\u00e9, mais surtout une \u0153uvre fragile, menac\u00e9e de r\u00e9gressions de toute sorte.<\/p>\n<p>Les acquis de ce \u00ab\u00a0printemps\u00a0\u00bb de 2011, le seul qui ait surv\u00e9cu dans <a class=\"lien_interne rub\" title=\"Toute l\u2019actualit\u00e9 le monde\" href=\"http:\/\/www.lemonde.fr\/le-monde\/\">le monde<\/a> arabo-musulman, sont indiscutables. Une vie d\u00e9mocratique a bel et bien pris place, avec ses \u00e9lections, ses <a class=\"lien_interne rub\" title=\"Toute l\u2019actualit\u00e9 d\u00e9bats\" href=\"http:\/\/www.lemonde.fr\/afrique-debats\/\">d\u00e9bats<\/a> parlementaires, ses partis politiques battant les estrades, <a class=\"lien_interne bourse\" href=\"http:\/\/www.lemonde.fr\/bourse\/nyse-euronext-paris-equities\/ses\/\">ses<\/a> <a class=\"lien_interne rub\" title=\"Toute l\u2019actualit\u00e9 m\u00e9dias\" href=\"http:\/\/www.lemonde.fr\/actualite-medias\/\">m\u00e9dias<\/a> pugnaces bien que parfois brouillons, sa soci\u00e9t\u00e9 civile remuante, etc. Aussi imparfaites qu\u2019elles soient, ces libert\u00e9s conquises sont toujours ch\u00e9ries par la majorit\u00e9 des Tunisiens, m\u00eame si un courant d\u2019opinion n\u00e9oconservateur commence \u00e0 <a class=\"lien_interne conjug\" title=\"Conjugaison du verbe exprimer\" href=\"http:\/\/conjugaison.lemonde.fr\/conjugaison\/premier-groupe\/exprimer\/\" target=\"_blank\">exprimer<\/a> ouvertement sa nostalgie de l\u2019ancien r\u00e9gime du dictateur d\u00e9chu Zine Al-Abidine Ben Ali, o\u00f9 <em>\u00ab\u00a0il n\u2019y avait pas la pagaille comme maintenant\u00a0\u00bb<\/em>. Amira Yahyaoui, l\u2019une des figures de cette soci\u00e9t\u00e9 civile \u2013 elle a dirig\u00e9 jusqu\u2019au printemps l\u2019ONG Al-Bawsala (\u00ab\u00a0la boussole\u00a0\u00bb). qui milite pour la transparence d\u00e9mocratique \u2013 loue ces acquis en ces termes\u00a0: <em>\u00ab\u00a0Les citoyens n\u2019ont plus peur de leurs gouvernants, c\u2019est la conqu\u00eate la plus importante\u00a0\u00bb<\/em>.<\/p>\n<p>M\u00eame dans les zones d\u00e9laiss\u00e9es de la Tunisie de l\u2019int\u00e9rieur, l\u00e0 o\u00f9 fermentent d\u2019\u00e2pres ressentiments face aux promesses d\u00e9\u00e7ues de la R\u00e9volution en mati\u00e8re sociale et \u00e9conomique, un discours nuanc\u00e9 continue de <a class=\"lien_interne conjug\" title=\"Conjugaison du verbe pr\u00e9valoir\" href=\"http:\/\/conjugaison.lemonde.fr\/conjugaison\/troisieme-groupe\/pr%C3%A9valoir\/\" target=\"_blank\">pr\u00e9valoir<\/a>. Noumen Mhamdi, un des animateurs du mouvement des dipl\u00f4m\u00e9s ch\u00f4meurs de Kasserine, r\u00e9gion qui aux c\u00f4t\u00e9s de Sidi-Bouzid et Gafsa s\u2019est soulev\u00e9e \u00e0 l\u2019avant-garde de la r\u00e9volution, fin 2010-d\u00e9but 2011, exprime son d\u00e9senchantement devant un horizon <a class=\"lien_interne rub\" title=\"Toute l\u2019actualit\u00e9 social\" href=\"http:\/\/www.lemonde.fr\/social\/\">social<\/a> toujours aussi bouch\u00e9 (le taux de ch\u00f4mage des dipl\u00f4m\u00e9s est de 46,9\u00a0%)\u00a0: <em>\u00ab\u00a0Les jeunes sont d\u00e9sesp\u00e9r\u00e9s, ils ont perdu espoir dans l\u2019avenir\u00a0\u00bb<\/em>. Mais dans le m\u00eame temps, il se refuse \u00e0 <a class=\"lien_interne conjug\" title=\"Conjugaison du verbe jeter\" href=\"http:\/\/conjugaison.lemonde.fr\/conjugaison\/premier-groupe\/jeter\/\" target=\"_blank\">jeter<\/a> le b\u00e9b\u00e9 avec l\u2019eau du bain\u00a0: <em>\u00ab\u00a0Je ne suis pas un d\u00e9\u00e7u de la r\u00e9volution, car nous avons gagn\u00e9 la libert\u00e9 d\u2019expression. C\u2019est un exploit, c\u2019est un tr\u00e9sor\u00a0\u00bb<\/em>.<\/p>\n<p class=\"lire\"><strong>Lire aussi\u00a0: <a href=\"http:\/\/www.lemonde.fr\/proche-orient\/article\/2015\/10\/09\/la-revolution-tunisienne-une-exception-dans-le-chaos-des-printemps-arabes_4786553_3218.html\">La r\u00e9volution tunisienne, une exception dans le chaos des \u00ab\u00a0printemps arabes\u00a0\u00bb<\/a><\/strong><\/p>\n<h2 class=\"intertitre\">Gr\u00e8ves et mouvements sociaux<\/h2>\n<p>Les Tunisiens ont pourtant bien des raisons de se <a class=\"lien_interne conjug\" title=\"Conjugaison du verbe plaindre\" href=\"http:\/\/conjugaison.lemonde.fr\/conjugaison\/troisieme-groupe\/plaindre\/\" target=\"_blank\">plaindre<\/a> d\u2019une transition qui est loin d\u2019avoir r\u00e9pondu \u00e0 leurs attentes. L\u2019un des reproches les plus amers tient dans la stagnation \u00e9conomique et sociale. La croissance \u00e9conomique est en berne, elle n\u2019atteindra en\u00a02015 pas le 1\u00a0% officiellement escompt\u00e9. Dans ce <a class=\"lien_interne rub\" title=\"Toute l\u2019actualit\u00e9 contexte\" href=\"http:\/\/www.lemonde.fr\/contexte\/\">contexte<\/a>, l\u2019antagonisme entre le syndicat Union g\u00e9n\u00e9rale du travail tunisien (UGTT) et la f\u00e9d\u00e9ration patronale UTICA (Union tunisienne de l\u2019<a class=\"lien_interne rub\" title=\"Toute l\u2019actualit\u00e9 industrie\" href=\"http:\/\/www.lemonde.fr\/industrie\/\">industrie<\/a>, du commerce et de l\u2019artisanat) \u2013 ironiquement tous les deux laur\u00e9ats du Nobel \u2013 s\u2019aigrit autour de n\u00e9gociations salariales dans le secteur priv\u00e9. Des gr\u00e8ves et mouvements sociaux \u00e9clatent ici et l\u00e0, notamment dans le bassin minier traditionnellement rebelle de Gafsa, o\u00f9 le printemps a \u00e9t\u00e9 chaud. Pour <a class=\"lien_interne conjug\" title=\"Conjugaison du verbe ajouter\" href=\"http:\/\/conjugaison.lemonde.fr\/conjugaison\/premier-groupe\/ajouter\/\" target=\"_blank\">ajouter<\/a> \u00e0 la confusion, le gouvernement dirig\u00e9 par le parti Nidaa Tounes \u2013 \u00e9cartel\u00e9 entre son aile droite et son aile gauche \u2013 peine \u00e0 <a class=\"lien_interne conjug\" title=\"Conjugaison du verbe \u00e9laborer\" href=\"http:\/\/conjugaison.lemonde.fr\/conjugaison\/premier-groupe\/%C3%A9laborer\/\" target=\"_blank\">\u00e9laborer<\/a> un plan de r\u00e9formes \u00e9conomiques coh\u00e9rent, au grand dam de bailleurs comme le Fonds mon\u00e9taire <a class=\"lien_interne rub\" title=\"Toute l\u2019actualit\u00e9 international\" href=\"http:\/\/www.lemonde.fr\/international\/\">international<\/a> (FMI).<\/p>\n<p>Dans ce climat morose, deux p\u00e9rils ont \u00e9merg\u00e9 en\u00a02015. Le premier a \u00e9t\u00e9 l\u2019apparition d\u2019un terrorisme djihadiste r\u00e9solu \u00e0 <a class=\"lien_interne conjug\" title=\"Conjugaison du verbe frapper\" href=\"http:\/\/conjugaison.lemonde.fr\/conjugaison\/premier-groupe\/frapper\/\" target=\"_blank\">frapper<\/a> dans le sang l\u2019image internationale de la Tunisie, avec l\u2019objectif \u00e9vident de <a class=\"lien_interne conjug\" title=\"Conjugaison du verbe plonger\" href=\"http:\/\/conjugaison.lemonde.fr\/conjugaison\/premier-groupe\/plonger\/\" target=\"_blank\">plonger<\/a> le pays dans un chaos g\u00e9n\u00e9ral. Les attentats visant le Mus\u00e9e du Bardo \u00e0 Tunis (le 18\u00a0mars) puis un h\u00f4tel de Sousse (le 26\u00a0juin), qui ont caus\u00e9 la mort de 59\u00a0touristes \u00e9trangers, ont illustr\u00e9 cette nouvelle menace. L\u2019Etat tunisien, d\u00e9j\u00e0 confront\u00e9 au flottement de son appareil s\u00e9curitaire apr\u00e8s la r\u00e9volution, est apparu d\u2019autant plus d\u00e9pass\u00e9 par les \u00e9v\u00e9nements que les effets de contagion de la guerre dans la <a class=\"lien_interne rub\" title=\"Toute l\u2019actualit\u00e9 Libye\" href=\"http:\/\/www.lemonde.fr\/libye\/\">Libye<\/a> voisine ajoutaient \u00e0 son impuissance. Ces attentats sont survenus \u00e0 un moment o\u00f9 la mouvance djihadiste tunisienne \u00e9tait en pleine recomposition\u00a0: des cellules li\u00e9es \u00e0 la branche libyenne du groupe <a class=\"lien_interne rub\" title=\"Toute l\u2019actualit\u00e9 Etat islamique\" href=\"http:\/\/www.lemonde.fr\/etat-islamique\/\">Etat islamique<\/a> (EI) montaient en puissance dans un paysage jusque-l\u00e0 domin\u00e9 par le groupe Okba Ibn-Nafaa, \u00e9manation d\u2019<a class=\"lien_interne rub\" title=\"Toute l\u2019actualit\u00e9 Al-Qaida\" href=\"http:\/\/www.lemonde.fr\/al-qaida\/\">Al-Qaida<\/a> au Maghreb islamique (<a class=\"lien_interne rub\" title=\"Toute l\u2019actualit\u00e9 AQMI\" href=\"http:\/\/www.lemonde.fr\/aqmi\/\">AQMI<\/a>) op\u00e9rant \u00e0 <a class=\"lien_interne conjug\" title=\"Conjugaison du verbe partir\" href=\"http:\/\/conjugaison.lemonde.fr\/conjugaison\/troisieme-groupe\/partir\/\" target=\"_blank\">partir<\/a> de la fronti\u00e8re alg\u00e9rienne.<\/p>\n<figure class=\"illustration_haut\" data-toggle=\"popover\" data-target=\"this\"><a href=\"http:\/\/middleeasttransparent.com\/news\/fr\/printemps-tunisien-un-nobel-en-soutien-a-un-processus-fragile\/4786474_6_2162_a-sousse-sur-le-site-de-l-attentat-le-27-juin_f4504273dd175ab0bf79c9dd4ee685ae\/\" rel=\"attachment wp-att-5377\"><img fetchpriority=\"high\" decoding=\"async\" class=\"size-full wp-image-5377 aligncenter\" src=\"http:\/\/middleeasttransparent.com\/news\/wp-content\/uploads\/2015\/10\/4786474_6_2162_a-sousse-sur-le-site-de-l-attentat-le-27-juin_f4504273dd175ab0bf79c9dd4ee685ae.jpg\" alt=\"4786474_6_2162_a-sousse-sur-le-site-de-l-attentat-le-27-juin_f4504273dd175ab0bf79c9dd4ee685ae\" width=\"1536\" height=\"931\" srcset=\"https:\/\/middleeasttransparent.com\/wp-content\/uploads\/2015\/10\/4786474_6_2162_a-sousse-sur-le-site-de-l-attentat-le-27-juin_f4504273dd175ab0bf79c9dd4ee685ae.jpg 1536w, https:\/\/middleeasttransparent.com\/wp-content\/uploads\/2015\/10\/4786474_6_2162_a-sousse-sur-le-site-de-l-attentat-le-27-juin_f4504273dd175ab0bf79c9dd4ee685ae-600x364.jpg 600w, https:\/\/middleeasttransparent.com\/wp-content\/uploads\/2015\/10\/4786474_6_2162_a-sousse-sur-le-site-de-l-attentat-le-27-juin_f4504273dd175ab0bf79c9dd4ee685ae-1024x621.jpg 1024w\" sizes=\"(max-width: 1536px) 100vw, 1536px\" \/><\/a><\/figure>\n<p>Le second p\u00e9ril qui menace les acquis du \u00ab\u00a0printemps\u00a0\u00bb de 2011 tient pr\u00e9cis\u00e9ment \u00e0 la r\u00e9ponse s\u00e9curitaire de l\u2019Etat \u00e0 ce d\u00e9fi djihadiste. S\u2019appuyant sur une opinion tunisienne tent\u00e9e par des m\u00e9thodes \u00e0 poigne, le gouvernement a inspir\u00e9 une s\u00e9rie de projets de loi d\u00e9nonc\u00e9s comme <em>\u00ab\u00a0liberticides\u00a0\u00bb<\/em> par les organisations des droits de l\u2019homme. Certains ont \u00e9t\u00e9 abandonn\u00e9s devant la controverse, d\u2019autres ont \u00e9t\u00e9 adopt\u00e9s par l\u2019Assembl\u00e9e, tel le <a class=\"lien_interne rub\" title=\"Toute l\u2019actualit\u00e9 projet\" href=\"http:\/\/www.lemonde.fr\/projet\/\">projet<\/a> de loi <em>\u00ab\u00a0antiterroriste\u00a0\u00bb<\/em> vot\u00e9 en juillet.<\/p>\n<div class=\"grid_4 encart_retrait_gauche\" style=\"text-align: center;\"><strong><span class=\"accroche\">\u00ab\u00a0Cela est bon pour le moral des Tunisiens apr\u00e8s cette ann\u00e9e pass\u00e9e dans la grisaille\u00a0\u00bb<\/span><\/strong><\/div>\n<p>A ce nouvel arsenal l\u00e9gislatif s\u2019est ajout\u00e9 la proclamation de l\u2019\u00e9tat d\u2019urgence le 4\u00a0juillet apr\u00e8s l\u2019attentat de Sousse, un dispositif d\u2019exception qui a permis \u00e0 la <a class=\"lien_interne rub\" title=\"Toute l\u2019actualit\u00e9 police\" href=\"http:\/\/www.lemonde.fr\/police\/\">police<\/a> de <a class=\"lien_interne conjug\" title=\"Conjugaison du verbe limiter\" href=\"http:\/\/conjugaison.lemonde.fr\/conjugaison\/premier-groupe\/limiter\/\" target=\"_blank\">limiter<\/a> dans certaines circonstances la libert\u00e9 de manifestation. Certes, cet \u00e9tat d\u2019urgence a \u00e9t\u00e9 lev\u00e9 d\u00e9but octobre, mais l\u2019\u00e9pisode a laiss\u00e9 un go\u00fbt amer aux militants des droits de l\u2019homme. Le sentiment pr\u00e9vaut dans certains milieux que des segments de l\u2019Etat li\u00e9s \u00e0 l\u2019ancien r\u00e9gime mettent \u00e0 profit la crispation s\u00e9curitaire ambiante pour reprendre des positions perdues apr\u00e8s la R\u00e9volution. <em>\u00ab\u00a0L\u2019Etat profond est de nouveau \u00e0 la man<\/em>\u0153<em>uvre\u00a0\u00bb<\/em> d\u00e9nonce ainsi Sihem Bensedrine, la pr\u00e9sidente de l\u2019Instance v\u00e9rit\u00e9 et dignit\u00e9 (IVD) dont le mandat de <a class=\"lien_interne conjug\" title=\"Conjugaison du verbe mettre\" href=\"http:\/\/conjugaison.lemonde.fr\/conjugaison\/troisieme-groupe\/mettre\/\" target=\"_blank\">mettre<\/a> en \u0153uvre la <em>\u00ab\u00a0<a class=\"lien_interne rub\" title=\"Toute l\u2019actualit\u00e9 justice\" href=\"http:\/\/www.lemonde.fr\/justice\/\">justice<\/a> transitionnelle\u00a0\u00bb<\/em> rencontre bien des obstacles politico-administatifs. Ainsi, Amna Guellali, repr\u00e9sentante de Human Rights Watch (HRW) \u00e0 Tunis, se f\u00e9licite-t-elle de ce <a class=\"lien_interne rub\" title=\"Toute l\u2019actualit\u00e9 prix Nobel\" href=\"http:\/\/www.lemonde.fr\/prix-nobel\/\">prix Nobel<\/a>, mais \u00e0 la lumi\u00e8re de la menace diffuse planant sur les acquis de la r\u00e9volution\u00a0: <em>\u00ab\u00a0Ce prix Nobel rend hommage au r\u00f4le de la soci\u00e9t\u00e9 civile tunisienne dans le maintien de la paix au plus fort de la crise de 2013. C\u2019est important \u00e0 un moment o\u00f9 cette m\u00eame soci\u00e9t\u00e9 civile est de plus en plus attaqu\u00e9e par des d\u00e9rives s\u00e9curitaires\u00a0\u00bb<\/em>.<\/p>\n<p>Reste que ce prix Nobel r\u00e9veille un vif espoir en Tunisie. Nombreux sont ceux qui y voient une r\u00e9habilitation d\u2019une trajectoire historique unique en passe de <a class=\"lien_interne conjug\" title=\"Conjugaison du verbe d\u00e9railler\" href=\"http:\/\/conjugaison.lemonde.fr\/conjugaison\/premier-groupe\/d%C3%A9railler\/\" target=\"_blank\">d\u00e9railler<\/a>, et donc un levier pour en <a class=\"lien_interne conjug\" title=\"Conjugaison du verbe redresser\" href=\"http:\/\/conjugaison.lemonde.fr\/conjugaison\/premier-groupe\/redresser\/\" target=\"_blank\">redresser<\/a> le cours. <em>\u00ab\u00a0Cela est bon pour le moral des Tunisiens apr\u00e8s cette ann\u00e9e pass\u00e9e dans la grisaille, <\/em>commente Mokhtar Trifi<em>,<\/em> le pr\u00e9sident d\u2019honneur de la Ligue tunisienne des droits de l\u2019homme. <em>Esp\u00e9rons que le <a class=\"lien_interne rub\" title=\"Toute l\u2019actualit\u00e9 monde\" href=\"http:\/\/www.lemonde.fr\/afrique-monde\/\">monde<\/a>, dont les projecteurs se braquent \u00e0 nouveau sur notre petit pays, va <a class=\"lien_interne conjug\" title=\"Conjugaison du verbe prendre\" href=\"http:\/\/conjugaison.lemonde.fr\/conjugaison\/troisieme-groupe\/prendre\/\" target=\"_blank\">prendre<\/a> conscience que nous avons aussi besoin de son <a class=\"lien_interne rub\" title=\"Toute l\u2019actualit\u00e9 aide\" href=\"http:\/\/www.lemonde.fr\/services-aux-internautes\/\">aide<\/a> pour <a class=\"lien_interne conjug\" title=\"Conjugaison du verbe poursuivre\" href=\"http:\/\/conjugaison.lemonde.fr\/conjugaison\/troisieme-groupe\/poursuivre\/\" target=\"_blank\">poursuivre<\/a> l\u2019<\/em>\u0153<em>uvre entam\u00e9e\u00a0\u00bb<\/em>.<\/p>\n<\/div>\n<\/article>\n<\/div>\n<\/div>\n<\/div>\n<p><a href=\"http:\/\/www.lemonde.fr\/afrique\/article\/2015\/10\/09\/le-printemps-tunisien-uvre-inachevee-et-fragile_4786475_3212.html#u1mKqhK01UDd0ATo.99\">Le Monde <\/a><\/p>\n<\/div>\n","protected":false},"excerpt":{"rendered":"<p>\u00ab\u00a0Fiert\u00e9\u00a0\u00bb, \u00ab\u00a0honneur\u00a0\u00bb, \u00ab\u00a0excellente nouvelle pour la Tunisie\u00a0\u00bb. Les formules revenaient dans tous les commentaires \u00e0 Tunis dans la matin\u00e9e du vendredi 9\u00a0octobre, quand la nouvelle s\u2019est r\u00e9pandue\u00a0: le prix Nobel de la paix \u00e9tait accord\u00e9 au Quartet, cette plate-forme de dialogue issue de la soci\u00e9t\u00e9 civile qui avait \u00e9vit\u00e9 au pays de basculer dans le<\/p>\n","protected":false},"author":134,"featured_media":5375,"comment_status":"open","ping_status":"open","sticky":false,"template":"","format":"standard","meta":{"_uf_show_specific_survey":0,"_uf_disable_surveys":false,"footnotes":""},"categories":[25],"tags":[],"class_list":{"0":"post-5373","1":"post","2":"type-post","3":"status-publish","4":"format-standard","5":"has-post-thumbnail","7":"category-decryptages"},"aioseo_notices":[],"_links":{"self":[{"href":"https:\/\/middleeasttransparent.com\/fr\/wp-json\/wp\/v2\/posts\/5373","targetHints":{"allow":["GET"]}}],"collection":[{"href":"https:\/\/middleeasttransparent.com\/fr\/wp-json\/wp\/v2\/posts"}],"about":[{"href":"https:\/\/middleeasttransparent.com\/fr\/wp-json\/wp\/v2\/types\/post"}],"author":[{"embeddable":true,"href":"https:\/\/middleeasttransparent.com\/fr\/wp-json\/wp\/v2\/users\/134"}],"replies":[{"embeddable":true,"href":"https:\/\/middleeasttransparent.com\/fr\/wp-json\/wp\/v2\/comments?post=5373"}],"version-history":[{"count":0,"href":"https:\/\/middleeasttransparent.com\/fr\/wp-json\/wp\/v2\/posts\/5373\/revisions"}],"wp:featuredmedia":[{"embeddable":true,"href":"https:\/\/middleeasttransparent.com\/fr\/wp-json\/wp\/v2\/media\/5375"}],"wp:attachment":[{"href":"https:\/\/middleeasttransparent.com\/fr\/wp-json\/wp\/v2\/media?parent=5373"}],"wp:term":[{"taxonomy":"category","embeddable":true,"href":"https:\/\/middleeasttransparent.com\/fr\/wp-json\/wp\/v2\/categories?post=5373"},{"taxonomy":"post_tag","embeddable":true,"href":"https:\/\/middleeasttransparent.com\/fr\/wp-json\/wp\/v2\/tags?post=5373"}],"curies":[{"name":"wp","href":"https:\/\/api.w.org\/{rel}","templated":true}]}}