{"id":5299,"date":"2015-10-06T16:22:30","date_gmt":"2015-10-06T15:22:30","guid":{"rendered":"http:\/\/middleeasttransparent.com\/news\/?p=5299"},"modified":"2015-10-06T16:22:30","modified_gmt":"2015-10-06T15:22:30","slug":"merkel-voilee-un-photomontage-fait-polemique-en-allemagne","status":"publish","type":"post","link":"https:\/\/middleeasttransparent.com\/fr\/merkel-voilee-un-photomontage-fait-polemique-en-allemagne\/","title":{"rendered":"Merkel voil\u00e9e : un photomontage fait pol\u00e9mique en Allemagne"},"content":{"rendered":"<h1 class=\"entry-title\"><\/h1>\n<div class=\"entry-content\">\n<p><a href=\"http:\/\/allemagne.blog.lemonde.fr\/files\/2015\/10\/merkel-voilee.jpg\"><img fetchpriority=\"high\" decoding=\"async\" class=\"size-full wp-image-3054\" src=\"http:\/\/allemagne.blog.lemonde.fr\/files\/2015\/10\/merkel-voilee.jpg\" alt=\"Capture d'\u00e9cran de l'\u00e9mission &quot;Bericht aus Berlin&quot;. ARD\" width=\"558\" height=\"283\" \/><\/a><\/p>\n<p>La s\u00e9quence n&rsquo;a dur\u00e9 que quelques secondes mais il n&rsquo;en a pas fallu davantage pour cr\u00e9er la pol\u00e9mique. Dimanche, en d\u00e9but de soir\u00e9e, la cha\u00eene publique ARD a consacr\u00e9 son magazine d&rsquo;information hebdomadaire \u00ab\u00a0Bericht aus Berlin\u00a0\u00bb aux r\u00e9fugi\u00e9s. Rien de plus normal. Mais, avant que les reportages ne soient lanc\u00e9s, appara\u00eet derri\u00e8re le pr\u00e9sentateur un <a href=\"http:\/\/www.faz.net\/aktuell\/feuilleton\/medien\/diskussion-um-fotomontage-ard-verhuellt-merkel-13841130.html\">photomontage<\/a> o\u00f9 l&rsquo;on voit une Angela Merkel voil\u00e9e devant le Bundestag entour\u00e9 de minarets. Pendant ce temps, le pr\u00e9sentateur pr\u00e9sente le sujet:<em> \u00ab\u00a0Parvenons-nous vraiment<\/em> [\u00e0 int\u00e9grer les r\u00e9fugi\u00e9s]<em> ou sommes-nous d\u00e9bord\u00e9s ? Et si nous y parvenons, comment faire avec \u00a0nos valeurs ? Oui, comment r\u00e9agissons-nous quand des r\u00e9fugi\u00e9s ont des probl\u00e8mes avec l&rsquo;\u00e9galit\u00e9 des droits, avec le droit des femmes, avec la libert\u00e9 de la presse et la libert\u00e9 d&rsquo;opinion ? Tout cela, ce sont des \u00a0questions pour lesquelles il n&rsquo;y a pas encore de r\u00e9ponse et qui pour cette raison g\u00e9n\u00e8rent de la peur\u00a0\u00bb.<\/em><\/p>\n<p>Il n&rsquo;en a pas fallu davantage pour que les t\u00e9lespectateurs se d\u00e9cha\u00eenent. La plupart des commentaires reprochent \u00e0 la cha\u00eene publique de jeter de l&rsquo;huile sur le feu et de faire le jeu de l&rsquo;extr\u00eame droite. D&rsquo;autres jugent le montage pr\u00e9monitoire.<\/p>\n<p><a href=\"http:\/\/allemagne.blog.lemonde.fr\/files\/2015\/10\/5129641_mutterangela_545x460_autocrop.jpg\"><img decoding=\"async\" class=\"alignleft size-medium wp-image-3055\" src=\"http:\/\/allemagne.blog.lemonde.fr\/files\/2015\/10\/5129641_mutterangela_545x460_autocrop-225x300.jpg\" alt=\"5129641_mutterangela_545x460_autocrop\" width=\"225\" height=\"300\" \/><\/a>La r\u00e9daction s&rsquo;est d\u00e9fendue en indiquant que ce montage ne faisait qu&rsquo;illustrer les questions de soci\u00e9t\u00e9 \u00e9voqu\u00e9es par le pr\u00e9sentateur et qu&rsquo;il n&rsquo;\u00e9tait aucunement dans l&rsquo;intention de donner des arguments aux islamophobes. Mais dans un pays o\u00f9 la pr\u00e9sentation des journaux t\u00e9l\u00e9vis\u00e9s et des magazines d&rsquo;actualit\u00e9 reste tr\u00e8s formelle et m\u00eame un brin compass\u00e9e, cette mise en sc\u00e8ne ne pouvait que susciter de nombreuses r\u00e9actions. Apr\u00e8s Merkel grim\u00e9e en Hitler \u00e0 la \u00ab\u00a0une\u00a0\u00bb de la presse grecque, puis Merkel en M\u00e8re Teresa en couverture du <em>Spiegel<\/em> en septembre, voil\u00e0 en tout cas une nouvelle caricature symptomatique des questions qui traversent actuellement la soci\u00e9t\u00e9 allemande.<\/p>\n<\/div>\n","protected":false},"excerpt":{"rendered":"<p>La s\u00e9quence n&rsquo;a dur\u00e9 que quelques secondes mais il n&rsquo;en a pas fallu davantage pour cr\u00e9er la pol\u00e9mique. Dimanche, en d\u00e9but de soir\u00e9e, la cha\u00eene publique ARD a consacr\u00e9 son magazine d&rsquo;information hebdomadaire \u00ab\u00a0Bericht aus Berlin\u00a0\u00bb aux r\u00e9fugi\u00e9s. Rien de plus normal. Mais, avant que les reportages ne soient lanc\u00e9s, appara\u00eet derri\u00e8re le pr\u00e9sentateur un<\/p>\n","protected":false},"author":1,"featured_media":5302,"comment_status":"open","ping_status":"open","sticky":false,"template":"","format":"standard","meta":{"_uf_show_specific_survey":0,"_uf_disable_surveys":false,"footnotes":""},"categories":[],"tags":[],"class_list":["post-5299","post","type-post","status-publish","format-standard","has-post-thumbnail"],"aioseo_notices":[],"_links":{"self":[{"href":"https:\/\/middleeasttransparent.com\/fr\/wp-json\/wp\/v2\/posts\/5299","targetHints":{"allow":["GET"]}}],"collection":[{"href":"https:\/\/middleeasttransparent.com\/fr\/wp-json\/wp\/v2\/posts"}],"about":[{"href":"https:\/\/middleeasttransparent.com\/fr\/wp-json\/wp\/v2\/types\/post"}],"author":[{"embeddable":true,"href":"https:\/\/middleeasttransparent.com\/fr\/wp-json\/wp\/v2\/users\/1"}],"replies":[{"embeddable":true,"href":"https:\/\/middleeasttransparent.com\/fr\/wp-json\/wp\/v2\/comments?post=5299"}],"version-history":[{"count":0,"href":"https:\/\/middleeasttransparent.com\/fr\/wp-json\/wp\/v2\/posts\/5299\/revisions"}],"wp:featuredmedia":[{"embeddable":true,"href":"https:\/\/middleeasttransparent.com\/fr\/wp-json\/wp\/v2\/media\/5302"}],"wp:attachment":[{"href":"https:\/\/middleeasttransparent.com\/fr\/wp-json\/wp\/v2\/media?parent=5299"}],"wp:term":[{"taxonomy":"category","embeddable":true,"href":"https:\/\/middleeasttransparent.com\/fr\/wp-json\/wp\/v2\/categories?post=5299"},{"taxonomy":"post_tag","embeddable":true,"href":"https:\/\/middleeasttransparent.com\/fr\/wp-json\/wp\/v2\/tags?post=5299"}],"curies":[{"name":"wp","href":"https:\/\/api.w.org\/{rel}","templated":true}]}}