{"id":52661,"date":"2020-12-23T22:58:03","date_gmt":"2020-12-23T21:58:03","guid":{"rendered":"https:\/\/middleeasttransparent.com\/?p=52661"},"modified":"2020-12-23T22:58:52","modified_gmt":"2020-12-23T21:58:52","slug":"le-noel-tragique-des-chretiens-dorient","status":"publish","type":"post","link":"https:\/\/middleeasttransparent.com\/fr\/le-noel-tragique-des-chretiens-dorient\/","title":{"rendered":"Le No\u00ebl tragique des chr\u00e9tiens d\u2019Orient"},"content":{"rendered":"<article class=\"fig-main\" data-layout-left-col=\"\" data-fgtcs-crosslinks=\"Contextuel\"><em>Les habitants du quartier de Gemmayzeh, \u00e0 Beyrouth ont l\u00e2ch\u00e9 des ballons en souvenir des victimes de l\u2019exploision du port lors d\u2019une c\u00e9r\u00e9monie, dimanche, autour des lumi\u00e8res de No\u00ebl.<\/em><\/p>\n<h3><\/h3>\n<h3><\/h3>\n<h3><\/h3>\n<h3 class=\"fig-standfirst\"><span style=\"color: #666699;\">R\u00c9CIT &#8211; Apr\u00e8s avoir fui l\u2019Irak et la Syrie, ravag\u00e9s par les guerres, les Libanais quittent aujourd\u2019hui leur pays en faillite, r\u00e9duisant d\u2019autant la pr\u00e9sence chr\u00e9tienne sur ces terres.<\/span><\/h3>\n<\/article>\n<article class=\"fig-main\" data-layout-left-col=\"\" data-fgtcs-crosslinks=\"Contextuel\">\n<figure class=\"fig-media fig-media--type-photo\"><figcaption class=\"fig-media__legend\"><\/figcaption><\/figure>\n<div class=\"fig-body\" data-component=\"fig-content-body\">\n<p class=\"fig-paragraph\">Menaces islamistes, violences persistantes, banqueroute financi\u00e8re: de Beyrouth \u00e0 Bagdad, en passant par Le Caire et Damas, les chr\u00e9tiens d\u2019Orient s\u2019appr\u00eatent \u00e0 vivre un No\u00ebl dans la crainte d\u2019un avenir toujours plus sombre pour les descendants de J\u00e9sus, de moins en moins nombreux \u00e0 s\u2019accrocher \u00e0 leurs terres levantines.<\/p>\n<p class=\"fig-paragraph\">\u00c0 Beyrouth, Sonia n\u2019a pas vraiment le c\u0153ur \u00e0 f\u00eater No\u00ebl. \u00ab<em>Tout a chang\u00e9 cette ann\u00e9e, nous ne sommes plus dans les c\u00e9l\u00e9brations mat\u00e9rielles, nous nous regroupons autour de la famille, nous sommes dans l\u2019essence m\u00eame de No\u00ebl, car il n\u2019y a plus rien \u00e0 f\u00eater dans le pays<\/em>\u00bb, ajoute cette avocate libanaise, jointe au t\u00e9l\u00e9phone. Son bureau a \u00e9t\u00e9 d\u00e9vast\u00e9 par\u00a0<a href=\"https:\/\/www.lefigaro.fr\/international\/l-affaire-du-port-de-beyrouth-se-corse-20201214\" data-fig-type=\"Article\" data-gtm-custom-categorie=\"navigation\" data-gtm-custom-action=\"crossclick\" data-gtm-custom-label=\"Contextuel\" data-gtm-event=\"customEventSPE\" data-fig-domain=\"LEFIGARO\">l\u2019explosion du port qui ravagea des quartiers entiers de la capitale<\/a>, causant la mort de 200 personnes, en ao\u00fbt dernier. \u00ab<em>Les autres ann\u00e9es<\/em>, se souvient-elle,\u00a0<em>on allait dans les pubs, les restaurants, on achetait davantage de cadeaux pour les enfants.<\/em>\u00bb<\/p>\n<p class=\"fig-paragraph\">Le Liban est plong\u00e9 dans la pire crise \u00e9conomique et financi\u00e8re de ces quarantes derni\u00e8res ann\u00e9es. De nombreux Libanais, chr\u00e9tiens en particulier, s\u2019exilent, tandis que la classe politique s\u2019agrippe \u00e0 son pouvoir pour refuser toute r\u00e9forme, indispensable \u00e0 la renaissance d\u2019un pays, au bord de la faillite. Certes, les d\u00e9corations de No\u00ebl fleurissent \u00e0 Beyrouth. Mais la capitale, d\u2019ordinaire festive, c\u00e9l\u00e8bre la naissance du Christ dans la douleur. Les familles ont bien confectionn\u00e9 un sapin, mais les plus pauvres n\u2019ont achet\u00e9 qu\u2019un arbre artificiel, tandis que d\u2019autres ont r\u00e9cup\u00e9r\u00e9 ceux d\u2019amis ou de voisins. \u00ab<em>On n\u2019a achet\u00e9 ni nouvelles guirlandes, ni boules suppl\u00e9mentaires<\/em>\u00bb, regrette Mitzi, une autre habitante de Beyrouth. Nourrir, payer son loyer devient souvent un tour de force. \u00ab<em>Le pays ne se maintient que gr\u00e2ce au tissu associatif, aux ONG, aux solidarit\u00e9s locales et au travail que font les \u00c9glises lorsque l\u2019\u00c9tat est absent<\/em>\u00bb, constate Vincent Gelot, responsable de l\u2019\u0152uvre d\u2019Orient au Liban. \u00ab<em>Si toute cette aide s\u2019arr\u00eate demain, le Liban s\u2019effondrera<\/em>, pr\u00e9vient-il.\u00a0<em>Heureusement, les communaut\u00e9s chr\u00e9tiennes font un travail remarquable et nous donnent de r\u00e9elles raisons d\u2019esp\u00e9rer.<\/em>\u00bb<\/p>\n<p class=\"fig-paragraph\">Sonia, qui vit seule, a donn\u00e9 de l\u2019argent, de la nourriture, et des m\u00e9dicaments aux \u00e9glises. \u00ab<em>Tous les particuliers qui ont encore un peu d\u2019argent l\u2019ont fait<\/em>, dit-elle.\u00a0<em>Les \u0153uvres humanitaires libanaises, m\u00eame non-chr\u00e9tiennes, ont redoubl\u00e9 d\u2019efforts pour aider les familles dans le besoin pour ce No\u00eb<\/em>l\u00bb, se f\u00e9licite cette maronite, issue de la communaut\u00e9 chr\u00e9tienne la plus importante du pays, qui en compte au total dix-sept, musulmans compris. Comme tant d\u2019autres, la famille de Mitzi a vu son niveau de vie d\u00e9visser en raison de l\u2019effondrement de la livre libanaise. M\u00eame l\u2019archev\u00each\u00e9 maronite panse ses plaies: trois de ses \u00e9glises sont \u00e0 refaire, dont la tr\u00e8s belle cath\u00e9drale Saint-Georges du centre-ville, construite en 1755 et dont le plafond, travaill\u00e9 \u00e0 la feuille d\u2019or, est une mini-r\u00e9plique de la basilique Saint-Pierre de Rome.<\/p>\n<p class=\"fig-paragraph\">Malgr\u00e9 son go\u00fbt amer, ce No\u00ebl reste une lueur dans la nuit. \u00ab<em>Bien s\u00fbr, le budget pour les cadeaux a \u00e9t\u00e9 r\u00e9duit<\/em>, reconna\u00eet Randa Farah, fondatrice du site Lebtivity.com,\u00a0<em>mais on a vu aussi de nombreux march\u00e9s de No\u00ebl organis\u00e9s par des ONG, comme celui en face du port, o\u00f9 chaque personne dans le besoin a pu venir chercher un plat chaud gratuitement<\/em>.\u00bb Comme si dans ce pays o\u00f9 l\u2019individualisme a longtemps \u00e9t\u00e9 la r\u00e8gle d\u2019or, une solidarit\u00e9 a germ\u00e9 pour att\u00e9nuer les effets de la crise. Ainsi, dans le camp de r\u00e9fugi\u00e9s palestiniens chr\u00e9tiens de Dbayeh, au nord de Beyrouth, les petites s\u0153urs de Nazareth s\u2019activent nuit et jour au service des familles marginalis\u00e9es. \u00ab<em>N\u2019abandonnons personne<\/em>\u00bb, insiste\u00a0<a href=\"https:\/\/etudiant.lefigaro.fr\/international\/vu-d-ailleurs\/detail\/article\/vincent-gelot-au-nom-des-chretiens-d-orient-8780\/\" data-fig-type=\"Article\" data-gtm-custom-categorie=\"navigation\" data-gtm-custom-action=\"crossclick\" data-gtm-custom-label=\"Contextuel\" data-gtm-event=\"customEventSPE\" data-fig-domain=\"ETUDIANT\">Vincent Gelot<\/a>.<\/p>\n<p class=\"fig-paragraph\">Le responsable de l\u2019\u0152uvre d\u2019Orient rentre de Syrie. \u00ab<em>La situation est pire que ce que je redoutais<\/em>, d\u00e9plore-t-il.\u00a0<em>La livre s\u2019est effondr\u00e9e. Le Covid-19 et les cons\u00e9quences tragiques de la guerre font des ravages. Dans la banlieue ouest d\u2019Alep, une \u00e9cole chr\u00e9tienne de la congr\u00e9gation latine du Rosaire a \u00e9t\u00e9 lib\u00e9r\u00e9e voil\u00e0 quelques semaines de groupes djihadistes qui l\u2019occupaient depuis 2012. L\u2019\u00e9tablissement, totalement bombard\u00e9, est en ruines. Nous devons reconstruire cette \u00e9cole, comme nous l\u2019avons fait pour les autres. Plus que jamais, les chr\u00e9tiens d\u2019Orient ont besoin de notre soutien<\/em>\u00bb, rappelle Vincent Gelot.<\/p>\n<h2 class=\"fig-body-heading\">Le chemin de l\u2019exil<\/h2>\n<p class=\"fig-paragraph\">Au fur et \u00e0 mesure que le Proche-Orient est secou\u00e9 par la violence et l\u2019instabilit\u00e9, les chr\u00e9tiens c\u00e8dent aux sir\u00e8nes de l\u2019\u00e9migration. <strong>Un million cinq cent mille chr\u00e9tiens en Irak avant l\u2019invasion am\u00e9ricaine de 2003 ; \u00e0 peine 300.000 aujourd\u2019hui<\/strong>. Dans ce pays de l\u2019ancienne M\u00e9sopotamie, que visitera le pape Fran\u00e7ois en mars, l\u2019\u00c9tat est sans le sou, la menace des djihadistes et la pression des milices chiites pro-iraniennes demeurent, tandis que la reconstruction des villes lib\u00e9r\u00e9es de Daech, il y a trois ans, n\u2019a pratiquement pas commenc\u00e9. Difficile dans ces conditions de r\u00e9sister \u00e0 l\u2019exil, m\u00eame si &#8211; et les chr\u00e9tiens d\u2019Orient le savent d\u2019exp\u00e9rience &#8211; l\u2019\u00e9migration est, souvent, un miroir aux alouettes.<\/p>\n<p class=\"fig-paragraph\"><strong>En Syrie<\/strong>, les chr\u00e9tiens ne repr\u00e9sentent plus qu\u2019entre 5 et 8% de la population. <strong>Quelque 600.000 d\u2019entre eux sont partis<\/strong> depuis le d\u00e9but de la r\u00e9volte\u00a0<a href=\"https:\/\/www.lefigaro.fr\/international\/bachar-el-assad-a-sauve-son-pouvoir-mais-regne-sur-un-champ-de-ruines-20201216\" data-fig-type=\"Article\" data-gtm-custom-categorie=\"navigation\" data-gtm-custom-action=\"crossclick\" data-gtm-custom-label=\"Contextuel\" data-gtm-event=\"customEventSPE\" data-fig-domain=\"LEFIGARO\">contre Bachar el-Assad<\/a>\u00a0en 2011. Comme Youssef et Hala qui ont fait une croix sur Damas, leur ville, dont ils sont partis, peu apr\u00e8s le commencement du soul\u00e8vement, pour se r\u00e9fugier \u00e0 Beyrouth, cette cit\u00e9 qu\u2019ils songent d\u00e9sormais \u00e0 quitter \u00e0 son tour faute d\u2019avenir. \u00ab<em>Revenir \u00e0 Damas? Impossible<\/em>, constate avec amertume Youssef, qui est aujourd\u2019hui \u00e0 la retraite ;\u00a0<em>beaucoup de nos amis sont partis ; nos deux enfants eux aussi ont pris le chemin de l\u2019exil, ils n\u2019avaient pas d\u2019avenir en Syrie.\u00bb<\/em><\/p>\n<p class=\"fig-paragraph\">Anis, leur vieil ami rest\u00e9 dans son quartier de la vieille ville de Damas, lui, s\u2019accroche. \u00ab<em>Au d\u00e9but de la r\u00e9volution, mes deux gar\u00e7ons sont partis \u00e9tudier \u00e0 l\u2019\u00e9tranger, ils ne veulent pas revenir<\/em>, d\u00e9clare ce commer\u00e7ant.\u00a0<em>Ils ont trouv\u00e9 du travail en Europe et dans le Golfe, tant mieux pour eux. Mais nous, nous devons rester, sinon il n\u2019y aura bient\u00f4t plus de chr\u00e9tiens en Syrie.\u00bb<\/em><\/p>\n<p class=\"fig-paragraph\">Au Liban, la crise actuelle fait craindre qu\u2019un nouvel exode n\u2019affaiblisse encore la communaut\u00e9 chr\u00e9tienne, grande perdante de ces quarante derni\u00e8res ann\u00e9es, face notamment aux chiites (30% environ de la population comme les chr\u00e9tiens), d\u00e9sireux de r\u00e9\u00e9quilibrer la balance du pouvoir politique, que se partagent les confessions.<\/p>\n<\/div>\n<\/article>\n<div class=\"fig-main-bottom\">\n<div class=\"fig-recommended\"><a href=\"https:\/\/www.lefigaro.fr\/international\/le-noel-tragique-des-chretiens-d-orient-20201223\">LE FIGARO<\/a><\/div>\n<\/div>\n","protected":false},"excerpt":{"rendered":"<p>Les habitants du quartier de Gemmayzeh, \u00e0 Beyrouth ont l\u00e2ch\u00e9 des ballons en souvenir des victimes de l\u2019exploision du port lors d\u2019une c\u00e9r\u00e9monie, dimanche, autour des lumi\u00e8res de No\u00ebl. R\u00c9CIT &#8211; Apr\u00e8s avoir fui l\u2019Irak et la Syrie, ravag\u00e9s par les guerres, les Libanais quittent aujourd\u2019hui leur pays en faillite, r\u00e9duisant d\u2019autant la pr\u00e9sence chr\u00e9tienne<\/p>\n","protected":false},"author":34,"featured_media":52663,"comment_status":"open","ping_status":"open","sticky":false,"template":"","format":"standard","meta":{"_uf_show_specific_survey":0,"_uf_disable_surveys":false,"footnotes":""},"categories":[37,22],"tags":[],"class_list":{"0":"post-52661","1":"post","2":"type-post","3":"status-publish","4":"format-standard","5":"has-post-thumbnail","7":"category-alaune-fr","8":"category-actualites-fr"},"aioseo_notices":[],"_links":{"self":[{"href":"https:\/\/middleeasttransparent.com\/fr\/wp-json\/wp\/v2\/posts\/52661","targetHints":{"allow":["GET"]}}],"collection":[{"href":"https:\/\/middleeasttransparent.com\/fr\/wp-json\/wp\/v2\/posts"}],"about":[{"href":"https:\/\/middleeasttransparent.com\/fr\/wp-json\/wp\/v2\/types\/post"}],"author":[{"embeddable":true,"href":"https:\/\/middleeasttransparent.com\/fr\/wp-json\/wp\/v2\/users\/34"}],"replies":[{"embeddable":true,"href":"https:\/\/middleeasttransparent.com\/fr\/wp-json\/wp\/v2\/comments?post=52661"}],"version-history":[{"count":0,"href":"https:\/\/middleeasttransparent.com\/fr\/wp-json\/wp\/v2\/posts\/52661\/revisions"}],"wp:featuredmedia":[{"embeddable":true,"href":"https:\/\/middleeasttransparent.com\/fr\/wp-json\/wp\/v2\/media\/52663"}],"wp:attachment":[{"href":"https:\/\/middleeasttransparent.com\/fr\/wp-json\/wp\/v2\/media?parent=52661"}],"wp:term":[{"taxonomy":"category","embeddable":true,"href":"https:\/\/middleeasttransparent.com\/fr\/wp-json\/wp\/v2\/categories?post=52661"},{"taxonomy":"post_tag","embeddable":true,"href":"https:\/\/middleeasttransparent.com\/fr\/wp-json\/wp\/v2\/tags?post=52661"}],"curies":[{"name":"wp","href":"https:\/\/api.w.org\/{rel}","templated":true}]}}