{"id":52607,"date":"2020-12-21T12:42:31","date_gmt":"2020-12-21T11:42:31","guid":{"rendered":"https:\/\/middleeasttransparent.com\/?p=52607"},"modified":"2020-12-21T12:42:31","modified_gmt":"2020-12-21T11:42:31","slug":"liban-le-navire-en-detresse","status":"publish","type":"post","link":"https:\/\/middleeasttransparent.com\/fr\/liban-le-navire-en-detresse\/","title":{"rendered":"Liban, le navire en d\u00e9tresse"},"content":{"rendered":"<h3><span style=\"color: #666699;\">Le ministre fran\u00e7ais Yves Le Drian a compar\u00e9 le Liban agonisant au \u00ab naufrage du Titanic mais sans l\u2019orchestre \u00bb. En ce triste No\u00ebl 2020, ce pays exsangue lance un cri de d\u00e9tresse du fond de l\u2019ab\u00eeme dans lequel une caste dirigeante criminelle, l\u2019a pr\u00e9cipit\u00e9.<\/span><\/h3>\n<p>&nbsp;<\/p>\n<p>Ce \u00ab non-Etat \u00bb n\u2019est plus qu\u2019une vague contr\u00e9e o\u00f9 vivent des \u00ab habitants \u00bb qui ont largement contribu\u00e9 \u00e0 leur propre malheur. Toute la vie publique est d\u00e9natur\u00e9e, tout y est d\u00e9tourn\u00e9 de sa finalit\u00e9 premi\u00e8re, \u00e0 savoir la recherche du bien commun. La justice elle-m\u00eame est instrumentalis\u00e9e au service du mal comme au temps du procureur Adnan Addoum sous le r\u00e9gime, de sinistre m\u00e9moire, d\u2019Emile Lahoud.. Aujourd\u2019hui, ce dernier fait figure d\u2019enfant de ch\u0153ur \u00e0 c\u00f4t\u00e9 de ce que la mafia en place est en train de faire avec l\u2019enqu\u00eate judiciaire sur la terrible explosion du 4 ao\u00fbt dernier qui a transform\u00e9 Beyrouth en champ de ruines. Nul n\u2019aurait pu imaginer, apr\u00e8s une telle trag\u00e9die, que le pouvoir judiciaire en serait r\u00e9duit \u00e0 devoir livrer un combat de vie ou de mort contre l\u2019Ex\u00e9cutif et le L\u00e9gislatif.<\/p>\n<p><strong>D\u2019o\u00f9 vient tant de mal ?<\/strong><\/p>\n<p><strong> Le Liban est certes un pays sous occupation iranienne, via la milice Hezbollah et un r\u00e9gime de type p\u00e9tainiste<\/strong>. L\u2019occupant semble s\u2019accommoder de tous les corrompus et de toutes les smalahs du crime organis\u00e9. La plan\u00e8te enti\u00e8re est intarissable sur le caract\u00e8re m\u00e9prisable de la caste politique libanaise, \u00e0 de rares exceptions pr\u00e8s. Tout ceci est vrai. Mais la \u00ab banalit\u00e9 du mal \u00bb qu\u2019\u00e9voque Hannah Arendt suffit-elle pour expliquer l\u2019interminable trag\u00e9die de la population ? Sur son lit de mort, le Liban semble donner raison \u00e0 Myriam Revault d\u2019Allones quand elle dit : \u00ab L\u2019art de gouverner est l&rsquo;art de tromper les hommes. L&rsquo;art d&rsquo;\u00eatre gouvern\u00e9 est celui d&rsquo;apprendre la soumission \u00bb. En vertu de cela, la politique ne saurait conna\u00eetre d&rsquo;autre imp\u00e9ratif que \u00ab tu dois vaincre co\u00fbte que co\u00fbte \u00bb. C&rsquo;est \u00e0 ce prix que l&rsquo;homme politique pense qu&rsquo;il peut r\u00e9ussir, c&rsquo;est-\u00e0-dire recevoir les ovations insens\u00e9es de la multitude. Les faits et gestes actuels du pr\u00e9sum\u00e9 dauphin Gebran Bassil, illustrent cela par le blocage syst\u00e9matique que son parti oppose \u00e0 la formation d\u2019un gouvernement par l\u2019h\u00e9ritier ch\u00e9tif de Rafik Hariri.<\/p>\n<p>Qu\u2019est-ce qui pousse la politique au Liban \u00e0 n\u2019\u00eatre qu\u2019une vulgaire caricature d\u2019une rationalit\u00e9 index\u00e9e sur le mal ? Certes, elle a pour champ de pr\u00e9dilection la conqu\u00eate du pouvoir, son exercice et son maintien au sein d&rsquo;un rapport d&rsquo;\u00e9quilibre des forces en comp\u00e9tition. Mais pourquoi est-ce irr\u00e9alisable au Liban de mani\u00e8re sereine ? Deux param\u00e8tres sont \u00e0 invoquer. D\u2019une part, un facteur culturel touchant la compr\u00e9hension de la \u00ab puissance publique \u00bb. D\u2019autre part, un facteur anthropologique portant sur la perception de soi comme parcelle d\u2019un groupe dot\u00e9 d\u2019un ego qui affirme : \u00ab je hais donc je suis \u00bb.<\/p>\n<p><strong>La trag\u00e9die libanaise r\u00e9v\u00e8le un trait h\u00e9rit\u00e9 de l\u2019\u00e8re ottomane : l\u2019incapacit\u00e9 de concevoir une quelconque s\u00e9paration des pouvoirs. Le Sultan est \u00ab tout \u00bb.<\/strong> La puissance publique n\u2019est pas vue comme dispositif articul\u00e9 o\u00f9 interagissent diverses polarit\u00e9s hi\u00e9rarchis\u00e9es en niveaux de souverainet\u00e9. Chacune d\u2019elles est un tout-singulier qui est \u00ab un en tout lieu et tout entier en chaque endroit \u00bb (Pascal). Au lieu de cela, la puissance publique est vue comme un tout global, un syst\u00e8me centr\u00e9 en un point disposant de la pl\u00e9nitude totalisante et indiff\u00e9renci\u00e9e du pouvoir. C\u2019est le lieu de la volont\u00e9 de puissance absolue. Le chef a autorit\u00e9 sur tous les aspects de la vie publique. On rappellera le sort r\u00e9serv\u00e9 au d\u00e9cret des permutations judiciaires ainsi qu\u2019au viol de la Constitution par l\u2019Ex\u00e9cutif libanais suppos\u00e9 en \u00eatre le gardien.<\/p>\n<p>L\u2019autre facteur est cette identit\u00e9 collective sectaire qui domine tout et s\u2019oppose au concept de citoyennet\u00e9 individuelle. Le r\u00e9gime libanais actuel en a fait son leitmotiv et son fonds de commerce. Les \u00ab droits des chiites \u00bb imposent que le portefeuille des finances soit confi\u00e9 \u00e0 un chiite. Quant aux \u00ab droits des chr\u00e9tiens \u00bb, ils imposent que soit d\u00e9stabilis\u00e9 voire humili\u00e9 le premier ministre sunnite. Le Pr\u00e9sident serait un avatar en miniature du Padichah de jadis auquel tout est soumis.<\/p>\n<p>Tout est pourri jusqu\u2019\u00e0 la moelle. Il serait d\u00e9mentiel d\u2019exiger de la mafia en place de scier la branche sur laquelle elle est assise.<\/p>\n<p><strong>Les seules forces l\u00e9gitimes et relativement saines qui demeurent encore fiables sont le Conseil Sup\u00e9rieur de la Magistrature et les Forces arm\u00e9es nationales.<\/strong><\/p>\n<p>acourban@gmail.com<\/p>\n<p><a href=\"https:\/\/www.lorientlejour.com\/article\/1245620\/liban-le-navire-en-detresse.html?fbclid=IwAR3fEny-2kl-P2dP4t9bR0sTwh5_xx9kPCt0gLGr33JJMOPJ3CQNV95u42o\">OLJ<\/a><\/p>\n","protected":false},"excerpt":{"rendered":"<p>Le ministre fran\u00e7ais Yves Le Drian a compar\u00e9 le Liban agonisant au \u00ab naufrage du Titanic mais sans l\u2019orchestre \u00bb. En ce triste No\u00ebl 2020, ce pays exsangue lance un cri de d\u00e9tresse du fond de l\u2019ab\u00eeme dans lequel une caste dirigeante criminelle, l\u2019a pr\u00e9cipit\u00e9. &nbsp; Ce \u00ab non-Etat \u00bb n\u2019est plus qu\u2019une vague contr\u00e9e<\/p>\n","protected":false},"author":33,"featured_media":52612,"comment_status":"open","ping_status":"open","sticky":false,"template":"","format":"standard","meta":{"_uf_show_specific_survey":0,"_uf_disable_surveys":false,"footnotes":""},"categories":[22],"tags":[],"class_list":{"0":"post-52607","1":"post","2":"type-post","3":"status-publish","4":"format-standard","5":"has-post-thumbnail","7":"category-actualites-fr"},"aioseo_notices":[],"_links":{"self":[{"href":"https:\/\/middleeasttransparent.com\/fr\/wp-json\/wp\/v2\/posts\/52607","targetHints":{"allow":["GET"]}}],"collection":[{"href":"https:\/\/middleeasttransparent.com\/fr\/wp-json\/wp\/v2\/posts"}],"about":[{"href":"https:\/\/middleeasttransparent.com\/fr\/wp-json\/wp\/v2\/types\/post"}],"author":[{"embeddable":true,"href":"https:\/\/middleeasttransparent.com\/fr\/wp-json\/wp\/v2\/users\/33"}],"replies":[{"embeddable":true,"href":"https:\/\/middleeasttransparent.com\/fr\/wp-json\/wp\/v2\/comments?post=52607"}],"version-history":[{"count":0,"href":"https:\/\/middleeasttransparent.com\/fr\/wp-json\/wp\/v2\/posts\/52607\/revisions"}],"wp:featuredmedia":[{"embeddable":true,"href":"https:\/\/middleeasttransparent.com\/fr\/wp-json\/wp\/v2\/media\/52612"}],"wp:attachment":[{"href":"https:\/\/middleeasttransparent.com\/fr\/wp-json\/wp\/v2\/media?parent=52607"}],"wp:term":[{"taxonomy":"category","embeddable":true,"href":"https:\/\/middleeasttransparent.com\/fr\/wp-json\/wp\/v2\/categories?post=52607"},{"taxonomy":"post_tag","embeddable":true,"href":"https:\/\/middleeasttransparent.com\/fr\/wp-json\/wp\/v2\/tags?post=52607"}],"curies":[{"name":"wp","href":"https:\/\/api.w.org\/{rel}","templated":true}]}}