{"id":52391,"date":"2020-12-14T00:35:17","date_gmt":"2020-12-13T23:35:17","guid":{"rendered":"https:\/\/middleeasttransparent.com\/?p=52391"},"modified":"2020-12-14T00:35:17","modified_gmt":"2020-12-13T23:35:17","slug":"jean-yves-le-drian-nous-avons-vecu-une-annee-terrible-mais-nous-avons-tenu","status":"publish","type":"post","link":"https:\/\/middleeasttransparent.com\/fr\/jean-yves-le-drian-nous-avons-vecu-une-annee-terrible-mais-nous-avons-tenu\/","title":{"rendered":"Jean-Yves Le Drian: \u00abNous avons v\u00e9cu une ann\u00e9e terrible mais nous avons tenu\u00bb"},"content":{"rendered":"<h2><strong>le Liban, c\u2019est le\u00a0<em>Titanic\u00a0<\/em>sans l\u2019orchestre. Les Libanais sombrent dans le d\u00e9ni total de leur situation et il n\u2019y a m\u00eame pas de musique\u2026<\/strong><\/h2>\n<p>&nbsp;<\/p>\n<h3><\/h3>\n<h3><\/h3>\n<h3 class=\"fig-standfirst\"><span style=\"color: #666699;\"><b>GRAND ENTRETIEN &#8211;<\/b> Pour le ministre des Affaires \u00e9trang\u00e8res, 2020 a vu converger toute une s\u00e9rie d\u2019\u00e9preuves \u00abqui ont \u00e9branl\u00e9 les fondements m\u00eames de l\u2019ordre multilat\u00e9ral et fragilis\u00e9 les valeurs de nos d\u00e9mocraties\u00bb.<\/span><\/h3>\n<p>&nbsp;<\/p>\n<div class=\"fig-body\" data-component=\"fig-content-body\">\n<p class=\"fig-paragraph\"><b>LE FIGARO.- Avez-vous connu pire ann\u00e9e que 2020 depuis que vous \u00eates ministre?<\/b><\/p>\n<p class=\"fig-paragraph\"><b>Jean-Yves LE DRIAN.-<\/b>Nous avons v\u00e9cu une ann\u00e9e terrible. Elle a commenc\u00e9 par une escalade de violence li\u00e9e \u00e0\u00a0<a href=\"https:\/\/www.lefigaro.fr\/international\/mort-de-soleimani-le-pari-tres-risque-de-donald-trump-20200103\" data-fig-type=\"Article\" data-gtm-custom-categorie=\"navigation\" data-gtm-custom-action=\"crossclick\" data-gtm-custom-label=\"Contextuel\" data-gtm-event=\"customEventSPE\" data-fig-domain=\"LEFIGARO\">l\u2019assassinat du g\u00e9n\u00e9ral iranien Soleimani<\/a>, qui aurait pu entra\u00eener des conflagrations dans cette partie du Moyen-Orient et mettre par terre l\u2019action entreprise contre Daech. Elle a continu\u00e9 par l\u2019accentuation de la brutalisation du monde, accompagn\u00e9e par la crise du Covid, y compris dans ses cons\u00e9quences \u00e9conomiques et sociales dans lesquelles nous sommes toujours. Ann\u00e9e terrible parce qu\u2019elle a vu la poursuite de la fuite en avant de l\u2019Administration Trump, qui a pouss\u00e9 jusqu\u2019au bout son id\u00e9ologie extr\u00e9miste et nationaliste, jusqu\u2019\u00e0 se retirer de l\u2019Organisation mondiale de la sant\u00e9 en pleine pand\u00e9mie.<\/p>\n<p class=\"fig-paragraph\">Ann\u00e9e terrible, parce que nous avons connu, nous la France, mais aussi l\u2019Europe, une campagne de haine et de violence, et subi des attaques terroristes. Parce que les crises se sont durcies, la derni\u00e8re \u00e9tant celle du Haut-Karabakh, une vraie guerre, dure, avec des moyens modernes, entre deux \u00c9tats. Parce que la Turquie a multipli\u00e9 les actes hostiles, mena\u00e7ant la s\u00e9curit\u00e9 de l\u2019ensemble m\u00e9diterran\u00e9en. <strong>Parce que des partenaires majeurs de la France ont subi des \u00e9preuves dramatiques, comme\u00a0<a href=\"https:\/\/www.lefigaro.fr\/international\/liban-l-initiative-francaise-dans-l-impasse-20201201\" data-fig-type=\"Article\" data-gtm-custom-categorie=\"navigation\" data-gtm-custom-action=\"crossclick\" data-gtm-custom-label=\"Contextuel\" data-gtm-event=\"customEventSPE\" data-fig-domain=\"LEFIGARO\">le Liban qui s\u2019enfonce dans la crise<\/a>.<\/strong> Ann\u00e9e terrible enfin parce que le Sahel a connu des perturbations politiques. Le tout sur fond de Brexit, qui en soi est une rupture majeure. Nous avons donc assist\u00e9 \u00e0 la convergence d\u2019\u00e9preuves qui ont \u00e9branl\u00e9 les fondements m\u00eames de l\u2019ordre multilat\u00e9ral et fragilis\u00e9 les valeurs de nos d\u00e9mocraties. \u00c0 plusieurs moments, avec cette s\u00e9rie de douches glaciales, on s\u2019est m\u00eame demand\u00e9 si le monde ne vacillait pas\u2026 Et pourtant on a tenu.<\/p>\n<\/div>\n<div class=\"fig-body\" data-component=\"fig-content-body\">\n<p class=\"fig-paragraph\"><b>Sommes-nous sortis de cette p\u00e9riode?<\/b><\/p>\n<p class=\"fig-paragraph\">En tout cas nous avons tenu! Nous avons r\u00e9ussi \u00e0 pr\u00e9server les fondamentaux. L\u2019Organisation mondiale de la sant\u00e9 a surv\u00e9cu et elle a accept\u00e9 de changer. L\u2019accord sur le nucl\u00e9aire iranien, le JCPOA, a \u00e9t\u00e9 pr\u00e9serv\u00e9, notamment gr\u00e2ce \u00e0 l\u2019action des Europ\u00e9ens, alors que des vents contraires auraient pu le faire dispara\u00eetre. Nous avons sauv\u00e9 l\u2019accord de Paris malgr\u00e9 le d\u00e9part des Am\u00e9ricains et aussi la coalition anti-Daech, alors que les \u00c9tats-Unis avaient \u00e0 plusieurs reprises annonc\u00e9 leur renoncement. Nous avons organis\u00e9 la prise en compte internationale de la crise du Sahel, avec notamment le lancement de la force \u00abTakouba\u00bb, regroupant les forces sp\u00e9ciales europ\u00e9ennes.<\/p>\n<p class=\"fig-paragraph\">Nous avons pr\u00e9serv\u00e9 l\u2019id\u00e9e et l\u2019unit\u00e9 europ\u00e9enne malgr\u00e9 le Brexit. L\u2019Europe notamment a montr\u00e9 cette ann\u00e9e sa capacit\u00e9 \u00e0 r\u00e9sister et prot\u00e9ger, et m\u00eame \u00e0 faire sauter nombre de tabous. Cette r\u00e9sistance fut le fruit d\u2019un effort diplomatique consid\u00e9rable, fait de patience et d\u2019obstination, jamais dans l\u2019esbroufe ni dans le court terme. Ces bases acquises, il nous faut \u00e0 pr\u00e9sent lancer la phase de refondation, notamment dans la perspective de la pr\u00e9sidence fran\u00e7aise de l\u2019Union en 2022.<\/p>\n<p class=\"fig-paragraph\"><b>Que pensez-vous du succ\u00e8s diplomatique de Donald Trump, qui orchestr\u00e9 la normalisation des relations entre Isra\u00ebl et les pays arabes?<\/b><\/p>\n<p class=\"fig-paragraph\">Nous approuvons tout ce qui contribue \u00e0 l\u2019apaisement dans cette partie du monde, et notamment la normalisation des relations entre Isra\u00ebl et ces pays. C\u2019est donc une bonne nouvelle. J\u2019observe toutefois que parall\u00e8lement \u00e0 la normalisation, le Maroc a rappel\u00e9 son attachement \u00e0 la relance des n\u00e9gociations dans le conflit du Proche-Orient et la n\u00e9cessit\u00e9 d\u2019une solution \u00e0 deux \u00c9tats. C\u2019est \u00e9galement la ligne d\u00e9fendue par la France. Il faut profiter de cet apaisement pour entamer un nouveau cycle. C\u2019est peut-\u00eatre le moment de prendre des initiatives. La France, en tout cas, va le faire et je retrouverai \u00e0 nouveau prochainement mes coll\u00e8gues allemand, jordanien et \u00e9gyptien, pour envisager une reprise des discussions.<\/p>\n<p class=\"fig-paragraph\"><b>Avez-vous observ\u00e9 des changements dans le monde depuis l\u2019\u00e9lection de Joe Biden?<\/b><\/p>\n<p class=\"fig-paragraph\">Jusque-l\u00e0, les nouvelles autorit\u00e9s am\u00e9ricaines ont refus\u00e9 tout contact, restant fid\u00e8les au principe \u00abune pr\u00e9sidence \u00e0 la fois\u00bb. Mais chacun a pris connaissance des d\u00e9clarations de Joe Biden pendant sa campagne et depuis son arriv\u00e9e. Trois enjeux au niveau international seront abord\u00e9s de mani\u00e8re nouvelle. D\u2019abord, le climat. Biden a dit son intention de revenir dans l\u2019accord de Paris, ce qui n\u2019est pas secondaire au moment o\u00f9 l\u2019Union europ\u00e9enne a d\u00e9cid\u00e9 de monter son niveau d\u2019exigence dans ce domaine. D\u00e8s la fin janvier, nous aurons des partenaires am\u00e9ricains qui afficheront des volont\u00e9s proches des n\u00f4tres. Ensuite, la sant\u00e9. La nouvelle Administration a annonc\u00e9 sa volont\u00e9 de revenir dans l\u2019OMS et d\u2019agir pour l\u2019universalisation des vaccins. Enfin, l\u2019accord nucl\u00e9aire iranien. L\u00e0 aussi, B<strong>iden pourrait r\u00e9int\u00e9grer le JCPOA. Il y a donc d\u00e9sormais une volont\u00e9 de dialogue, m\u00eame si la marge d\u2019action est limit\u00e9e par le calendrier \u00e9lectoral iranien<\/strong>. Je me rendrai \u00e0 Washington juste apr\u00e8s la prise de fonction de Biden, notamment pour parler de \u00e7a.<\/p>\n<p class=\"fig-paragraph\"><strong>Mais il ne faudrait pas consid\u00e9rer que la pr\u00e9sidence Trump ne fut qu\u2019une parenth\u00e8se et que nous allons retrouver la relation transatlantique \u00abde papa\u00bb<\/strong>. En quatre ans, beaucoup de choses ont chang\u00e9. Les rapports de puissance se sont exacerb\u00e9s, la priorit\u00e9 de l\u2019affrontement entre la Chine et les \u00c9tats-Unis s\u2019est affirm\u00e9e, d\u2019autres puissances ont fait part de leur capacit\u00e9 agressive, les enjeux commerciaux se sont d\u00e9t\u00e9rior\u00e9s. L\u2019Europe aussi a chang\u00e9. Elle est devenue plus mature, elle a affirm\u00e9 sa souverainet\u00e9 et sa puissance et entre dans la refondation du lien transatlantique dans une nouvelle posture. Non pour rivaliser mais pour avoir une relation plus \u00e9quilibr\u00e9e et affirmer sa propre identit\u00e9. C\u2019est une nouvelle donne. Nous sommes optimistes, car les \u00c9tats-Unis auront besoin d\u2019alli\u00e9s forts. Il est dans leur int\u00e9r\u00eat d\u2019avoir une relation transatlantique \u00e9quilibr\u00e9e.<\/p>\n<p class=\"fig-paragraph\"><b>L\u2019Otan et l\u2019UE ont hauss\u00e9 le ton contre la Turquie. Le vent a-t-il vraiment tourn\u00e9?<\/b><\/p>\n<p class=\"fig-paragraph\">La Turquie, depuis l\u2019automne, a acc\u00e9l\u00e9r\u00e9 sa fuite en avant en interventions tous azimuts sur le pourtour m\u00e9diterran\u00e9en, en faisant fi du droit international et de ses engagements d\u2019alli\u00e9e. Avec une succession de faits accomplis inacceptables. Elle a par ailleurs doubl\u00e9 cette dynamique n\u00e9gative par des campagnes de haine et de d\u00e9stabilisation \u00e0 l\u2019encontre de la France mais aussi de l\u2019Europe, attaquant nos valeurs et essayant de nous d\u00e9stabiliser. Ces outrances ont provoqu\u00e9, \u00e0 l\u2019inverse de ce que la Turquie pensait, une prise de conscience chez nos partenaires. Elle a eu lieu en deux temps. D\u2019abord, l\u2019intervention \u00e0 l\u2019Otan du secr\u00e9taire d\u2019\u00c9tat am\u00e9ricain Mike Pompeo, qui a appel\u00e9 la Turquie \u00e0 clarifier ses positions et ses engagements d\u2019alli\u00e9s, et lui a demand\u00e9 de renoncer \u00e0 ses actions de d\u00e9stabilisation. Et la d\u00e9cision du Conseil europ\u00e9en d\u2019imposer des sanctions imm\u00e9diates li\u00e9es \u00e0 la situation en M\u00e9diterran\u00e9e orientale. Le Conseil a aussi demand\u00e9 \u00e0 la Turquie de clarifier ses engagements et ses valeurs. Si elle ne change pas de comportement, de nouvelles initiatives seront prises en mars.<\/p>\n<p class=\"fig-paragraph\"><b>L\u2019image de la France dans le monde a-t-elle chang\u00e9 avec Emmanuel Macron? Le pr\u00e9sident est-il une personnalit\u00e9 clivante \u00e0 l\u2019international?<\/b><\/p>\n<p class=\"fig-paragraph\">L\u2019image de la France s\u2019est am\u00e9lior\u00e9e au niveau international depuis son arriv\u00e9e. Emmanuel Macron fait r\u00e9f\u00e9rence. Il est devenu incontournable dans les crises. Il cherche dans les situations difficiles \u00e0 faire entendre la voix de la France, marquer les valeurs de la R\u00e9publique et rappeler qu\u2019en tant que membres du Conseil de s\u00e9curit\u00e9 de l\u2019ONU, nous tenons notre place dans le monde. Enfin, le fait qu\u2019il dise ce qu\u2019il pense est plut\u00f4t port\u00e9 \u00e0 son actif car c\u2019est en \u00e9tant franc qu\u2019on d\u00e9bloque les situations. \u00c7a ne r\u00e8gle pas la crise, mais \u00e7a l\u2019emp\u00eache de rester dans l\u2019impasse ou dans le statu quo.<\/p>\n<p class=\"fig-paragraph\"><b>Avec le recul, a-t-il eu raison d\u2019\u00e9voquer la\u00a0<\/b><em><b>\u00abmort c\u00e9r\u00e9brale\u00bb<\/b><\/em><b>\u00a0de l\u2019Otan?<\/b><\/p>\n<p class=\"fig-paragraph\">Le fait qu\u2019il ait mis les pieds dans le plat sur une r\u00e9alit\u00e9 que tout le monde constatait a fait bouger les choses. Emmanuel Macron a soulev\u00e9 quatre doutes: sur l\u2019engagement am\u00e9ricain, sur la volont\u00e9 europ\u00e9enne de contribuer davantage \u00e0 sa propre s\u00e9curit\u00e9, sur les valeurs et la coh\u00e9rence entre ses membres &#8211; je pense \u00e0 la Turquie &#8211; et enfin sur la strat\u00e9gie qui consiste \u00e0 se demander qui est l\u2019ennemi aujourd\u2019hui? Tout le monde y pensait mais personne n\u2019osait le dire. \u00c0 l\u2019initiative de la France et de l\u2019Allemagne, un groupe de r\u00e9flexion a travaill\u00e9 sur un rapport qui vient d\u2019\u00eatre rendu public et qui a avanc\u00e9 le principe d\u2019un code de bonne conduite et de la r\u00e9vision du concept strat\u00e9gique de l\u2019Alliance. La donne a chang\u00e9. Sans Emmanuel Macron, il ne se serait rien pass\u00e9\u2026<\/p>\n<p class=\"fig-paragraph\"><b>Y a-t-il encore des crises sur lesquelles la France peut peser seule?<\/b><\/p>\n<p class=\"fig-paragraph\">La France p\u00e8se quand elle est \u00e0 l\u2019initiative et souvent, seule la France est \u00e0 l\u2019initiative. Elle ne r\u00e8gle sans doute pas les choses seule, mais elle a la capacit\u00e9 de rassembler autour d\u2019elle. C\u2019est ce qui fait notre singularit\u00e9 et notre force. Si la France n\u2019avait pas pris l\u2019initiative au Sahel, il ne se passait rien. <strong>Idem au Liban\u2026<\/strong><\/p>\n<p class=\"fig-paragraph\"><b>M\u00eame avec une initiative, il ne s\u2019y passe pas grand-chose\u2026<\/b><\/p>\n<p class=\"fig-paragraph\"><strong>La seule solution, pour que le message soit compris, \u00e9tait de s\u2019exprimer vigoureusement, en raison de notre amiti\u00e9 historique avec le Liban. C\u2019est parce qu\u2019il y a eu l\u2019initiative de la France que toute la communaut\u00e9 internationale est sur la m\u00eame logique que nous. Personne ne veut engager des financements tant que le\u00a0<a href=\"https:\/\/www.lefigaro.fr\/vox\/societe\/renaud-girard-l-incapacite-du-liban-a-s-aider-lui-meme-20201207\" data-fig-type=\"Article\" data-gtm-custom-categorie=\"navigation\" data-gtm-custom-action=\"crossclick\" data-gtm-custom-label=\"Contextuel\" data-gtm-event=\"customEventSPE\" data-fig-domain=\"LEFIGARO\">Liban<\/a>\u00a0n\u2019aura pas fait ses r\u00e9formes. Pour moi, le Liban, c\u2019est le\u00a0<em>Titanic\u00a0<\/em>sans l\u2019orchestre. Les Libanais sombrent dans le d\u00e9ni total de leur situation et il n\u2019y a m\u00eame pas de musique\u2026<\/strong><\/p>\n<p class=\"fig-paragraph\"><b>Quand on voit l\u2019impossibilit\u00e9 de faire changer la culture strat\u00e9gique de l\u2019Allemagne, ne craignez-vous pas que l\u2019arriv\u00e9e de Joe Biden fasse \u00e0 nouveau glisser Berlin sous le parapluie s\u00e9curitaire am\u00e9ricain?<\/b><\/p>\n<p class=\"fig-paragraph\">Je ne partage pas cet avis. Nous sommes pr\u00eats, les Allemands et les Fran\u00e7ais, \u00e0 r\u00e9inventer la nouvelle donne transatlantique, qui ne sera pas la m\u00eame qu\u2019avant. Mon homologue allemand, Heiko Mass, et moi pr\u00e9parons ensemble notre premi\u00e8re visite avec la future Administration am\u00e9ricaine, que j\u2019aimerais que nous fassions en commun.<\/p>\n<p class=\"fig-paragraph\">Apr\u00e8s quatre ans d\u2019Administration Trump, nous sommes dans une nouvelle logique\u2026 Nous r\u00e9fl\u00e9chissons \u00e0 la mani\u00e8re de b\u00e2tir une Europe plus souveraine dans une relation transatlantique r\u00e9\u00e9quilibr\u00e9e. On peut d\u00e9sormais parler ensemble d\u2019autonomie strat\u00e9gique.<\/p>\n<p class=\"fig-paragraph\"><b>Que vous inspire le blocage sur le Brexit?<\/b><\/p>\n<p class=\"fig-paragraph\">Les Cassandre pr\u00e9disaient que les Britanniques allaient casser l\u2019Europe, que la solidarit\u00e9 europ\u00e9enne allait s\u2019\u00e9mietter. Or l\u2019unit\u00e9 des Europ\u00e9ens tient solidement. Sur les trois points qui font divergence aujourd\u2019hui &#8211; le respect de la concurrence loyale, c\u2019est-\u00e0-dire le fait que si vous voulez jouer en Europe vous devez en respecter les r\u00e8gles ; le fait que la p\u00eache ne doit pas \u00eatre une variable d\u2019ajustement et la question de la gouvernance &#8211; les Europ\u00e9ens restent unis.<\/p>\n<\/div>\n<p><a href=\"https:\/\/www.lefigaro.fr\/international\/le-drian-nous-avons-vecu-une-annee-terrible-mais-nous-avons-tenu-20201213\">LE FIGARO<\/a><\/p>\n","protected":false},"excerpt":{"rendered":"<p>le Liban, c\u2019est le\u00a0Titanic\u00a0sans l\u2019orchestre. Les Libanais sombrent dans le d\u00e9ni total de leur situation et il n\u2019y a m\u00eame pas de musique\u2026 &nbsp; GRAND ENTRETIEN &#8211; Pour le ministre des Affaires \u00e9trang\u00e8res, 2020 a vu converger toute une s\u00e9rie d\u2019\u00e9preuves \u00abqui ont \u00e9branl\u00e9 les fondements m\u00eames de l\u2019ordre multilat\u00e9ral et fragilis\u00e9 les valeurs de<\/p>\n","protected":false},"author":570,"featured_media":52401,"comment_status":"open","ping_status":"open","sticky":false,"template":"","format":"standard","meta":{"_uf_show_specific_survey":0,"_uf_disable_surveys":false,"footnotes":""},"categories":[37],"tags":[],"class_list":{"0":"post-52391","1":"post","2":"type-post","3":"status-publish","4":"format-standard","5":"has-post-thumbnail","7":"category-alaune-fr"},"aioseo_notices":[],"_links":{"self":[{"href":"https:\/\/middleeasttransparent.com\/fr\/wp-json\/wp\/v2\/posts\/52391","targetHints":{"allow":["GET"]}}],"collection":[{"href":"https:\/\/middleeasttransparent.com\/fr\/wp-json\/wp\/v2\/posts"}],"about":[{"href":"https:\/\/middleeasttransparent.com\/fr\/wp-json\/wp\/v2\/types\/post"}],"author":[{"embeddable":true,"href":"https:\/\/middleeasttransparent.com\/fr\/wp-json\/wp\/v2\/users\/570"}],"replies":[{"embeddable":true,"href":"https:\/\/middleeasttransparent.com\/fr\/wp-json\/wp\/v2\/comments?post=52391"}],"version-history":[{"count":0,"href":"https:\/\/middleeasttransparent.com\/fr\/wp-json\/wp\/v2\/posts\/52391\/revisions"}],"wp:featuredmedia":[{"embeddable":true,"href":"https:\/\/middleeasttransparent.com\/fr\/wp-json\/wp\/v2\/media\/52401"}],"wp:attachment":[{"href":"https:\/\/middleeasttransparent.com\/fr\/wp-json\/wp\/v2\/media?parent=52391"}],"wp:term":[{"taxonomy":"category","embeddable":true,"href":"https:\/\/middleeasttransparent.com\/fr\/wp-json\/wp\/v2\/categories?post=52391"},{"taxonomy":"post_tag","embeddable":true,"href":"https:\/\/middleeasttransparent.com\/fr\/wp-json\/wp\/v2\/tags?post=52391"}],"curies":[{"name":"wp","href":"https:\/\/api.w.org\/{rel}","templated":true}]}}