{"id":51600,"date":"2020-11-17T23:11:16","date_gmt":"2020-11-17T22:11:16","guid":{"rendered":"https:\/\/middleeasttransparent.com\/?p=51600"},"modified":"2020-11-17T23:11:16","modified_gmt":"2020-11-17T22:11:16","slug":"mike-pompeo-on-nous-a-accuses-de-nous-retirer-du-monde-cest-lexact-contraire","status":"publish","type":"post","link":"https:\/\/middleeasttransparent.com\/fr\/mike-pompeo-on-nous-a-accuses-de-nous-retirer-du-monde-cest-lexact-contraire\/","title":{"rendered":"Mike Pompeo: \u00abOn\u00a0nous\u00a0a accus\u00e9s de\u00a0nous retirer du monde, c\u2019est l\u2019exact contraire\u00bb"},"content":{"rendered":"<header class=\"css-1abuj4a e8mzd9n1\">\n<h3 class=\"css-135rrsm edox7vr0\"><span style=\"color: #666699;\"><b>EXCLUSIF &#8211;<\/b>\u00a0Dans un entretien accord\u00e9 au\u00a0<i>Figaro<\/i>, le secr\u00e9taire d\u2019\u00c9tat am\u00e9ricain a d\u00e9fendu le bilan de son Administration sur les affaires \u00e9trang\u00e8res et, plus largement, sur la sc\u00e8ne internationale.<\/span><\/h3>\n<\/header>\n<p>&nbsp;<\/p>\n<header class=\"css-1abuj4a e8mzd9n1\">\n<h3 id=\"blogAuthor\" class=\"css-17xdmhb e1fytymd0\">Par\u00a0<a class=\"css-ipllfy esdb6og8\" href=\"https:\/\/plus.lefigaro.fr\/page\/uid\/60960\" rel=\"author\">Laure Mandeville<\/a><\/h3>\n<\/header>\n<div class=\"css-1hyf5u0 ey7xkwt0\" data-component=\"fig-content-body\">\n<p class=\"css-s6jpj4 ekabp3u0\"><b>LE FIGARO. &#8211; Votre Administration conteste le r\u00e9sultat de l\u2019\u00e9lection pr\u00e9sidentielle. La d\u00e9mocratie am\u00e9ricaine peut-elle survivre \u00e0 une telle crise politique?<\/b><\/p>\n<p class=\"css-s6jpj4 ekabp3u0\"><b>Mike POMPEO. &#8211;<\/b>Le processus de transition fonctionnera et honorera nos obligations int\u00e9rieures comme ext\u00e9rieures. Notre d\u00e9mocratie exige de nous que nous nous assurions que nos \u00e9lections sont libres et justes, et que le processus de d\u00e9compte des votes a \u00e9t\u00e9 correctement men\u00e9. Les recours l\u00e9gaux que le pr\u00e9sident a lanc\u00e9s ont du sens, car ils ne font que renforcer l\u2019importance que nous accordons \u00e0 l\u2019\u00e9tat de droit et \u00e0 nos institutions. Nous avons un cadre constitutionnel. J\u2019ai toute confiance dans le fait que les prochains jours et les prochaines semaines montreront \u00e0 quel point nous sommes attach\u00e9s au cadre constitutionnel de cette \u00e9lection.<\/p>\n<p class=\"css-s6jpj4 ekabp3u0\"><b>Vous avez remis en cause la plupart des postulats traditionnels de la diplomatie am\u00e9ricaine. Quels enseignements les futures Administrations devraient-elles tirer de votre exp\u00e9rience?<\/b><\/p>\n<p class=\"css-s6jpj4 ekabp3u0\">Trois choses. La premi\u00e8re, c\u2019est que l\u2019approche du pr\u00e9sident Trump a consist\u00e9 \u00e0 regarder les faits et \u00e0 les prendre en compte. Nous nous sommes d\u00e9barrass\u00e9s de certaines \u00abamabilit\u00e9s\u00bb qui avaient cours pour privil\u00e9gier une politique de r\u00e9sultats. Nous avons aussi pass\u00e9 pas mal de temps \u00e0 d\u00e9finir ce qui est le plus important pour assurer la s\u00e9curit\u00e9 du peuple am\u00e9ricain. Nous avons aussi rejet\u00e9 l\u2019id\u00e9e selon laquelle l\u2019Occident est en repli, car nous ne croyons pas \u00e0 ce postulat. Nous pensons que l\u2019Occident finira par l\u2019emporter, et que notre syst\u00e8me de valeurs doit \u00eatre d\u00e9fendu. C\u2019est pourquoi nous avons travaill\u00e9 \u00e0 contrer les actions du Parti communiste chinois \u00e0 travers le monde, y compris en France.<\/p>\n<p class=\"css-s6jpj4 ekabp3u0\">Nous avons aussi combattu la menace du terrorisme islamiste. Toutes ces menaces ne posent pas seulement des probl\u00e8mes de s\u00e9curit\u00e9, mais visent \u00e0 affaiblir les valeurs occidentales, qui ont tant fait pour la paix et la prosp\u00e9rit\u00e9 globale. Quand l\u2019Am\u00e9rique est forte &#8211; ce que le pr\u00e9sident appelle \u00abL\u2019Am\u00e9rique d\u2019abord\u00bb &#8211; cela augmente la s\u00e9curit\u00e9 de tous. On nous a accus\u00e9s de nous retirer du monde. Je pense que c\u2019est exactement le contraire. En adoptant une position conservatrice et r\u00e9aliste, en accord avec les principes des P\u00e8res fondateurs, ces fameux principes lou\u00e9s par Tocqueville, je pense que nous avons servi les int\u00e9r\u00eats plus larges du monde.<\/p>\n<p class=\"css-s6jpj4 ekabp3u0\"><b>La pand\u00e9mie pourrait-elle donner aux Chinois des arguments \u00e9conomiques pour op\u00e9rer un retour en Europe, et affaiblir votre effort face \u00e0 la Chine?<\/b><\/p>\n<p class=\"css-s6jpj4 ekabp3u0\">Parlons d\u2019abord des questions tactiques, et de l\u2019\u00e9mergence du virus venu de Wuhan. C\u2019est un sympt\u00f4me de ce qu\u2019est le r\u00e9gime autoritaire chinois et penser que le Parti communiste chinois va b\u00e9n\u00e9ficier de cet \u00e9tat de fait, n\u2019est pas juste. Les gens ne sont pas dupes du fait que toutes nos vies ont \u00e9t\u00e9 impact\u00e9es par ce virus, qu\u2019il s\u2019agisse des morts ou du confinement auquel nous sommes tous forc\u00e9s.<\/p>\n<p class=\"css-s6jpj4 ekabp3u0\"><b>Mais eux sont sortis du confinement alors que nous nous d\u00e9battons toujours!<\/b><\/p>\n<p class=\"css-s6jpj4 ekabp3u0\">N\u2019en soyez pas si s\u00fbre! Au Kansas on vous dirait que c\u2019est une sacr\u00e9e fable! Je suis convaincu du fait qu\u2019aussi bien en mati\u00e8re de vaccins et de th\u00e9rapies face au virus, que sur le plan \u00e9conomique, l\u2019Occident va rebondir. Cela prendra un peu de temps, mais on va y arriver. En ce qui concerne la coalition que nous sommes en train de mettre en place, le pr\u00e9sident Trump avait identifi\u00e9 le danger chinois d\u00e8s sa campagne \u00e9lectorale, en 2015-2016. Cela nous a pris un peu de temps pour mettre en place une approche structurelle, d\u2019abord parce qu\u2019il a fallu faire acte de persuasion \u00e0 l\u2019int\u00e9rieur du pays, o\u00f9 de nombreux int\u00e9r\u00eats \u00e9conomiques b\u00e9n\u00e9ficiaient de la relation avec la Chine.<\/p>\n<p class=\"css-s6jpj4 ekabp3u0\">Puis, on a port\u00e9 notre vision \u00e0 l\u2019ext\u00e9rieur, que ce soit \u00e0 l\u2019int\u00e9rieur du Quad, cette union de quatre \u00c9tats (\u00c9tats-Unis, Japon, Inde et Australie), que nous avons mis sur pied face la Chine, ou dans la relation entre les \u00c9tats-Unis et l\u2019Europe. Nous sommes dans le sens de l\u2019Histoire dans cette affaire, et c\u2019est la raison pour laquelle nous devons travailler \u00e0 convaincre nos opinions et nos alli\u00e9s, m\u00eame si cela peut avoir un co\u00fbt dans le court terme et m\u00eame si certains ont le sentiment que miser sur la Chine est une bonne option. Car au bout du compte, si nous renon\u00e7ons, nous nous retrouverons dans la position de colonies et non de partenaires face au r\u00e9gime autoritaire chinois. Il faut reconna\u00eetre que le Parti communiste chinois nous a bien aid\u00e9s \u00e0 d\u00e9fendre cette position. Pas seulement \u00e0 cause du virus.<\/p>\n<p class=\"css-s6jpj4 ekabp3u0\">Regardez l\u2019exemple du Vietnam, qui cherche \u00e0 exploiter ses ressources dans sa zone \u00e9conomique exclusive. Il n\u2019y a aucune controverse sur la d\u00e9finition de cette zone, mais la Chine elle, la conteste. Prenez le cas de l\u2019Australie, qui a pris une position claire\u00a0<em>(pour d\u00e9fendre son ind\u00e9pendance, NDLR)<\/em>. Les Chinois veulent maintenant lui imposer un co\u00fbt \u00e9conomique. Nous devons donc nous unir pour faire respecter le droit, et c\u2019est la m\u00eame chose en France. Les Chinois op\u00e8rent \u00e0 l\u2019int\u00e9rieur de nos fronti\u00e8res pour gagner en influence, \u00e0 travers les Instituts Confucius notamment. Nous avons d\u00fb fermer un Consulat qui menait des op\u00e9rations d\u2019espionnage. Je suis persuad\u00e9 que tous ceux qui ont \u00e0 c\u0153ur notre ordre international et la souverainet\u00e9 de nos \u00c9tats respectifs, travailleront ensemble pour les garantir.<\/p>\n<p class=\"css-s6jpj4 ekabp3u0\"><b>Vous partez pour le Moyen-Orient, o\u00f9 vous avez utilis\u00e9 la menace que repr\u00e9sente l\u2019Iran pour faciliter un rapprochement entre Isra\u00ebl et les pays arabes. L\u2019Arabie pourrait-elle rejoindre ces accords \u00e0 son tour?<\/b><\/p>\n<p class=\"css-s6jpj4 ekabp3u0\">Qui sera le prochain pays \u00e0 rejoindre\u00a0<a class=\"css-15ezjzi esdb6og5\" href=\"https:\/\/www.lefigaro.fr\/international\/benyamin-netanyahou-signe-une-entente-historique-avec-des-pays-du-golfe-a-la-maison-blanche-20200915\" data-fig-id=\"bGVmaWdhcm8uZnJfX2EyMjkzZWQ4LWY3N2YtMTFlYS1hNGY1LTY0ODU0MjlkNGJkZV9fQXJ0aWNsZQ==\" data-fig-type=\"Article\" data-gtm-custom-categorie=\"navigation\" data-gtm-custom-action=\"crossclick\" data-gtm-custom-label=\"Contextuel\" data-gtm-event=\"customEventSPE\">les accords d\u2019Abraham<\/a>, demain, dans une semaine ou six mois, rel\u00e8ve des d\u00e9cisions souveraines de ces pays, qui d\u00e9pendent de situations politiques complexes. Ce dont je suis s\u00fbr, c\u2019est que la direction vers la paix et la stabilit\u00e9, qui implique la reconnaissance de l\u2019\u00c9tat d\u2019Isra\u00ebl comme la patrie des Juifs, va perdurer. On n\u2019en est plus au point o\u00f9 les Palestiniens peuvent emp\u00eacher la paix et la stabilit\u00e9 d\u2019augmenter dans la r\u00e9gion. Je suis fier du travail que nous avons fait dans cette direction car je pense qu\u2019il permettra aussi \u00e0 terme une situation meilleure pour les Palestiniens eux-m\u00eames.<\/p>\n<p class=\"css-s6jpj4 ekabp3u0\">Nous avons fait une proposition tr\u00e8s g\u00e9n\u00e9reuse pour la paix au Moyen Orient mais la direction palestinienne a refus\u00e9 notre vision. Je pense que le peuple palestinien voudrait prendre ce chemin, et j\u2019esp\u00e8re que cette conversation finira par s\u2019engager afin de r\u00e9soudre cette question qui a tourment\u00e9 le Moyen-Orient depuis des d\u00e9cennies. On a pass\u00e9 un cap. On a maintenant une relation commerciale et de s\u00e9curit\u00e9 qui fait sens pour les pays arabes et Isra\u00ebl et pour toute la r\u00e9gion, et j\u2019esp\u00e8re qu\u2019un jour, l\u2019Iran rejoindra les accords d\u2019Abraham. La principale ligne qui a guid\u00e9 notre Administration, c\u2019est que nous avons d\u00e9termin\u00e9 que l\u2019Iran \u00e9tait la principale cause d\u2019instabilit\u00e9 au Moyen Orient, et que le conflit principal qui cr\u00e9ait des probl\u00e8mes et produisait des terroristes, qu\u2019il s\u2019agisse du Hezbollah au Liban ou des milices chiites en Irak, ou de l\u2019empreinte iranienne en Syrie, n\u2019\u00e9tait pas du tout d\u00fb aux Palestiniens mais aux Ayatollahs.<\/p>\n<p class=\"css-s6jpj4 ekabp3u0\">Nous avons donc fait en sorte qu\u2019ils aient aussi peu de dollars et de ressources que possible pour construire leur programme nucl\u00e9aire. Nous continuons \u00e0 pousser. Dans les prochaines semaines, il y a encore du travail pour r\u00e9duire leur capacit\u00e9 de tourmenter le Moyen-Orient. On esp\u00e8re qu\u2019un jour, les Iraniens auront enfin ce qu\u2019ils m\u00e9ritent: des leaders qui agissent dans l\u2019int\u00e9r\u00eat de l\u2019Iran, plut\u00f4t que dans celui de la kleptocratie qui se cache derri\u00e8re l\u2019apparence d\u2019une th\u00e9ocratie. Ce serait formidable de voir l\u2019ensemble du Moyen-Orient reconna\u00eetre le droit d\u2019exister d\u2019Isra\u00ebl.<\/p>\n<p class=\"css-s6jpj4 ekabp3u0\"><b>Avez-vous r\u00e9ussi \u00e0 convaincre les Fran\u00e7ais, qu\u2019il serait une mauvaise id\u00e9e de remettre sur l\u2019ouvrage l\u2019accord nucl\u00e9aire, comme le souhaite Joe Biden?<\/b><\/p>\n<p class=\"css-s6jpj4 ekabp3u0\">Nous avons certainement discut\u00e9 du futur de ce que devrait \u00eatre un nouvel accord. Pour notre Administration, la question est moins celle du document lui-m\u00eame que la question de ce qu\u2019il faudrait exiger de l\u2019Iran dans ce cas. C\u2019est ce dont j\u2019ai parl\u00e9 avec le pr\u00e9sident Macron et le ministre Le Drian. Quels seraient les comportements de l\u2019Iran que nous jugerions acceptables et qui nous permettraient d\u2019adopter \u00e0 son \u00e9gard une nouvelle attitude d\u2019ouverture? Ce qui nous int\u00e9resse ce sont les r\u00e9sultats. Les attentes de la France, de l\u2019Allemagne et de la Grande-Bretagne sont tr\u00e8s compatibles avec celles de l\u2019Am\u00e9rique. On peut \u00eatre en d\u00e9saccord sur les modalit\u00e9s. Mais ce dont nous avons convenu c\u2019est que la situation de 2020 est fondamentalement diff\u00e9rente de celle de 2015, quand l\u2019accord nucl\u00e9aire avait \u00e9t\u00e9 conclu.<\/p>\n<p class=\"css-s6jpj4 ekabp3u0\"><b>Le pr\u00e9sident Macron est d\u2019accord l\u00e0-dessus?<\/b><\/p>\n<p class=\"css-s6jpj4 ekabp3u0\">Oui, il est d\u2019accord sur le fait qu\u2019on n\u2019est plus dans la m\u00eame situation.<\/p>\n<p class=\"css-s6jpj4 ekabp3u0\"><b>La Turquie, membre de l\u2019Otan se retrouve aujourd\u2019hui en conflit ouvert avec plusieurs pays membres dont la France et la Gr\u00e8ce. A-t-elle toujours sa place dans l\u2019Otan?<\/b><\/p>\n<p class=\"css-s6jpj4 ekabp3u0\">Le pr\u00e9sident Macron et moi avons pass\u00e9 beaucoup de temps \u00e0 discuter les actions r\u00e9centes de la Turquie et nous sommes tomb\u00e9s d\u2019accord pour dire\u00a0<a class=\"css-15ezjzi esdb6og5\" href=\"https:\/\/www.lefigaro.fr\/international\/erdogan-un-sultan-agressif-qui-defie-l-union-europeenne-20200724\" data-fig-id=\"bGVmaWdhcm8uZnJfXzQ1MzAyYzk0LWNkZTItMTFlYS1iNDliLTdhMDA3MjgzYTkwOF9fQXJ0aWNsZQ==\" data-fig-type=\"Article\" data-gtm-custom-categorie=\"navigation\" data-gtm-custom-action=\"crossclick\" data-gtm-custom-label=\"Contextuel\" data-gtm-event=\"customEventSPE\">qu\u2019elles \u00e9taient tr\u00e8s agressives<\/a>\u00a0; qu\u2019il s\u2019agisse de\u00a0<a class=\"css-15ezjzi esdb6og5\" href=\"https:\/\/www.lefigaro.fr\/international\/haut-karabakh-la-turquie-veut-elle-aussisa-victoire-20201111\" data-fig-id=\"bGVmaWdhcm8uZnJfX2JjMWE5Y2IwLTI0NDgtMTFlYi05MjhlLWI3MTE5NjM2Y2U0MV9fQXJ0aWNsZQ==\" data-fig-type=\"Article\" data-gtm-custom-categorie=\"navigation\" data-gtm-custom-action=\"crossclick\" data-gtm-custom-label=\"Contextuel\" data-gtm-event=\"customEventSPE\">son soutien \u00e0 l\u2019Azerba\u00efdjan<\/a>\u00a0ou du fait qu\u2019elle avait implant\u00e9 des forces syriennes dans la r\u00e9gion \u00e9galement. Nous avons aussi \u00e9voqu\u00e9 son action en Libye, o\u00f9 ils ont aussi ins\u00e9r\u00e9 des forces de pays tiers, ou encore\u00a0<a class=\"css-15ezjzi esdb6og5\" href=\"https:\/\/www.lefigaro.fr\/international\/recep-tayyip-erdogan-avance-ses-pions-en-mediterranee-orientale-20200901\" data-fig-id=\"bGVmaWdhcm8uZnJfX2MyYmE5Nzc0LWVjNjYtMTFlYS05OGI4LWMxNGFiZDRiNjNmY19fQXJ0aWNsZQ==\" data-fig-type=\"Article\" data-gtm-custom-categorie=\"navigation\" data-gtm-custom-action=\"crossclick\" data-gtm-custom-label=\"Contextuel\" data-gtm-event=\"customEventSPE\">son action dans la M\u00e9diterran\u00e9e orientale<\/a>, et je pourrais continuer cette liste. La position am\u00e9ricaine est que l\u2019internationalisation de ces conflits est nuisible et fait du tort \u00e0 tous les pays concern\u00e9s.<\/p>\n<p class=\"css-s6jpj4 ekabp3u0\">Nous avons donc demand\u00e9 \u00e0 tous les pays de cesser d\u2019intervenir en Libye, qu\u2019il s\u2019agisse des Russes, des Turcs, ou d\u2019autres. M\u00eame chose en Azerba\u00efdjan. Nous sommes copr\u00e9sidents\u00a0<a class=\"css-15ezjzi esdb6og5\" href=\"https:\/\/www.lefigaro.fr\/international\/haut-karabakh-la-diplomatie-occidentale-marginalisee-20201115\" data-fig-id=\"bGVmaWdhcm8uZnJfXzE0MDI1NDhhLTI3NWItMTFlYi1hYjQzLWE2YzhjYWNjYmViZV9fQXJ0aWNsZQ==\" data-fig-type=\"Article\" data-gtm-custom-categorie=\"navigation\" data-gtm-custom-action=\"crossclick\" data-gtm-custom-label=\"Contextuel\" data-gtm-event=\"customEventSPE\">du groupe de Minsk<\/a>, avec la France et la Russie pour le conflit sur le Haut-Karabakh. C\u2019est dans ce cadre qu\u2019il faut r\u00e9gler les choses, et l\u2019utilisation accrue des capacit\u00e9s militaires turques nous inqui\u00e8te. Nous avons exprim\u00e9 notre pr\u00e9occupation en priv\u00e9 et publiquement. L\u2019Europe et les \u00c9tats-Unis doivent travailler ensemble \u00e0 convaincre Erdogan que de telles actions ne sont pas dans l\u2019int\u00e9r\u00eat de son peuple.<\/p>\n<p><a href=\"https:\/\/www.lefigaro.fr\/international\/mike-pompeo-on-nous-a-accuses-de-nous-retirer-du-monde-c-est-l-exact-contraire-20201116\">LE FIGARO<\/a><\/p>\n<\/div>\n","protected":false},"excerpt":{"rendered":"<p>EXCLUSIF &#8211;\u00a0Dans un entretien accord\u00e9 au\u00a0Figaro, le secr\u00e9taire d\u2019\u00c9tat am\u00e9ricain a d\u00e9fendu le bilan de son Administration sur les affaires \u00e9trang\u00e8res et, plus largement, sur la sc\u00e8ne internationale. &nbsp; Par\u00a0Laure Mandeville LE FIGARO. &#8211; Votre Administration conteste le r\u00e9sultat de l\u2019\u00e9lection pr\u00e9sidentielle. La d\u00e9mocratie am\u00e9ricaine peut-elle survivre \u00e0 une telle crise politique? Mike POMPEO. &#8211;Le<\/p>\n","protected":false},"author":152,"featured_media":51602,"comment_status":"open","ping_status":"open","sticky":false,"template":"","format":"standard","meta":{"_uf_show_specific_survey":0,"_uf_disable_surveys":false,"footnotes":""},"categories":[37],"tags":[],"class_list":{"0":"post-51600","1":"post","2":"type-post","3":"status-publish","4":"format-standard","5":"has-post-thumbnail","7":"category-alaune-fr"},"aioseo_notices":[],"_links":{"self":[{"href":"https:\/\/middleeasttransparent.com\/fr\/wp-json\/wp\/v2\/posts\/51600","targetHints":{"allow":["GET"]}}],"collection":[{"href":"https:\/\/middleeasttransparent.com\/fr\/wp-json\/wp\/v2\/posts"}],"about":[{"href":"https:\/\/middleeasttransparent.com\/fr\/wp-json\/wp\/v2\/types\/post"}],"author":[{"embeddable":true,"href":"https:\/\/middleeasttransparent.com\/fr\/wp-json\/wp\/v2\/users\/152"}],"replies":[{"embeddable":true,"href":"https:\/\/middleeasttransparent.com\/fr\/wp-json\/wp\/v2\/comments?post=51600"}],"version-history":[{"count":0,"href":"https:\/\/middleeasttransparent.com\/fr\/wp-json\/wp\/v2\/posts\/51600\/revisions"}],"wp:featuredmedia":[{"embeddable":true,"href":"https:\/\/middleeasttransparent.com\/fr\/wp-json\/wp\/v2\/media\/51602"}],"wp:attachment":[{"href":"https:\/\/middleeasttransparent.com\/fr\/wp-json\/wp\/v2\/media?parent=51600"}],"wp:term":[{"taxonomy":"category","embeddable":true,"href":"https:\/\/middleeasttransparent.com\/fr\/wp-json\/wp\/v2\/categories?post=51600"},{"taxonomy":"post_tag","embeddable":true,"href":"https:\/\/middleeasttransparent.com\/fr\/wp-json\/wp\/v2\/tags?post=51600"}],"curies":[{"name":"wp","href":"https:\/\/api.w.org\/{rel}","templated":true}]}}