{"id":51530,"date":"2020-11-15T22:01:33","date_gmt":"2020-11-15T21:01:33","guid":{"rendered":"https:\/\/middleeasttransparent.com\/?p=51530"},"modified":"2020-11-15T22:02:45","modified_gmt":"2020-11-15T21:02:45","slug":"liban-un-pays-dans-la-tourmente-interview-duki-dror","status":"publish","type":"post","link":"https:\/\/middleeasttransparent.com\/fr\/liban-un-pays-dans-la-tourmente-interview-duki-dror\/","title":{"rendered":"Liban &#8211; Un pays dans la tourmente:  Interview Duki Dror"},"content":{"rendered":"<p><iframe title=\"Interview Duki Dror - Middle East transparent\" width=\"768\" height=\"432\" src=\"https:\/\/www.youtube.com\/embed\/tXVk5Q_3rwo?feature=oembed\" frameborder=\"0\" allow=\"accelerometer; autoplay; clipboard-write; encrypted-media; gyroscope; picture-in-picture; web-share\" referrerpolicy=\"strict-origin-when-cross-origin\" allowfullscreen><\/iframe><\/p>\n<h2 style=\"text-align: center;\"><strong>*<\/strong><\/h2>\n<p>&nbsp;<\/p>\n<h2 style=\"text-align: center;\"><strong>Liban &#8211; Un pays dans la tourmente<\/strong><\/h2>\n<section class=\"margin-bottom-s program-section layout-cartridge\">\n<div class=\"metas-infos\">\n<div class=\"metas-infos__availability\">Disponible du 14\/11\/2020 au 14\/02\/2021<\/div>\n<div class=\"metas-infos__next-broadcast\">Prochaine diffusion le\u00a0mardi 17 novembre \u00e0 20:50<\/div>\n<div class=\"metas-infos__flex\">\n<div class=\"metas-infos__icons\"><span class=\"next-icon metas-infos__icon css-1anes8e-StyledIcon e1wkpjyp0\" title=\"Sous-titrage malentendant\"><span class=\"css-g0uxzw-StyledTitle e1wkpjyp2\">Sous-titrage malentendant <\/span><\/span><\/div>\n<div class=\"metas-infos__icons\"><span class=\"next-icon metas-infos__icon css-1anes8e-StyledIcon e1wkpjyp0\" title=\"Version fran\u00e7aise\"><span class=\"css-g0uxzw-StyledTitle e1wkpjyp2\">Version fran\u00e7aise<\/span><\/span><span class=\"next-icon metas-infos__icon css-1anes8e-StyledIcon e1wkpjyp0\" title=\"Version originale\"><span class=\"css-g0uxzw-StyledTitle e1wkpjyp2\">Version originale<\/span><\/span><\/div>\n<\/div>\n<\/div>\n<div class=\"program-cartridge__text\"><\/div>\n<p><a class=\"program-cartridge margin-top-xs\" href=\"https:\/\/boutique.arte.tv\/\"><img decoding=\"async\" class=\"program-cartridge__logo\" src=\"https:\/\/static-cdn.arte.tv\/static\/styleguide\/3.83.0\/\/img\/next-program\/vod-unavailable.svg\" alt=\"D\u00e9couvrez l'offre VOD-DVD de la boutique ARTE\" width=\"105\" height=\"59\" aria-hidden=\"true\" \/><\/a><\/p>\n<\/section>\n<section class=\"program-section margin-bottom-s\">\n<div class=\"rich-text program-summary\">\n<p>Comment le Liban, la \u00ab\u00a0Suisse de l\u2019Orient\u00a0\u00bb, a-t-il sombr\u00e9 dans le chaos ? Comment\u00e9e par ses acteurs et des observateurs, une plong\u00e9e \u00e9clairante dans l\u2019histoire tumultueuse du Liban, pour remonter aux sources du d\u00e9sastre actuel.<\/p>\n<\/div>\n<\/section>\n<div>\n<div class=\"hide-for-small-only hide-for-medium-only\">\n<section class=\"program-section margin-bottom-s\">\n<div class=\"rich-text full-description\">\n<p>En 1917, la France et la Grande-Bretagne se partagent la zone arabe de l\u2019Empire ottoman en ruine, dessinant une carte du Moyen-Orient dont les fronti\u00e8res ignorent la mosa\u00efque de confessions religieuses : chr\u00e9tiens, druzes, sunnites et chiites\u2026 La France, qui a h\u00e9rit\u00e9 du Liban, transmet \u00e0 son d\u00e9part, en 1943, le pouvoir aux chr\u00e9tiens, \u00e0 l\u2019\u00e9poque majoritaires. Dans les ann\u00e9es 1960, le Pays du C\u00e8dre conna\u00eet une prosp\u00e9rit\u00e9 et une libert\u00e9 d\u2019expression dont sont priv\u00e9s ses voisins. Mais apr\u00e8s la guerre des Six-Jours en 1967, l\u2019afflux au Sud-Liban de r\u00e9fugi\u00e9s palestiniens, qui s\u2019organisent sous la banni\u00e8re de l\u2019OLP, attise les tensions. D\u00e8s lors, l\u2019engrenage de la violence, entre attentats, exactions des milices phalangistes et ing\u00e9rence des puissances \u00e9trang\u00e8res, d\u2019Isra\u00ebl \u00e0 la Syrie en passant par les \u00c9tats-Unis, l\u2019URSS et la France, pr\u00e9cipite en 1975 le Liban dans une guerre civile au lourd bilan : 150 000 morts et un million d\u2019exil\u00e9s. Minorit\u00e9s, partis politiques et grandes familles s\u2019affrontent dans un imbroglio d\u2019alliances, de retournements et d\u2019enl\u00e8vements o\u00f9 s\u2019engouffrent des seigneurs de guerre. Dans un Beyrouth d\u00e9vast\u00e9, les clans mafieux font main basse sur l\u2019\u00e9conomie. C\u2019est un pays atomis\u00e9 qu\u2019envahit Isra\u00ebl, appuy\u00e9 par l\u2019arm\u00e9e du Sud-Liban en 1982, jusqu\u2019au si\u00e8ge de Beyrouth, avant l\u2019assassinat du pr\u00e9sident fra\u00eechement \u00e9lu Bachir Gemayel, auquel succ\u00e8de son fr\u00e8re Amine. Soutenue par l&rsquo;Iran, la mont\u00e9e en puissance du Hezbollah, parti politique et milice chiite, renforce, apr\u00e8s le retrait d\u2019Isra\u00ebl, le contr\u00f4le du territoire par la Syrie de Bachar el-Assad. Laquelle en sera chass\u00e9e, avec la \u00ab\u00a0r\u00e9volution du C\u00e8dre\u00a0\u00bb, au lendemain du meurtre en 2005 du Premier ministre sunnite Rafiq Hariri, proche de l\u2019Arabie saoudite, qui lui est imput\u00e9. Le Liban croit alors renouer avec l\u2019ind\u00e9pendance : une embellie de courte dur\u00e9e.<\/p>\n<p><strong>Le pi\u00e8ge de la poudri\u00e8re<\/strong><br \/>\nComment le Liban, la \u00ab\u00a0Suisse de l\u2019Orient\u00a0\u00bb, a-t-il sombr\u00e9 dans le chaos ? Alors que la double explosion du 4 ao\u00fbt dernier dans le port de Beyrouth a remis au jour la gabegie et la corruption de la classe politique qui gangr\u00e8nent le pays, ce documentaire remonte le cours tourment\u00e9 de l\u2019histoire de cette jeune nation \u00e0 l\u2019identit\u00e9 forg\u00e9e par dix-huit communaut\u00e9s religieuses. En donnant la parole \u00e0 ses acteurs, d\u2019Amine Gemayel \u00e0 des membres des services de renseignement, \u00e0 des journalistes, dont Thomas Friedman du\u00a0<em>New York Times\u00a0<\/em>et\u00a0l\u2019ex-otage Terry Anderson, et \u00e0 des artistes, il montre comment le pays, au c\u0153ur des enjeux g\u00e9opolitiques depuis sa cr\u00e9ation, s\u2019est retrouv\u00e9 pi\u00e9g\u00e9 dans la poudri\u00e8re du Moyen-Orient. Un \u00e9clairant panorama du chaos libanais, entre imp\u00e9rialisme, terrorisme et faillite d\u2019une oligarchie obs\u00e9d\u00e9e par ses seuls int\u00e9r\u00eats.<\/p>\n<\/div>\n<\/section>\n<section class=\"program-section margin-bottom-s\">\n<div class=\"program-credits row small-up-1 medium-up-2\">\n<ul class=\"columns column-block program-credits__list\">\n<li class=\"row program-credits__list-item\">\n<div class=\"column small-5 medium-5 large-5 xlarge-4\">\n<div class=\"program-credits__label\">R\u00e9alisation :Duki Dror<\/div>\n<\/div>\n<\/li>\n<\/ul>\n<ul class=\"columns column-block program-credits__list\">\n<li class=\"row program-credits__list-item\">\n<div class=\"column small-5 medium-4 large-4 xlarge-3\">\n<div class=\"program-credits__label\">Pays :Allemagne<\/div>\n<\/div>\n<\/li>\n<li class=\"row program-credits__list-item\">\n<div class=\"column small-5 medium-4 large-4 xlarge-3\">\n<div class=\"program-credits__label\">Ann\u00e9e :2020<\/div>\n<\/div>\n<\/li>\n<\/ul>\n<\/div>\n<\/section>\n<\/div>\n<\/div>\n","protected":false},"excerpt":{"rendered":"<p>* &nbsp; Liban &#8211; Un pays dans la tourmente Disponible du 14\/11\/2020 au 14\/02\/2021 Prochaine diffusion le\u00a0mardi 17 novembre \u00e0 20:50 Sous-titrage malentendant Version fran\u00e7aiseVersion originale Comment le Liban, la \u00ab\u00a0Suisse de l\u2019Orient\u00a0\u00bb, a-t-il sombr\u00e9 dans le chaos ? Comment\u00e9e par ses acteurs et des observateurs, une plong\u00e9e \u00e9clairante dans l\u2019histoire tumultueuse du Liban, pour<\/p>\n","protected":false},"author":78,"featured_media":51533,"comment_status":"open","ping_status":"open","sticky":false,"template":"","format":"standard","meta":{"_uf_show_specific_survey":0,"_uf_disable_surveys":false,"footnotes":""},"categories":[37],"tags":[],"class_list":{"0":"post-51530","1":"post","2":"type-post","3":"status-publish","4":"format-standard","5":"has-post-thumbnail","7":"category-alaune-fr"},"aioseo_notices":[],"_links":{"self":[{"href":"https:\/\/middleeasttransparent.com\/fr\/wp-json\/wp\/v2\/posts\/51530","targetHints":{"allow":["GET"]}}],"collection":[{"href":"https:\/\/middleeasttransparent.com\/fr\/wp-json\/wp\/v2\/posts"}],"about":[{"href":"https:\/\/middleeasttransparent.com\/fr\/wp-json\/wp\/v2\/types\/post"}],"author":[{"embeddable":true,"href":"https:\/\/middleeasttransparent.com\/fr\/wp-json\/wp\/v2\/users\/78"}],"replies":[{"embeddable":true,"href":"https:\/\/middleeasttransparent.com\/fr\/wp-json\/wp\/v2\/comments?post=51530"}],"version-history":[{"count":0,"href":"https:\/\/middleeasttransparent.com\/fr\/wp-json\/wp\/v2\/posts\/51530\/revisions"}],"wp:featuredmedia":[{"embeddable":true,"href":"https:\/\/middleeasttransparent.com\/fr\/wp-json\/wp\/v2\/media\/51533"}],"wp:attachment":[{"href":"https:\/\/middleeasttransparent.com\/fr\/wp-json\/wp\/v2\/media?parent=51530"}],"wp:term":[{"taxonomy":"category","embeddable":true,"href":"https:\/\/middleeasttransparent.com\/fr\/wp-json\/wp\/v2\/categories?post=51530"},{"taxonomy":"post_tag","embeddable":true,"href":"https:\/\/middleeasttransparent.com\/fr\/wp-json\/wp\/v2\/tags?post=51530"}],"curies":[{"name":"wp","href":"https:\/\/api.w.org\/{rel}","templated":true}]}}