{"id":50736,"date":"2020-10-22T20:23:18","date_gmt":"2020-10-22T19:23:18","guid":{"rendered":"https:\/\/middleeasttransparent.com\/?p=50736"},"modified":"2020-10-22T20:23:18","modified_gmt":"2020-10-22T19:23:18","slug":"le-liban-redonne-sa-chance-a-saad-hariri","status":"publish","type":"post","link":"https:\/\/middleeasttransparent.com\/fr\/le-liban-redonne-sa-chance-a-saad-hariri\/","title":{"rendered":"Le Liban redonne sa chance \u00e0 Saad Hariri"},"content":{"rendered":"<header class=\"css-1abuj4a e8mzd9n1\">\n<h3 class=\"css-135rrsm edox7vr0\"><span style=\"color: #666699;\">D\u00c9CRYPTAGE &#8211; Le chef sunnite, qui retrouve son si\u00e8ge de premier ministre, incarne la continuit\u00e9 d\u2019un syst\u00e8me d\u00e9cri\u00e9.<\/span><\/h3>\n<\/header>\n<figure class=\"css-ojz01a e109d7m50\"><\/figure>\n<p>&nbsp;<\/p>\n<div class=\"css-1hyf5u0 ey7xkwt0\" data-component=\"fig-content-body\">\n<p class=\"css-s6jpj4 ekabp3u0\">La photo est sur tous les \u00e9crans. Michel Aoun, Nabih Berri, Saad Hariri, assis c\u00f4te \u00e0 c\u00f4te: les immuables \u00abtrois pr\u00e9sidents\u00bb du Liban. Ils \u00e9taient aux commandes du pays il y a un an, lorsque a \u00e9clat\u00e9 un immense mouvement de col\u00e8re populaire contre l\u2019incurie des autorit\u00e9s qui a provoqu\u00e9 un effondrement \u00e9conomique, financier et social sans pr\u00e9c\u00e9dent. Un an plus tard, ils se partagent de nouveau la pr\u00e9sidence de la R\u00e9publique, du Parlement et du Conseil,\u00a0<a class=\"css-15ezjzi esdb6og5\" href=\"https:\/\/www.lefigaro.fr\/international\/liban-saad-hariri-demissionne-sous-la-pression-des-manifestants-20191029\" data-fig-id=\"bGVmaWdhcm8uZnJfXzIxZDllMmZjLWZhN2ItMTFlOS04ZmU2LWJjZGFjMGI2OWMwZl9fQXJ0aWNsZQ==\" data-fig-type=\"Article\" data-gtm-custom-categorie=\"navigation\" data-gtm-custom-action=\"crossclick\" data-gtm-custom-label=\"Contextuel\" data-gtm-event=\"customEventSPE\">comme si la d\u00e9mission de Saad Hariri, le 29 octobre 2019, n\u2019\u00e9tait qu\u2019une m\u00e9prise<\/a>.<\/p>\n<p class=\"css-s6jpj4 ekabp3u0\">Quelque 65 d\u00e9put\u00e9s sur 118 (la Chambre en compte 128, mais huit ont d\u00e9missionn\u00e9 et deux se sont absent\u00e9s) l\u2019ont reconduit dans ses fonctions de premier ministre lors des consultations parlementaires qui continuent de servir de cadre formel \u00e0 la l\u00e9gitimit\u00e9 institutionnelle de la\u00a0<em>\u00abr\u00e9publique zombie\u00bb<\/em>\u00a0libanaise (le qualificatif est employ\u00e9 par le politologue Emile Hokayem). Le leader sunnite obtient moins de voix que les ex-premiers ministres Mustapha Adib et Hassan Diab. Ce dernier a jet\u00e9 l\u2019\u00e9ponge en ao\u00fbt, faute d\u2019avoir pu emp\u00eacher la chute libre provoqu\u00e9e par l\u2019\u00e9clatement de la crise il y a un an. Son successeur, nomm\u00e9 la veille du d\u00e9placement \u00e0 Beyrouth d\u2019Emmanuel Macron le 1<sup>er<\/sup>\u00a0septembre, n\u2019a jamais \u00e9t\u00e9 en mesure de former un cabinet.<\/p>\n<p class=\"css-s6jpj4 ekabp3u0\">En r\u00e9alit\u00e9, Saad Hariri n\u2019avait aucun candidat face \u00e0 lui, et sa d\u00e9signation n\u2019a eu lieu qu\u2019en raison d\u2019un accord pr\u00e9alable sur sa personne entre les principaux chefs communautaires au pouvoir. Ou du moins, de l\u2019absence de v\u00e9to \u00e0 son encontre. C\u2019est ainsi qu\u2019il faut notamment lire la position du Hezbollah, dont le bloc parlementaire n\u2019a pas officiellement soutenu sa candidature, sans toutefois appuyer un concurrent. L\u2019abstention des deux principaux partis chr\u00e9tiens, le Courant patriotique libre et les Forces libanaises, qui n\u2019ont pas davantage pr\u00e9sent\u00e9 de candidat alternatif, s\u2019explique par leur volont\u00e9 de pr\u00e9parer, chacun \u00e0 sa mani\u00e8re, leur prochaine bataille, celle de la pr\u00e9sidence de la R\u00e9publique, d\u00e9volue \u00e0 un maronite, la pr\u00e9sidence du Conseil revenant \u00e0 un sunnite. En ces temps difficiles pour le Liban, traumatis\u00e9 par un appauvrissement brutal, par\u00a0<a class=\"css-15ezjzi esdb6og5\" href=\"https:\/\/www.lefigaro.fr\/conjoncture\/liban-une-explosion-a-10-milliards-de-dollars-20200831\" data-fig-id=\"bGVmaWdhcm8uZnJfX2VjZDY0Y2Y4LWViYWItMTFlYS05OGI4LWMxNGFiZDRiNjNmY19fQXJ0aWNsZQ==\" data-fig-type=\"Article\" data-gtm-custom-categorie=\"navigation\" data-gtm-custom-action=\"crossclick\" data-gtm-custom-label=\"Contextuel\" data-gtm-event=\"customEventSPE\">l\u2019explosion du 4 ao\u00fbt dans le port de Beyrouth<\/a>, sans m\u00eame parler des effets du Covid, leur pari est celui d\u2019une posture opposante.<\/p>\n<h2 class=\"css-1trbs3s e197bajz0\">Le co\u00fbt de l\u2019inaction politique<\/h2>\n<p class=\"css-s6jpj4 ekabp3u0\"><a class=\"css-15ezjzi esdb6og5\" href=\"https:\/\/video.lefigaro.fr\/figaro\/video\/saad-hariri-a-ete-nomme-premier-ministre-du-liban-et-promet-un-gouvernement-dexperts\/\" data-fig-id=\"dmlkZW8ubGVmaWdhcm8uZnJfXzYyMDM4NjQzNzYwMDFfX0FydGljbGU=\" data-fig-type=\"Article\" data-gtm-custom-categorie=\"navigation\" data-gtm-custom-action=\"crossclick\" data-gtm-custom-label=\"Contextuel\" data-gtm-event=\"customEventSPE\">Saad Hariri est tr\u00e8s loin d\u2019\u00eatre l\u2019homme du renouveau<\/a>. Il a d\u00e9j\u00e0 occup\u00e9 ces fonctions entre 2009 et 2011 ainsi qu\u2019entre 2016 et janvier 2020 ; son p\u00e8re, assassin\u00e9 en 2005, ayant quant \u00e0 lui \u00e9t\u00e9 premier ministre de 1992 \u00e0 2004, avec une courte interruption de deux ans. D\u00e8s sa nomination, il a promis de mettre en \u0153uvre\u00a0<em>\u00ables r\u00e9formes \u00e9conomiques, financi\u00e8res et administratives figurant dans l\u2019initiative fran\u00e7aise\u00bb\u00a0<\/em>et de nommer pour cela un cabinet\u00a0<em>\u00abd\u2019experts non partisans\u00bb<\/em>.<\/p>\n<p class=\"css-s6jpj4 ekabp3u0\">Le co\u00fbt de l\u2019inaction politique est tel pour la soci\u00e9t\u00e9 libanaise, dont le PIB a chut\u00e9 de 25 % en une seule ann\u00e9e, selon l\u2019\u00e9conomiste Amer Bisat, soit autant que les \u00c9tats-Unis pendant les cinq ans qu\u2019ont dur\u00e9 la Grande D\u00e9pression, qu\u2019il faut s\u2019attendre \u00e0 des\u00a0<em>\u00abcons\u00e9quences fatales si le vide politique persiste\u00bb<\/em>. D\u2019o\u00f9 l\u2019espoir que veulent malgr\u00e9 tout placer dans le retour de Hariri ceux qui jugent prioritaire de tout faire pour entraver la poursuite de l\u2019effondrement, quitte \u00e0 miser sur ceux-l\u00e0 m\u00eames qui l\u2019ont provoqu\u00e9, aucune alternative politique n\u2019ayant encore r\u00e9ussi \u00e0 s\u2019imposer. C\u2019est le sens du \u00abpacte\u00bb propos\u00e9 par la France aux partis politiques libanais conditionnant l\u2019aide internationale \u00e0 une s\u00e9rie de mesures: contr\u00f4le des capitaux, r\u00e9solution bancaire, restructuration des dettes, unification des taux de change, audit de la Banque centrale, r\u00e9forme des douanes, r\u00e9forme des march\u00e9s publics, ind\u00e9pendance de la justice, r\u00e9forme du secteur de l\u2019\u00e9lectricit\u00e9, programme de stabilisation sous la houlette du FMI\u2026 Autant de chantiers que se sont refus\u00e9es \u00e0 mener les autorit\u00e9s jusque-l\u00e0, tant ils touchent au c\u0153ur des int\u00e9r\u00eats de l\u2019oligarchie au pouvoir.<\/p>\n<p><a href=\"https:\/\/www.lefigaro.fr\/international\/le-liban-redonne-sa-chance-a-saad-hariri-20201022\">LE FIGARO<\/a><\/p>\n<\/div>\n","protected":false},"excerpt":{"rendered":"<p>D\u00c9CRYPTAGE &#8211; Le chef sunnite, qui retrouve son si\u00e8ge de premier ministre, incarne la continuit\u00e9 d\u2019un syst\u00e8me d\u00e9cri\u00e9. &nbsp; La photo est sur tous les \u00e9crans. Michel Aoun, Nabih Berri, Saad Hariri, assis c\u00f4te \u00e0 c\u00f4te: les immuables \u00abtrois pr\u00e9sidents\u00bb du Liban. Ils \u00e9taient aux commandes du pays il y a un an, lorsque a<\/p>\n","protected":false},"author":725,"featured_media":50742,"comment_status":"open","ping_status":"open","sticky":false,"template":"","format":"standard","meta":{"_uf_show_specific_survey":0,"_uf_disable_surveys":false,"footnotes":""},"categories":[37],"tags":[],"class_list":{"0":"post-50736","1":"post","2":"type-post","3":"status-publish","4":"format-standard","5":"has-post-thumbnail","7":"category-alaune-fr"},"aioseo_notices":[],"_links":{"self":[{"href":"https:\/\/middleeasttransparent.com\/fr\/wp-json\/wp\/v2\/posts\/50736","targetHints":{"allow":["GET"]}}],"collection":[{"href":"https:\/\/middleeasttransparent.com\/fr\/wp-json\/wp\/v2\/posts"}],"about":[{"href":"https:\/\/middleeasttransparent.com\/fr\/wp-json\/wp\/v2\/types\/post"}],"author":[{"embeddable":true,"href":"https:\/\/middleeasttransparent.com\/fr\/wp-json\/wp\/v2\/users\/725"}],"replies":[{"embeddable":true,"href":"https:\/\/middleeasttransparent.com\/fr\/wp-json\/wp\/v2\/comments?post=50736"}],"version-history":[{"count":0,"href":"https:\/\/middleeasttransparent.com\/fr\/wp-json\/wp\/v2\/posts\/50736\/revisions"}],"wp:featuredmedia":[{"embeddable":true,"href":"https:\/\/middleeasttransparent.com\/fr\/wp-json\/wp\/v2\/media\/50742"}],"wp:attachment":[{"href":"https:\/\/middleeasttransparent.com\/fr\/wp-json\/wp\/v2\/media?parent=50736"}],"wp:term":[{"taxonomy":"category","embeddable":true,"href":"https:\/\/middleeasttransparent.com\/fr\/wp-json\/wp\/v2\/categories?post=50736"},{"taxonomy":"post_tag","embeddable":true,"href":"https:\/\/middleeasttransparent.com\/fr\/wp-json\/wp\/v2\/tags?post=50736"}],"curies":[{"name":"wp","href":"https:\/\/api.w.org\/{rel}","templated":true}]}}