{"id":50590,"date":"2020-10-18T22:55:16","date_gmt":"2020-10-18T21:55:16","guid":{"rendered":"https:\/\/middleeasttransparent.com\/?p=50590"},"modified":"2020-10-18T22:56:31","modified_gmt":"2020-10-18T21:56:31","slug":"le-parent-deleve-savere-agent-provocateur-avec-des-liena-a-daesh-et-les-freres","status":"publish","type":"post","link":"https:\/\/middleeasttransparent.com\/fr\/le-parent-deleve-savere-agent-provocateur-avec-des-liena-a-daesh-et-les-freres\/","title":{"rendered":"Le parent d&rsquo;\u00e9l\u00e8ve s\u2019av\u00e8re agent provocateur avec des liena \u00e0 Daesh et les Fr\u00e8res"},"content":{"rendered":"<h3>Le parent d\u2019\u00e9l\u00e8ves qui avait protest\u00e9 aussi sur Facebook avait d\u00e9j\u00e0 fait l objet d\u2019une note en 2014 apr\u00e8s q\u2019une de de ses s\u0153urs soit all\u00e9 rejoindre Daesh en Syrie!<\/h3>\n<p>&nbsp;<\/p>\n<p>Il \u00e9tait tres proche du franco marocain Abdelhakim Sefraoui.<\/p>\n<p>Ce pr\u00eacheur qui s \u2018\u00e9tait rendu \u00e0 l\u2019\u00e8cole pour demander l \u2018exclusion du professeur avait cr\u00e9\u00e9 un collectif \u00e0 la m\u00e9moire du cheikh Yassine, le chef du Hamas tu\u00e9 par les isra\u00e9liens.<\/p>\n<p>Abdelhakim Sefraoui \u00e9tait membre du Comit\u00e9 de bienfaisance de la Palestine qui est sous le contr\u00f4le des fr\u00e8res musulmans en France.<\/p>\n<p>De plus, et selon les tous derniers \u00e9l\u00e9ments de l\u2019enqu\u00eate, le p\u00e8re de l&rsquo;\u00e9l\u00e8ve \u00e0 l&rsquo;origine de la vid\u00e9o ne dit pas la v\u00e9rit\u00e9 dans son message. En r\u00e9alit\u00e9, sa fille ne se trouvait pas dans la classe le jour o\u00f9 l&rsquo;enseignant \u00e0 montr\u00e9 la caricature aux \u00e9l\u00e8ves, et n&rsquo;a m\u00eame jamais eu cours avec la victime, ayant un autre professeur d&rsquo;histoire. Peut-\u00eatre avait-elle entendu parler de l\u2019\u00e9pisode des caricatures et l\u2019a-t-elle racont\u00e9 chez elle.<\/p>\n","protected":false},"excerpt":{"rendered":"<p>Le parent d\u2019\u00e9l\u00e8ves qui avait protest\u00e9 aussi sur Facebook avait d\u00e9j\u00e0 fait l objet d\u2019une note en 2014 apr\u00e8s q\u2019une de de ses s\u0153urs soit all\u00e9 rejoindre Daesh en Syrie! &nbsp; Il \u00e9tait tres proche du franco marocain Abdelhakim Sefraoui. Ce pr\u00eacheur qui s \u2018\u00e9tait rendu \u00e0 l\u2019\u00e8cole pour demander l \u2018exclusion du professeur avait<\/p>\n","protected":false},"author":87,"featured_media":50587,"comment_status":"open","ping_status":"open","sticky":false,"template":"","format":"standard","meta":{"_uf_show_specific_survey":0,"_uf_disable_surveys":false,"footnotes":""},"categories":[37],"tags":[],"class_list":{"0":"post-50590","1":"post","2":"type-post","3":"status-publish","4":"format-standard","5":"has-post-thumbnail","7":"category-alaune-fr"},"aioseo_notices":[],"_links":{"self":[{"href":"https:\/\/middleeasttransparent.com\/fr\/wp-json\/wp\/v2\/posts\/50590","targetHints":{"allow":["GET"]}}],"collection":[{"href":"https:\/\/middleeasttransparent.com\/fr\/wp-json\/wp\/v2\/posts"}],"about":[{"href":"https:\/\/middleeasttransparent.com\/fr\/wp-json\/wp\/v2\/types\/post"}],"author":[{"embeddable":true,"href":"https:\/\/middleeasttransparent.com\/fr\/wp-json\/wp\/v2\/users\/87"}],"replies":[{"embeddable":true,"href":"https:\/\/middleeasttransparent.com\/fr\/wp-json\/wp\/v2\/comments?post=50590"}],"version-history":[{"count":0,"href":"https:\/\/middleeasttransparent.com\/fr\/wp-json\/wp\/v2\/posts\/50590\/revisions"}],"wp:featuredmedia":[{"embeddable":true,"href":"https:\/\/middleeasttransparent.com\/fr\/wp-json\/wp\/v2\/media\/50587"}],"wp:attachment":[{"href":"https:\/\/middleeasttransparent.com\/fr\/wp-json\/wp\/v2\/media?parent=50590"}],"wp:term":[{"taxonomy":"category","embeddable":true,"href":"https:\/\/middleeasttransparent.com\/fr\/wp-json\/wp\/v2\/categories?post=50590"},{"taxonomy":"post_tag","embeddable":true,"href":"https:\/\/middleeasttransparent.com\/fr\/wp-json\/wp\/v2\/tags?post=50590"}],"curies":[{"name":"wp","href":"https:\/\/api.w.org\/{rel}","templated":true}]}}