{"id":50545,"date":"2020-10-16T21:24:15","date_gmt":"2020-10-16T20:24:15","guid":{"rendered":"https:\/\/middleeasttransparent.com\/?p=50545"},"modified":"2020-10-16T21:24:15","modified_gmt":"2020-10-16T20:24:15","slug":"la-levee-de-lembargo-sur-les-armes-a-destination-de-liran-serait-une-erreur-strategique-majeure","status":"publish","type":"post","link":"https:\/\/middleeasttransparent.com\/fr\/la-levee-de-lembargo-sur-les-armes-a-destination-de-liran-serait-une-erreur-strategique-majeure\/","title":{"rendered":"\u00ab\u00a0La lev\u00e9e de l\u2019embargo sur les armes \u00e0 destination de l\u2019Iran serait une erreur strat\u00e9gique majeure\u00a0\u00bb"},"content":{"rendered":"<header class=\"article__header article__header--opinion \">\n<h3 class=\"article__title article__title--opinion\"><span style=\"color: #666699;\">D\u00e9cr\u00e9t\u00e9e par l\u2019ONU et l\u2019Union europ\u00e9enne, la mesure arrive \u00e0 \u00e9ch\u00e9ance le 18 octobre. Sa reconduction est un instrument essentiel pour r\u00e9tablir ou maintenir la paix et la s\u00e9curit\u00e9 internationales soulignent, dans une tribune au \u00ab Monde \u00bb, des parlementaires de la majorit\u00e9 et de l\u2019opposition, dont d\u2019anciens premiers ministres et d\u2019anciens ministres des affaires \u00e9trang\u00e8res ou de la d\u00e9fense, parmi lesquels Bernard Cazeneuve, Daniel Cohn-Bendit et Bernard Kouchner.<\/span><\/h3>\n<p>&nbsp;<\/p>\n<p class=\"article__status article__status--opinion\">\n<\/header>\n<section class=\"article__wrapper article__wrapper--premium \">\n<article class=\"article__content old__article-content-single\">\n<p class=\"article__paragraph \"><strong>Tribune.\u00a0<\/strong>Le syst\u00e8me international est entr\u00e9 dans une phase chaotique. Les structures multilat\u00e9rales qui constituaient l\u2019\u00e9pine dorsale de notre strat\u00e9gie d\u2019influence sont mises \u00e0 mal. La pand\u00e9mie a acc\u00e9l\u00e9r\u00e9 ce processus. Des dirigeants belliqueux cherchent \u00e0 mettre \u00e0 profit cette confusion grandissante pour \u00e9tendre leur influence en menant une politique expansionniste et d\u00e9stabilisatrice.<\/p>\n<p class=\"article__paragraph \">Face \u00e0 ces immenses d\u00e9fis, la pire des attitudes consisterait \u00e0 se d\u00e9fausser en tenant les instances multilat\u00e9rales \u00e0 l\u2019\u00e9cart des dossiers les plus sensibles, alors m\u00eame que les contentieux non r\u00e9solus fragilisent davantage ces derni\u00e8res. C\u2019est notamment le cas de la question de l\u2019embargo sur les armes \u00e0 destination ou en provenance de l\u2019Iran impos\u00e9 par l\u2019Union europ\u00e9enne et les Nations unies en application de la r\u00e9solution 2231 du Conseil de s\u00e9curit\u00e9. Cet embargo arrive \u00e0 \u00e9ch\u00e9ance le 18\u00a0octobre. Sa non-reconduction serait une erreur strat\u00e9gique majeure dont les r\u00e9percussions se feraient sentir bien au-del\u00e0 du Moyen-Orient et du sous-continent indien.<\/p>\n<p class=\"article__paragraph \">Parlementaires et responsables politiques issus de la majorit\u00e9 comme de l\u2019opposition, nous sommes bien s\u00fbr attach\u00e9s \u00e0 l\u2019autonomie strat\u00e9gique de notre pays et tenons d\u2019embl\u00e9e \u00e0 souligner que notre d\u00e9marche ne consiste en rien \u00e0 s\u2019aligner sur la position d\u00e9fendue par l\u2019actuelle administration am\u00e9ricaine. Certains d\u2019entre nous ont avec cette derni\u00e8re des d\u00e9saccords de fond. Pour autant, nous ne pouvons pas faire l\u2019impasse sur les graves r\u00e9percussions diplomatiques, s\u00e9curitaires et \u00e9conomiques que ne manquerait pas d\u2019occasionner la lev\u00e9e de l\u2019embargo sur les armes \u00e0 destination de l\u2019Iran.<\/p>\n<h2 class=\"article__sub-title\">Facteur de d\u00e9stabilisation<\/h2>\n<p class=\"article__paragraph \">Cette d\u00e9cision funeste contribuera tout d\u2019abord \u00e0 accro\u00eetre les antagonismes au Moyen-Orient et constituera un nouveau facteur de d\u00e9stabilisation dans une r\u00e9gion qui traverse de graves crises. Dans ce contexte, la rivalit\u00e9 irano-saoudienne a pris, ces derniers mois, une tournure particuli\u00e8rement inqui\u00e9tante.<\/p>\n<p class=\"article__paragraph \">Ces deux puissances r\u00e9gionales s\u2019affrontent dans un conflit indirect, mais de plus en plus violent, en Irak, en Syrie, au Y\u00e9men, ainsi qu\u2019au Liban. Le risque de guerre ouverte est r\u00e9el tant les facteurs qui alimentent cet affrontement sont nombreux\u00a0: lutte pour le leadership r\u00e9gional, id\u00e9ologies religieuses concurrentes et rivalit\u00e9 \u00e9conomique li\u00e9e au march\u00e9 des mati\u00e8res premi\u00e8res.<\/p>\n<p class=\"article__paragraph \">La lev\u00e9e de l\u2019embargo sur les armes aura une deuxi\u00e8me cons\u00e9quence majeure particuli\u00e8rement n\u00e9faste pour la s\u00e9curit\u00e9 et la stabilit\u00e9 r\u00e9gionales. En permettant au r\u00e9gime iranien d\u2019acheter librement des armes, mais aussi de les vendre et donc de les exporter, cette d\u00e9cision d\u00e9clenchera in\u00e9vitablement une course aux armements au Moyen-Orient. La n\u00e9buleuse de milices islamistes chiites que T\u00e9h\u00e9ran arme, finance et entra\u00eene en sera la principale b\u00e9n\u00e9ficiaire. Cette guerre par milices interpos\u00e9es exacerbe les fractures id\u00e9ologiques et ethno-confessionnelles qui sont le terreau des conflits du Moyen-Orient.<\/p>\n<p class=\"article__paragraph \">En Irak et en Syrie, les milices chiites afghanes, irakiennes et pakistanaises ont perp\u00e9tr\u00e9 nombre de massacres contre les populations civiles. Au Y\u00e9men, la guerre civile dans laquelle a sombr\u00e9 ce pays a permis \u00e0 T\u00e9h\u00e9ran d\u2019accro\u00eetre sa capacit\u00e9 de nuisance en fournissant \u00e0 Ansar Allah, la r\u00e9bellion islamiste houthiste, des missiles balistiques ainsi que des drones d\u2019attaque.<\/p>\n<h2 class=\"article__sub-title\">Un obstacle \u00e0 la m\u00e9diation fran\u00e7aise<\/h2>\n<p class=\"article__paragraph \">Dans la bande de Gaza, l\u2019Iran a resserr\u00e9 ses liens avec les groupes terroristes islamistes palestiniens du Jihad Islamique et du Hamas, dont l\u2019aventurisme militaire risque d\u2019entra\u00eener le territoire palestinien, d\u00e9j\u00e0 exsangue, dans une nouvelle confrontation avec Isra\u00ebl. Au Liban, le Hezbollah, bras arm\u00e9 de l\u2019Iran au pays du C\u00e8dre, est le principal obstacle \u00e0 la m\u00e9diation fran\u00e7aise.<\/p>\n<p class=\"article__paragraph \">Etat dans l\u2019Etat, la milice chiite pro-Iran a pris en otage la population libanaise en faisant \u00e9chouer l\u2019av\u00e8nement d\u2019un gouvernement de mission ind\u00e9pendant qui aurait pu permettre \u00e0 ce pays cher \u00e0 nos c\u0153urs de sortir d\u2019une crise \u00e9conomique et financi\u00e8re sans pr\u00e9c\u00e9dent. En Afghanistan, l\u2019Iran a accru son soutien \u00e0 l\u2019insurrection des talibans en fournissant entra\u00eenement, armes et financement aux fondamentalistes islamistes.<\/p>\n<p class=\"article__paragraph \">L\u2019augmentation de l\u2019approvisionnement en mat\u00e9riel militaire de pointe au profit des \u00ab\u00a0proxys\u00a0\u00bb pro-Iran pourrait \u00e9galement gravement mettre en danger nos troupes engag\u00e9es sur les diff\u00e9rents th\u00e9\u00e2tres d\u2019op\u00e9ration au Moyen-Orient. Cette menace est r\u00e9elle et multiforme.<\/p>\n<p class=\"article__paragraph \">Nos forces terrestres, a\u00e9riennes et navales sont pr\u00e9sentes dans la r\u00e9gion \u00e0 travers l\u2019op\u00e9ration \u00ab\u00a0Daman\u00a0\u00bb au Liban et \u00ab\u00a0Chammal\u00a0\u00bb en Irak et en Syrie. Notre pays est l\u2019un des principaux pays contributeurs de la Force int\u00e9rimaire des Nations unies au Liban (Finul). Or la menace constitu\u00e9e par la diffusion de capacit\u00e9s de frappe de pr\u00e9cision et l\u2019utilisation d\u2019essaims de drones d\u2019attaque par les milices pro-Iran posent un d\u00e9fi majeur et croissant pour la s\u00e9curisation de nos bases militaires, qui servent de soutien et d\u2019appui \u00e0 nos troupes dans la r\u00e9gion.<\/p>\n<h2 class=\"article__sub-title\">Aveu de faiblesse<\/h2>\n<p class=\"article__paragraph \">Notre pays pourrait \u00e9galement faire les frais, sur le sol national cette fois, d\u2019une lev\u00e9e de l\u2019embargo sur les armes \u00e0 destination de l\u2019Iran, car le r\u00e9gime des mollahs est fortement impliqu\u00e9 dans le soutien au terrorisme international. La justice belge vient \u00e0 nouveau d\u2019en apporter la preuve.<\/p>\n<p class=\"article__paragraph \">Il est d\u00e9sormais \u00e9tabli que le projet d\u2019attentat terroriste qui visait une coalition de mouvements oppos\u00e9s \u00e0 la dictature islamiste iranienne r\u00e9unie le 30\u00a0juin\u00a02018 \u00e0 Villepinte, a\u00a0<em>\u00ab\u00a0\u00e9t\u00e9 con\u00e7u au nom de l\u2019Iran et sous son impulsion\u00a0\u00bb,<\/em> selon les mots du procureur f\u00e9d\u00e9ral. L\u2019attentat avait \u00e9t\u00e9 d\u00e9jou\u00e9 in extremis \u00e0 Bruxelles, le jour m\u00eame o\u00f9 la bombe devait \u00eatre achemin\u00e9e en France.<\/p>\n<p class=\"article__paragraph \">Enfin, la lev\u00e9e de l\u2019embargo sur les armes porterait gravement atteinte \u00e0 la cr\u00e9dibilit\u00e9 de la position europ\u00e9enne sur la question de la prolif\u00e9ration nucl\u00e9aire et balistique. Une telle d\u00e9cision serait particuli\u00e8rement malvenue, alors que l\u2019Agence internationale de l\u2019\u00e9nergie atomique a r\u00e9cemment r\u00e9v\u00e9l\u00e9 que la R\u00e9publique islamique d\u00e9tenait un stock d\u2019uranium d\u00e9passant d\u00e9sormais de dix fois la limite autoris\u00e9e par l\u2019accord sign\u00e9 \u00e0 Vienne en\u00a02015.<\/p>\n<p class=\"article__paragraph \">Le manque de fermet\u00e9 sur le volet conventionnel de l\u2019armement iranien pourrait bien porter le coup de gr\u00e2ce \u00e0 cet accord. La lev\u00e9e de l\u2019embargo sur les armes serait immanquablement per\u00e7ue par le r\u00e9gime comme un aveu de faiblesse. Elle donnerait de facto un blanc-seing \u00e0 la th\u00e9ocratie iranienne pour renforcer sa politique d\u2019ing\u00e9rence r\u00e9gionale et encouragerait T\u00e9h\u00e9ran \u00e0 multiplier ses manquements \u00e0 ses engagements sur le volet nucl\u00e9aire.<\/p>\n<h2 class=\"article__sub-title\">Un r\u00f4le de m\u00e9diateur<\/h2>\n<p class=\"article__paragraph \">La France est un pays qui compte au Moyen-Orient. Nous poss\u00e9dons une rare combinaison de \u00ab soft power \u00bb \u2013 nous parlons \u00e0 tout le monde \u2013 et de \u00ab hard power \u00bb, incarn\u00e9 par notre pr\u00e9sence militaire renforc\u00e9e dans le golfe Arabo-Persique. Notre pays est donc apte \u00e0 jouer le r\u00f4le de m\u00e9diateur entre les bellig\u00e9rants qui pourraient permettre d\u2019enclencher un processus de d\u00e9sescalade. Or la lev\u00e9e de l\u2019embargo sur les armes confortera au contraire le r\u00e9gime des mollahs dans sa logique expansionniste en renfor\u00e7ant d\u2019autant sa capacit\u00e9 de nuisance.<\/p>\n<p class=\"article__paragraph \">Opter en faveur de la solution de facilit\u00e9 consistant \u00e0 tenter de r\u00e9gler la question de la limitation de l\u2019arsenal de guerre iranien \u00ab\u00a0\u00e0 l\u2019amiable\u00a0\u00bb, en l\u2019absence d\u2019un cadre juridique international contraignant, serait un leurre et pourrait avoir des cons\u00e9quences d\u00e9sastreuses. Nous rappelons \u00e0 ce titre qu\u2019il existe actuellement quatorze embargos sur les armes impos\u00e9s par le Conseil de s\u00e9curit\u00e9\u0301 en vertu du chapitre\u00a0VII de la Charte des Nations unies. Ces embargos sont un instrument essentiel pour r\u00e9tablir ou maintenir la paix et la s\u00e9curit\u00e9 internationales.<\/p>\n<p class=\"article__paragraph \">L\u2019Union europ\u00e9enne est le pilier du multilat\u00e9ralisme et la France l\u2019un de ses principaux garants. La d\u00e9fense du multilat\u00e9ralisme repose sur la promotion d\u2019une politique internationale soucieuse des droits humains, de la s\u00e9curit\u00e9 internationale et de la r\u00e9solution pacifique des conflits. Ces objectifs sont tout simplement incompatibles avec la lev\u00e9e de l\u2019embargo sur les armes \u00e0 destination de l\u2019Iran, qui augmentera le risque d\u2019un conflit arm\u00e9 international.<\/p>\n<p class=\"article__paragraph \">Il est donc imp\u00e9rieux d\u2019agir, et au plus vite. Nous demandons donc au gouvernement et au pr\u00e9sident de la R\u00e9publique de prendre toutes les mesures n\u00e9cessaires pour que l\u2019embargo sur les armes soit prolong\u00e9 et que l\u2019Iran respecte tous ses engagements internationaux.<\/p>\n<p style=\"text-align: center;\">*<\/p>\n<p>&nbsp;<\/p>\n<section class=\"catcher catcher--reference js-catcher\">\n<p class=\"catcher__desc\"><span class=\"catcher__label\"><strong>Premiers signataires\u00a0:<\/strong><strong>Aurore Berg\u00e9,<\/strong>\u00a0d\u00e9put\u00e9e des Yvelines, membre de la commission des affaires culturelles, LRM\u00a0;\u00a0<strong>Bernard Cazeneuve,<\/strong>\u00a0ancien premier ministre, ancien ministre de l\u2019int\u00e9rieur, PS\u00a0;\u00a0<strong>Eric Ciotti,<\/strong>\u00a0d\u00e9put\u00e9 des Alpes-Maritimes, questeur, LR\u00a0;\u00a0<strong>Daniel Cohn-Bendit,<\/strong>\u00a0ancien parlementaire europ\u00e9en\u00a0;\u00a0<strong>Philippe Dallier,<\/strong>\u00a0s\u00e9nateur de la Seine-Saint-Denis, membre de la commission des finances, LR\u00a0;\u00a0<strong>Andr\u00e9 Gattolin<\/strong>, s\u00e9nateur des Hauts-de-Seine, vice-pr\u00e9sident de la commission des affaires \u00e9trang\u00e8res, de la d\u00e9fense et des forces arm\u00e9es\u00a0; vice-pr\u00e9sident de la commission des affaires europ\u00e9ennes, LRM\u00a0;\u00a0<strong>Meyer Habib<\/strong>, d\u00e9put\u00e9 des Fran\u00e7ais de l\u2019\u00e9tranger, vice-pr\u00e9sident de la commission des affaires \u00e9trang\u00e8res, UDI\u00a0;\u00a0<strong>Michel Herbillon<\/strong>, d\u00e9put\u00e9 du Val-de-Marne, vice-pr\u00e9sident de la commission des affaires \u00e9trang\u00e8res, LR\u00a0;\u00a0<strong>Bernard Kouchner,<\/strong>\u00a0ancien ministre des affaires \u00e9trang\u00e8res\u00a0;\u00a0<strong>Christophe Lagarde<\/strong>, d\u00e9put\u00e9 de la Seine-Saint-Denis, pr\u00e9sident de l\u2019UDI\u00a0;\u00a0<strong>Fran\u00e7ois L\u00e9otard<\/strong>, ancien ministre de la d\u00e9fense\u00a0;\u00a0<strong>Guillaume Peltier,<\/strong>\u00a0d\u00e9put\u00e9 de Loir-et-Cher, membre de la commission des affaires culturelles et de l\u2019\u00e9ducation, vice-pr\u00e9sident de LR\u00a0;\u00a0<strong>Bertrand Sorre<\/strong>, d\u00e9put\u00e9 de la Manche, secr\u00e9taire de l\u2019Assembl\u00e9e nationale\u00a0; LRM\u00a0;\u00a0<strong>Rachid Temal<\/strong>, s\u00e9nateur du Val-d\u2019Oise, membre de la commission des affaires \u00e9trang\u00e8res, de la d\u00e9fense et des forces arm\u00e9es, PS\u00a0;\u00a0<strong>Andr\u00e9 Vallini<\/strong>, s\u00e9nateur de l\u2019Is\u00e8re, membre de la commission des affaires \u00e9trang\u00e8res, de la d\u00e9fense et des forces arm\u00e9es, ancien ministre, PS\u00a0;\u00a0<strong>Manuel Valls<\/strong>, ancien premier ministre.<\/span><\/p>\n<\/section>\n<p><a href=\"https:\/\/www.lemonde.fr\/idees\/article\/2020\/10\/16\/la-levee-de-l-embargo-sur-les-armes-a-destination-de-l-iran-serait-une-erreur-strategique-majeure_6056346_3232.html\">LE MONDE<\/a><\/p>\n<section class=\"author\"><\/section>\n<\/article>\n<\/section>\n","protected":false},"excerpt":{"rendered":"<p>D\u00e9cr\u00e9t\u00e9e par l\u2019ONU et l\u2019Union europ\u00e9enne, la mesure arrive \u00e0 \u00e9ch\u00e9ance le 18 octobre. Sa reconduction est un instrument essentiel pour r\u00e9tablir ou maintenir la paix et la s\u00e9curit\u00e9 internationales soulignent, dans une tribune au \u00ab Monde \u00bb, des parlementaires de la majorit\u00e9 et de l\u2019opposition, dont d\u2019anciens premiers ministres et d\u2019anciens ministres des affaires<\/p>\n","protected":false},"author":134,"featured_media":50549,"comment_status":"open","ping_status":"open","sticky":false,"template":"","format":"standard","meta":{"_uf_show_specific_survey":0,"_uf_disable_surveys":false,"footnotes":""},"categories":[37],"tags":[],"class_list":{"0":"post-50545","1":"post","2":"type-post","3":"status-publish","4":"format-standard","5":"has-post-thumbnail","7":"category-alaune-fr"},"aioseo_notices":[],"_links":{"self":[{"href":"https:\/\/middleeasttransparent.com\/fr\/wp-json\/wp\/v2\/posts\/50545","targetHints":{"allow":["GET"]}}],"collection":[{"href":"https:\/\/middleeasttransparent.com\/fr\/wp-json\/wp\/v2\/posts"}],"about":[{"href":"https:\/\/middleeasttransparent.com\/fr\/wp-json\/wp\/v2\/types\/post"}],"author":[{"embeddable":true,"href":"https:\/\/middleeasttransparent.com\/fr\/wp-json\/wp\/v2\/users\/134"}],"replies":[{"embeddable":true,"href":"https:\/\/middleeasttransparent.com\/fr\/wp-json\/wp\/v2\/comments?post=50545"}],"version-history":[{"count":0,"href":"https:\/\/middleeasttransparent.com\/fr\/wp-json\/wp\/v2\/posts\/50545\/revisions"}],"wp:featuredmedia":[{"embeddable":true,"href":"https:\/\/middleeasttransparent.com\/fr\/wp-json\/wp\/v2\/media\/50549"}],"wp:attachment":[{"href":"https:\/\/middleeasttransparent.com\/fr\/wp-json\/wp\/v2\/media?parent=50545"}],"wp:term":[{"taxonomy":"category","embeddable":true,"href":"https:\/\/middleeasttransparent.com\/fr\/wp-json\/wp\/v2\/categories?post=50545"},{"taxonomy":"post_tag","embeddable":true,"href":"https:\/\/middleeasttransparent.com\/fr\/wp-json\/wp\/v2\/tags?post=50545"}],"curies":[{"name":"wp","href":"https:\/\/api.w.org\/{rel}","templated":true}]}}