{"id":50503,"date":"2020-10-14T18:34:33","date_gmt":"2020-10-14T17:34:33","guid":{"rendered":"https:\/\/middleeasttransparent.com\/?p=50503"},"modified":"2020-10-14T18:34:33","modified_gmt":"2020-10-14T17:34:33","slug":"entre-israel-et-le-liban-des-negociations-en-eaux-troubles","status":"publish","type":"post","link":"https:\/\/middleeasttransparent.com\/fr\/entre-israel-et-le-liban-des-negociations-en-eaux-troubles\/","title":{"rendered":"Entre Isra\u00ebl et le Liban, des n\u00e9gociations en eaux troubles"},"content":{"rendered":"<header class=\"article__header \">\n<div class=\"article__heading\">\n<h3 class=\"article__desc\"><span style=\"color: #666699;\">Le pays du c\u00e8dre et l\u2019Etat h\u00e9breu, techniquement en \u00e9tat de guerre, d\u00e9butent des pourparlers mercredi sur le trac\u00e9 de leur fronti\u00e8re maritime. Un accord de d\u00e9marcation pourrait d\u00e9bloquer l\u2019exploration de cette zone, r\u00e9put\u00e9e tr\u00e8s riche en gaz.<\/span><\/h3>\n<p>&nbsp;<\/p>\n<\/div>\n<\/header>\n<section class=\"article__wrapper article__wrapper--premium \">\n<article class=\"article__content old__article-content-single\">\n<p class=\"article__paragraph \">Entre Isra\u00e9liens et Libanais, l\u2019app\u00e2t du gaz est plus fort que les vieilles animosit\u00e9s. Les deux voisins, entre lesquels le sang a beaucoup coul\u00e9 et qui sont techniquement toujours en \u00e9tat de guerre, ont engag\u00e9, mercredi 14\u00a0octobre,\u00a0<a href=\"https:\/\/www.lemonde.fr\/international\/article\/2020\/10\/03\/israel-et-le-liban-prets-a-negocier-la-delimitation-de-leurs-frontieres_6054634_3210.html\">des pourparlers sur leur fronti\u00e8re maritime.<\/a><\/p>\n<p class=\"article__paragraph \">Ces n\u00e9gociations bilat\u00e9rales, une premi\u00e8re entre les deux pays en pr\u00e8s de quarante ans, visent \u00e0 tracer la ligne de partage de leur zone \u00e9conomique exclusive (ZEE), l\u2019espace de 200\u00a0milles marins \u00e0 partir des c\u00f4tes o\u00f9 les Etats sont souverains en mati\u00e8re d\u2019exploitation des ressources. Un accord de d\u00e9marcation officiel pourrait d\u00e9bloquer l\u2019exploration de ces eaux, qui sont r\u00e9put\u00e9es tr\u00e8s riches en gaz.<\/p>\n<section class=\"catcher catcher--inline\"><span class=\"catcher__title\"><span class=\"icon__premium\"><span class=\"sr-only\">Article r\u00e9serv\u00e9 \u00e0 nos abonn\u00e9s<\/span><\/span>\u00a0Lire aussi\u00a0<\/span><span class=\"catcher__desc\">\u00a0<a class=\"js-article-read-also\" href=\"https:\/\/www.lemonde.fr\/international\/article\/2020\/09\/25\/comment-le-gaz-rebat-les-cartes-en-mediterranee-orientale_6053584_3210.html\" data-premium=\"1\">Comment le gaz rebat les cartes en M\u00e9diterran\u00e9e orientale<\/a><\/span><\/section>\n<p>&nbsp;<\/p>\n<p class=\"article__paragraph \">Les deux d\u00e9l\u00e9gations, compos\u00e9es de militaires et de sp\u00e9cialistes des questions \u00e9nerg\u00e9tiques, se retrouvent \u00e0 Naqoura, dans le sud du Liban, au quartier g\u00e9n\u00e9ral de la Force int\u00e9rimaire des Nations unies au Liban (Finul), en pr\u00e9sence de l\u2019Am\u00e9ricain David Schenker, secr\u00e9taire d\u2019Etat adjoint charg\u00e9 du Proche-Orient. Le processus de n\u00e9gociation est plac\u00e9 sous les auspices de l\u2019ONU, les Etats-Unis y jouant le r\u00f4le de m\u00e9diateur. L\u2019enjeu est particuli\u00e8rement important pour le Liban, un pays en faillite, menac\u00e9 de dislocation, dont le gouvernement est d\u00e9missionnaire depuis deux mois.<\/p>\n<p class=\"article__paragraph \">La d\u00e9limitation des ZEE, rendue urgente par la d\u00e9couverte de nombreux gisements gaziers, \u00e0\u00a0la fin des ann\u00e9es 2000, en M\u00e9diterran\u00e9e orientale, bute sur un espace maritime de 860\u00a0km<sup>2<\/sup>, que chacune des deux parties revendique. En\u00a02011, le diplomate am\u00e9ricain Frederic Hof a\u00a0propos\u00e9 une ligne fronti\u00e8re, attribuant environ 60\u00a0% de la zone disput\u00e9e au Liban et 40\u00a0% \u00e0\u00a0Isra\u00ebl. Mais cette offre s\u2019est toujours heurt\u00e9e \u00e0 une fin de non-recevoir de Beyrouth, qui s\u2019estime souverain sur la totalit\u00e9 des 860\u00a0km<sup>2<\/sup>.<\/p>\n<h2 class=\"article__sub-title\">Retournement de situation<\/h2>\n<p class=\"article__paragraph \">Le Hezbollah, n\u00e9 dans la lutte contre l\u2019occupation isra\u00e9lienne du sud du Liban entre 1982 et 2000, endurci dans la guerre de 2006 contre l\u2019arm\u00e9e isra\u00e9lienne, a longtemps \u00e9t\u00e9 \u00e0 la pointe de ce refus. Le mouvement chiite pro-iranien, class\u00e9 \u00ab\u00a0terroriste\u00a0\u00bb par Washington, estimait que l\u2019ouverture de n\u00e9gociations avec son ennemi jur\u00e9 \u00e9quivaudrait \u00e0 une reconnaissance de celui-ci, une ligne rouge infranchissable.<\/p>\n<p class=\"article__paragraph \">Ces pr\u00e9ventions sont d\u00e9sormais caduques. Si l\u2019on met \u00e0 part les contacts mensuels entre officiers des deux bords, arrang\u00e9s par la Finul, c\u2019est la premi\u00e8re fois que des repr\u00e9sentants d\u2019Isra\u00ebl et du Liban se retrouvent face \u00e0 face depuis 1983. Cette ann\u00e9e-l\u00e0, en pleine guerre civile, le pr\u00e9sident libanais Amine Gemayel avait conclu un accord-cadre avec l\u2019Etat h\u00e9breu, ouvrant la voix \u00e0 un possible trait\u00e9 de paix, qui avait \u00e9t\u00e9 r\u00e9voqu\u00e9 l\u2019ann\u00e9e suivante par le Parlement.<\/p>\n<section class=\"catcher catcher--inline\"><span class=\"catcher__title\"><span class=\"icon__premium\"><span class=\"sr-only\">Article r\u00e9serv\u00e9 \u00e0 nos abonn\u00e9s<\/span><\/span>\u00a0Lire aussi\u00a0<\/span><span class=\"catcher__desc\">\u00a0<a class=\"js-article-read-also\" href=\"https:\/\/www.lemonde.fr\/international\/article\/2020\/07\/30\/la-guerre-des-nerfs-a-la-frontiere-libano-israelienne_6047701_3210.html\" data-premium=\"1\">La guerre des nerfs \u00e0 la fronti\u00e8re libano-isra\u00e9lienne<\/a><\/span><\/section>\n<p>&nbsp;<\/p>\n<p class=\"article__paragraph \">Ce retournement de situation, totalement inattendu, s\u2019explique d\u2019abord par l\u2019\u00e9volution de la conjoncture gazi\u00e8re. Les r\u00e9sultats d\u00e9cevants du premier forage, r\u00e9alis\u00e9 au large de Beyrouth, par le consortium international charg\u00e9 de l\u2019exploration des c\u00f4tes libanaises, qui est emmen\u00e9 par Total, ont \u00e9chaud\u00e9 les \u00e9lites politiques locales. Lancer un second forage, dans le Sud, la r\u00e9gion la plus prometteuse, leur est apparu soudainement imp\u00e9ratif, ce qui suppose de r\u00e9gler la question de la zone disput\u00e9e.<\/p>\n<p class=\"article__paragraph \">L\u2019impatience du Liban est d\u2019autant plus grande que ses voisins \u2013 Isra\u00ebl, Chypre, l\u2019Egypte et la Gr\u00e8ce \u2013 ont pris beaucoup d\u2019avance dans le domaine gazier. Preuve en est la signature en janvier d\u2019un projet de gazoduc, reliant les gisements de ces pays avec le march\u00e9 europ\u00e9en.\u00a0<em>\u00ab\u00a0Les Libanais voient les choses leur passer sous le nez,<\/em>\u00a0explique Nicolas Hawie, un expert de l\u2019Institut fran\u00e7ais du p\u00e9trole.\u00a0<em>Ils redoutent que Total, qui a jusqu\u2019\u00e0 mai pour effectuer le second forage, ne d\u00e9cide de se d\u00e9sengager, du fait de l\u2019\u00e9pid\u00e9mie de coronavirus et des troubles politico-\u00e9conomiques qui \u00e9branlent le pays.\u00a0\u00bb<\/em><\/p>\n<h2 class=\"article__sub-title\">\u00ab\u00a0Troc politique\u00a0\u00bb<\/h2>\n<p class=\"article__paragraph \">Ces difficult\u00e9s, que\u00a0<a href=\"https:\/\/www.lemonde.fr\/international\/article\/2020\/08\/05\/double-explosion-de-beyrouth-le-monde-au-chevet-du-liban_6048157_3210.html\">l\u2019explosion d\u00e9vastatrice du 4\u00a0ao\u00fbt sur le port de Beyrouth\u00a0<\/a>a exacerb\u00e9es, p\u00e8sent aussi dans la balance. Les chefs communautaires, conspu\u00e9s par la rue et vilipend\u00e9s par le pr\u00e9sident fran\u00e7ais, Emmanuel Macron, ont un besoin urgent de restaurer leur cr\u00e9dibilit\u00e9, tant en interne que sur la sc\u00e8ne internationale. Un accord avec Isra\u00ebl pourrait les y aider, m\u00eame si le renflouement des caisses du pays par l\u2019exportation d\u2019hydrocarbures n\u2019est pas pour demain.\u00a0<em>\u00ab\u00a0Apr\u00e8s une d\u00e9couverte de gaz, il faut compter sept ou huit ann\u00e9es avant la mise en vente\u00a0\u00bb<\/em>, pr\u00e9vient Nicolas Hawie.<\/p>\n<p class=\"article__paragraph \">Le troisi\u00e8me facteur expliquant le revirement des autorit\u00e9s libanaises est d\u2019ordre g\u00e9opolitique. En levant leur veto \u00e0 toute tractation avec Isra\u00ebl, le Hezbollah et son principal alli\u00e9, le parti chiite Amal du pr\u00e9sident du Parlement Nabih Berri, cherchent probablement \u00e0\u00a0amadouer les Etats-Unis, qui ont d\u00e9cr\u00e9t\u00e9 des sanctions contre eux.\u00a0<em>\u00ab\u00a0Nous redoutons que tout cela ne conduise \u00e0 un troc politique, une lev\u00e9e des pressions en \u00e9change d\u2019un mauvais accord\u00a0\u00bb<\/em>, pointe Diana Kaissy, de la Lebanese Oil and Gas Initiative.<\/p>\n<\/article>\n<article class=\"article__content old__article-content-single\">\n<p class=\"article__paragraph \">Pour rassurer les partisans du tandem chiite, Nabih Berri assure que la fronti\u00e8re terrestre fera aussi l\u2019objet de n\u00e9gociation, en parall\u00e8le du dossier maritime. Une fa\u00e7on de ranimer la question des fermes de Chebaa, un territoire occup\u00e9 par Isra\u00ebl, revendiqu\u00e9 par le Liban, mais attribu\u00e9 \u00e0 la Syrie par l\u2019ONU. Le Hezbollah a fait de la lib\u00e9ration de ce secteur l\u2019un de ses principaux arguments pour refuser d\u2019abandonner son arsenal.<\/p>\n<p class=\"article__paragraph \"><em>\u00ab\u00a0Si le Liban adopte une attitude pragmatique, le probl\u00e8me peut \u00eatre r\u00e9solu en quelques mois,\u00a0<\/em>affirme une source isra\u00e9lienne haut plac\u00e9e.\u00a0<em>S\u2019il cherche au contraire \u00e0 obtenir une victoire sur \u201cl\u2019ennemi sioniste\u201d, alors nous serons coinc\u00e9s et nous continuerons \u00e0 d\u00e9battre pour les dix\u00a0prochaines ann\u00e9es, comme nous venons de le faire.\u00a0\u00bb<\/em><\/p>\n<section class=\"author\">\n<p class=\"article__author-container\"><span class=\"author__detail\"><a class=\"article__author-link\" href=\"https:\/\/www.lemonde.fr\/signataires\/benjamin-barthe\/\"><span class=\"author__name\">Benjamin Barthe<\/span><span class=\"author__desc\">(Beyrouth, correspondant. Avec int\u00e9rim, Tel-Aviv, correspondance)<\/span><\/a><\/span><\/p>\n<\/section>\n<p><a href=\"https:\/\/www.lemonde.fr\/international\/article\/2020\/10\/14\/entre-israel-et-le-liban-des-negociations-en-eaux-troubles_6055929_3210.html\">LE MONDE<\/a><\/p>\n<\/article>\n<\/section>\n","protected":false},"excerpt":{"rendered":"<p>Le pays du c\u00e8dre et l\u2019Etat h\u00e9breu, techniquement en \u00e9tat de guerre, d\u00e9butent des pourparlers mercredi sur le trac\u00e9 de leur fronti\u00e8re maritime. Un accord de d\u00e9marcation pourrait d\u00e9bloquer l\u2019exploration de cette zone, r\u00e9put\u00e9e tr\u00e8s riche en gaz. &nbsp; Entre Isra\u00e9liens et Libanais, l\u2019app\u00e2t du gaz est plus fort que les vieilles animosit\u00e9s. Les deux<\/p>\n","protected":false},"author":297,"featured_media":50505,"comment_status":"open","ping_status":"open","sticky":false,"template":"","format":"standard","meta":{"_uf_show_specific_survey":0,"_uf_disable_surveys":false,"footnotes":""},"categories":[37],"tags":[],"class_list":{"0":"post-50503","1":"post","2":"type-post","3":"status-publish","4":"format-standard","5":"has-post-thumbnail","7":"category-alaune-fr"},"aioseo_notices":[],"_links":{"self":[{"href":"https:\/\/middleeasttransparent.com\/fr\/wp-json\/wp\/v2\/posts\/50503","targetHints":{"allow":["GET"]}}],"collection":[{"href":"https:\/\/middleeasttransparent.com\/fr\/wp-json\/wp\/v2\/posts"}],"about":[{"href":"https:\/\/middleeasttransparent.com\/fr\/wp-json\/wp\/v2\/types\/post"}],"author":[{"embeddable":true,"href":"https:\/\/middleeasttransparent.com\/fr\/wp-json\/wp\/v2\/users\/297"}],"replies":[{"embeddable":true,"href":"https:\/\/middleeasttransparent.com\/fr\/wp-json\/wp\/v2\/comments?post=50503"}],"version-history":[{"count":0,"href":"https:\/\/middleeasttransparent.com\/fr\/wp-json\/wp\/v2\/posts\/50503\/revisions"}],"wp:featuredmedia":[{"embeddable":true,"href":"https:\/\/middleeasttransparent.com\/fr\/wp-json\/wp\/v2\/media\/50505"}],"wp:attachment":[{"href":"https:\/\/middleeasttransparent.com\/fr\/wp-json\/wp\/v2\/media?parent=50503"}],"wp:term":[{"taxonomy":"category","embeddable":true,"href":"https:\/\/middleeasttransparent.com\/fr\/wp-json\/wp\/v2\/categories?post=50503"},{"taxonomy":"post_tag","embeddable":true,"href":"https:\/\/middleeasttransparent.com\/fr\/wp-json\/wp\/v2\/tags?post=50503"}],"curies":[{"name":"wp","href":"https:\/\/api.w.org\/{rel}","templated":true}]}}