{"id":50489,"date":"2020-10-13T21:21:48","date_gmt":"2020-10-13T20:21:48","guid":{"rendered":"https:\/\/middleeasttransparent.com\/?p=50489"},"modified":"2020-10-13T21:21:48","modified_gmt":"2020-10-13T20:21:48","slug":"a-naqoura-fief-du-hezbollah-letonnant-pas-de-deux-entre-israel-et-le-liban","status":"publish","type":"post","link":"https:\/\/middleeasttransparent.com\/fr\/a-naqoura-fief-du-hezbollah-letonnant-pas-de-deux-entre-israel-et-le-liban\/","title":{"rendered":"\u00c0 Naqoura, fief du Hezbollah, l\u2019\u00e9tonnant pas de deux entre Isra\u00ebl et le Liban"},"content":{"rendered":"<article id=\"fig-article\" class=\"css-79elbk e8mzd9n0\">\n<h6 class=\"css-1abuj4a e8mzd9n1\"><em>Mardi, des v\u00e9hicules de la Force des Nations unies (Finul) patrouillent sur la route c\u00f4ti\u00e8re de Naqoura, la ville du Sud-Liban la plus proche de la fronti\u00e8re avec Isra\u00ebl.\u00a0<span class=\"css-ctenq2 emwtels1\">MAHMOUD ZAYYAT\/AFP<\/span>*<\/em><\/h6>\n<p>&nbsp;<\/p>\n<p>&nbsp;<\/p>\n<p>&nbsp;<\/p>\n<h3 class=\"css-135rrsm edox7vr0\"><span style=\"color: #666699;\"><b>D\u00c9CRYPTAGE &#8211;\u00a0<\/b>Les deux pays, qui ne sont pas en paix, entament un dialogue pour le trac\u00e9 de leur fronti\u00e8re maritime.<\/span><\/h3>\n<\/article>\n<p>&nbsp;<\/p>\n<article id=\"fig-article\" class=\"css-79elbk e8mzd9n0\">\n<div class=\"css-1ypck8f ey7xkwt0\" data-component=\"fig-content-body\">\n<p class=\"css-s6jpj4 ekabp3u0\"><em>Envoy\u00e9 sp\u00e9cial \u00e0 Beyrouth<\/em><\/p>\n<p class=\"css-s6jpj4 ekabp3u0\">C\u2019est un petit pas entre deux pays qui ne sont pas en paix. Isra\u00ebl et le Liban vont engager un dialogue indirect pour chercher \u00e0 s\u2019entendre sur le trac\u00e9 de leur fronti\u00e8re maritime commune. La r\u00e9union doit se tenir ce mercredi \u00e0 Naqoura au Sud-Liban, le fief du Hezbollah, au si\u00e8ge de la Force int\u00e9rimaire des Nations unies au Liban (Finul). Elle a un enjeu politique puisqu\u2019elle a n\u00e9cessit\u00e9 l\u2019assentiment du parti chiite et de sa milice, soutenus par l\u2019Iran, qui se pr\u00e9sentent comme le fer de lance de la lutte contre Isra\u00ebl.<\/p>\n<div class=\"hide-print css-1v9n76q e110xajs0\"><span class=\"css-vkk3j1 e110xajs1\">\u00c0 LIRE AUSSI\u00a0:\u00a0<\/span><a class=\"css-1dtv9cv esdb6og6\" href=\"https:\/\/www.lefigaro.fr\/international\/netanyahou-fait-monter-la-pression-contre-le-hezbollah-20201001\" data-fig-id=\"bGVmaWdhcm8uZnJfX2VkNGQ5YTJlLTAzZmMtMTFlYi1iOWZjLTJkZTQwMzA5Y2I5OV9fQXJ0aWNsZQ==\" data-fig-type=\"Article\" data-gtm-custom-categorie=\"navigation\" data-gtm-custom-action=\"crossclick\" data-gtm-custom-label=\"Contextuel\" data-gtm-event=\"customEventSPE\" data-fig-domain=\"LEFIGARO\"><b>N\u00e9tanyahou fait monter la pression contre le Hezbollah<\/b><\/a><\/div>\n<div><\/div>\n<p class=\"css-s6jpj4 ekabp3u0\">Elle intervient dans un contexte de normalisation des relations diplomatiques entre l\u2019\u00c9tat h\u00e9breu et des pays arabes\u00a0<a class=\"css-15ezjzi esdb6og5\" href=\"https:\/\/www.lefigaro.fr\/international\/israel-emirats-et-bahrein-signent-des-accords-historiques-sous-l-egide-de-trump-20200915\" data-fig-id=\"bGVmaWdhcm8uZnJfXzkxZThiN2RhLWY3N2EtMTFlYS04ZmYwLWEwMzY5ZjkxZjMwNF9fTmV3c0ZsYXNo\" data-fig-type=\"NewsFlash\" data-gtm-custom-categorie=\"navigation\" data-gtm-custom-action=\"crossclick\" data-gtm-custom-label=\"Contextuel\" data-gtm-event=\"customEventSPE\">comme les \u00c9mirats arabes unis (EAU) et Bahre\u00efn<\/a>, avec le consentement de l\u2019Arabie saoudite. Le rendez-vous a \u00e9galement une dimension \u00e9conomique en raison du potentiel gazier et p\u00e9trolier des zones disput\u00e9es. Un accord ouvrirait une nouvelle manne en hydrocarbure \u00e0 Isra\u00ebl en M\u00e9diterran\u00e9e orientale et donnerait \u00e0 terme une bouff\u00e9e d\u2019oxyg\u00e8ne \u00e0\u00a0<a class=\"css-15ezjzi esdb6og5\" href=\"https:\/\/www.lefigaro.fr\/international\/penuries-inflation-pannes-d-electricite-l-economie-libanaise-au-bord-du-gouffre-20200710\" data-fig-id=\"bGVmaWdhcm8uZnJfX2U5NDcxNDYwLWMyYmEtMTFlYS1iMDM1LTA2NmQ0ZmVjNjUyNl9fQXJ0aWNsZQ==\" data-fig-type=\"Article\" data-gtm-custom-categorie=\"navigation\" data-gtm-custom-action=\"crossclick\" data-gtm-custom-label=\"Contextuel\" data-gtm-event=\"customEventSPE\">l\u2019\u00e9conomie libanaise<\/a>\u00a0qui dispose de peu de ressources naturelles.<\/p>\n<p class=\"css-s6jpj4 ekabp3u0\">\u00ab<em>Ces n\u00e9gociations s\u2019ouvrent effectivement avec l\u2019aval du Hezbollah. Quelques semaines avant leur annonce, le Tr\u00e9sor am\u00e9ricain avait sanctionn\u00e9 deux ex-ministres libanais accus\u00e9s par Washington de corruption et de soutien au parti chiite qui est consid\u00e9r\u00e9 par les \u00c9tats-Unis comme un mouvement terroriste<\/em>\u00bb, commente le politologue de l\u2019Ifri, Karim Bitar. \u00ab<em>Le mouvement chiite libanais Amal et le Hezbollah se sont soudain montr\u00e9s plus r\u00e9ceptifs comme si la politique am\u00e9ricaine du b\u00e2ton avait son efficacit\u00e9. Il n\u2019est pas \u00e0 exclure que leurs amis iraniens cherchent avant tout \u00e0 gagner du temps dans la perspective de l\u2019\u00e9lection pr\u00e9sidentielle am\u00e9ricaine<\/em>\u00bb, poursuit-il. \u00ab<em>L\u2019ouverture de discussions ne signifie pas qu\u2019elles vont aboutir<\/em>\u00bb, relativise Karim El Mufti, professeur \u00e0 l\u2019universit\u00e9 de la Sagesse \u00e0 Beyrouth.<\/p>\n<p class=\"css-s6jpj4 ekabp3u0\">Le rendez-vous se tient sous l\u2019\u00e9gide du secr\u00e9taire d\u2019\u00c9tat adjoint am\u00e9ricain pour le Moyen-Orient,\u00a0<a class=\"css-15ezjzi esdb6og5\" href=\"https:\/\/www.lefigaro.fr\/flash-actu\/debut-le-14-octobre-des-pourparlers-entre-israel-et-le-liban-sur-les-frontieres-20201008\" data-fig-id=\"bGVmaWdhcm8uZnJfX2ZjZmVlNTNmLTA5OTgtMTFlYi04ZmYwLWEwMzY5ZjkxZjMwNF9fTmV3c0ZsYXNo\" data-fig-type=\"NewsFlash\" data-gtm-custom-categorie=\"navigation\" data-gtm-custom-action=\"crossclick\" data-gtm-custom-label=\"Contextuel\" data-gtm-event=\"customEventSPE\">David Schenker<\/a>. La Maison-Blanche en qu\u00eate de succ\u00e8s diplomatiques dans la r\u00e9gion avant le scrutin du 3 novembre les qualifie d\u2019\u00ab<em>historiques<\/em>\u00bb. La d\u00e9l\u00e9gation isra\u00e9lienne est compos\u00e9e de six membres dont Udi Adiri, directeur g\u00e9n\u00e9ral du minist\u00e8re de l\u2019\u00c9nergie, Reuven Azar, un conseiller diplomatique de Benyamin N\u00e9tanyahou et le g\u00e9n\u00e9ral Oren Setter, le chef de la direction des Affaires strat\u00e9giques de l\u2019arm\u00e9e. Les Libanais sont repr\u00e9sent\u00e9s par des militaires de haut rang, un diplomate et des sp\u00e9cialistes en cartographie et des hydrocarbures. David Schenker est \u00e0 la man\u0153uvre tout comme la Finul.<\/p>\n<p class=\"css-s6jpj4 ekabp3u0\">Washington encadre les discussions sur les fronti\u00e8res maritimes tandis que les Nations unies s\u2019occupent du reste, c\u2019est-\u00e0-dire\u00a0<a class=\"css-15ezjzi esdb6og5\" href=\"https:\/\/www.lefigaro.fr\/international\/2018\/01\/01\/01003-20180101ARTFIG00073-entre-israel-et-le-liban-la-ligne-bleue-sous-haute-tension.php\" data-fig-id=\"bGVmaWdhcm8uZnJfXzIwMTgwMTAxQVJURklHMDAwNzNfX0FydGljbGU=\" data-fig-type=\"Article\" data-gtm-custom-categorie=\"navigation\" data-gtm-custom-action=\"crossclick\" data-gtm-custom-label=\"Contextuel\" data-gtm-event=\"customEventSPE\">du litige terrestre sur la \u00abligne bleue\u00bb<\/a>\u00a0de d\u00e9marcation \u00e9tablie par les Nations unies en 2001 apr\u00e8s le retrait isra\u00e9lien du Sud-Liban. Un diff\u00e9rend puisant ses origines dans le mandat fran\u00e7ais oppose le Liban, Isra\u00ebl et la Syrie sur l\u2019enclave des Fermes de Chebaa. Isra\u00ebl accuse le Hezbollah de se servir de cette dispute comme pr\u00e9texte pour poursuivre des attaques sporadiques. L\u2019\u00c9tat h\u00e9breu et la milice arm\u00e9e qui r\u00e8gne sur le Sud-Liban sont en \u00e9tat de guerre larv\u00e9e mais les deux camps s\u2019observent de chaque c\u00f4t\u00e9 de la fronti\u00e8re dans un \u00e9trange ballet. Ils s\u2019accordent pour \u00e9viter, ces derni\u00e8res ann\u00e9es du moins, un d\u00e9rapage g\u00e9n\u00e9ral. Ennemi d\u00e9clar\u00e9 d\u2019Isra\u00ebl, le Hezbollah jure que les pourparlers ne sont ni une \u00ab<em>r\u00e9conciliation<\/em>\u00bb ni une \u00ab<em>normalisation<\/em>\u00bb.<\/p>\n<p class=\"css-s6jpj4 ekabp3u0\">En plein marasme, le Liban dont le mouvement chiite contr\u00f4le une partie de l\u2019appareil d\u2019\u00c9tat veut croire \u00e0 la prospection gazi\u00e8re et p\u00e9troli\u00e8re. En 2018, le pays a sign\u00e9 son premier contrat d\u2019exploration p\u00e9troli\u00e8re pour deux secteurs off-shore avec un consortium international mais une partie d\u2019un des deux blocs se trouve dans la zone maritime disput\u00e9e avec Isra\u00ebl. La soci\u00e9t\u00e9 Total estime que la rentabilit\u00e9 des forages n\u2019est pas \u00e0 ce stade av\u00e9r\u00e9.<\/p>\n<p class=\"css-s6jpj4 ekabp3u0\"><a class=\"css-15ezjzi esdb6og5\" href=\"https:\/\/www.lefigaro.fr\/international\/le-liban-est-toujours-sans-gouvernement-de-mission-20200922\" data-fig-id=\"bGVmaWdhcm8uZnJfXzAwMzYyNTg2LWZjZTQtMTFlYS05ZWYzLTBlNGU5M2U3YTQxN19fQXJ0aWNsZQ==\" data-fig-type=\"Article\" data-gtm-custom-categorie=\"navigation\" data-gtm-custom-action=\"crossclick\" data-gtm-custom-label=\"Contextuel\" data-gtm-event=\"customEventSPE\">Le chef du Parlement, Nabih Berri<\/a>, alli\u00e9 du Hezbollah, est le personnage cl\u00e9 du dossier. \u00c0 82 ans, l\u2019ind\u00e9boulonnable chef chiite du mouvement Amal a toujours \u00e9t\u00e9 partisan au nom d\u2019int\u00e9r\u00eats bien compris de la qu\u00eate d\u2019une solution. Longtemps, Washington a fait la navette sans succ\u00e8s. Le feu vert du Hezbollah et donc de l\u2019Iran a ouvert la voie aux pourparlers. Le Hezbollah, qui a son propre agenda et souhaite une lev\u00e9e des sanctions am\u00e9ricaines le visant, est comme les autres forces politiques libanaises pris dans la tourmente de la crise d\u2019\u00e9conomique, de l\u2019effondrement de la livre libanaise et de la trag\u00e9die du port de Beyrouth. Les Libanais reprochent \u00e0 leurs dirigeants d\u2019\u00eatre \u00e0 l\u2019origine du d\u00e9sastre. Rien ne dit toutefois que les pourparlers aboutissent \u00e0 une normalisation.<\/p>\n<p><a href=\"https:\/\/www.lefigaro.fr\/international\/a-naqoura-fief-du-hezbollah-l-etonnant-pas-de-deux-entre-israel-et-le-liban-20201013\">LE FIGARO<\/a><\/p>\n<\/div>\n<\/article>\n","protected":false},"excerpt":{"rendered":"<p>Mardi, des v\u00e9hicules de la Force des Nations unies (Finul) patrouillent sur la route c\u00f4ti\u00e8re de Naqoura, la ville du Sud-Liban la plus proche de la fronti\u00e8re avec Isra\u00ebl.\u00a0MAHMOUD ZAYYAT\/AFP* &nbsp; &nbsp; &nbsp; D\u00c9CRYPTAGE &#8211;\u00a0Les deux pays, qui ne sont pas en paix, entament un dialogue pour le trac\u00e9 de leur fronti\u00e8re maritime. &nbsp; Envoy\u00e9<\/p>\n","protected":false},"author":721,"featured_media":50493,"comment_status":"open","ping_status":"open","sticky":false,"template":"","format":"standard","meta":{"_uf_show_specific_survey":0,"_uf_disable_surveys":false,"footnotes":""},"categories":[37],"tags":[],"class_list":{"0":"post-50489","1":"post","2":"type-post","3":"status-publish","4":"format-standard","5":"has-post-thumbnail","7":"category-alaune-fr"},"aioseo_notices":[],"_links":{"self":[{"href":"https:\/\/middleeasttransparent.com\/fr\/wp-json\/wp\/v2\/posts\/50489","targetHints":{"allow":["GET"]}}],"collection":[{"href":"https:\/\/middleeasttransparent.com\/fr\/wp-json\/wp\/v2\/posts"}],"about":[{"href":"https:\/\/middleeasttransparent.com\/fr\/wp-json\/wp\/v2\/types\/post"}],"author":[{"embeddable":true,"href":"https:\/\/middleeasttransparent.com\/fr\/wp-json\/wp\/v2\/users\/721"}],"replies":[{"embeddable":true,"href":"https:\/\/middleeasttransparent.com\/fr\/wp-json\/wp\/v2\/comments?post=50489"}],"version-history":[{"count":0,"href":"https:\/\/middleeasttransparent.com\/fr\/wp-json\/wp\/v2\/posts\/50489\/revisions"}],"wp:featuredmedia":[{"embeddable":true,"href":"https:\/\/middleeasttransparent.com\/fr\/wp-json\/wp\/v2\/media\/50493"}],"wp:attachment":[{"href":"https:\/\/middleeasttransparent.com\/fr\/wp-json\/wp\/v2\/media?parent=50489"}],"wp:term":[{"taxonomy":"category","embeddable":true,"href":"https:\/\/middleeasttransparent.com\/fr\/wp-json\/wp\/v2\/categories?post=50489"},{"taxonomy":"post_tag","embeddable":true,"href":"https:\/\/middleeasttransparent.com\/fr\/wp-json\/wp\/v2\/tags?post=50489"}],"curies":[{"name":"wp","href":"https:\/\/api.w.org\/{rel}","templated":true}]}}