{"id":50275,"date":"2020-10-03T20:36:35","date_gmt":"2020-10-03T19:36:35","guid":{"rendered":"https:\/\/middleeasttransparent.com\/?p=50275"},"modified":"2020-10-03T21:32:25","modified_gmt":"2020-10-03T20:32:25","slug":"haut-karabakh-larmenie-denonce-des-ventes-darmes-israeliennes-a-lazerbaidjan","status":"publish","type":"post","link":"https:\/\/middleeasttransparent.com\/fr\/haut-karabakh-larmenie-denonce-des-ventes-darmes-israeliennes-a-lazerbaidjan\/","title":{"rendered":"Haut-Karabakh\u00a0: l\u2019Arm\u00e9nie d\u00e9nonce des ventes d\u2019armes isra\u00e9liennes \u00e0 l\u2019Azerba\u00efdjan"},"content":{"rendered":"<header class=\"article__header \">\n<div class=\"article__heading\">\n<h3 class=\"article__desc\"><span style=\"color: #666699;\">Erevan a rappel\u00e9 son ambassadeur \u00e0 Tel-Aviv, estimant que les armes isra\u00e9liennes contribuent \u00e0 la sup\u00e9riorit\u00e9 a\u00e9rienne de Bakou dans le conflit.<\/span><\/h3>\n<p>&nbsp;<\/p>\n<\/div>\n<\/header>\n<section class=\"article__wrapper article__wrapper--premium \">\n<figure><\/figure>\n<article class=\"article__content old__article-content-single\">\n<p class=\"article__paragraph \">L\u2019Arm\u00e9nie a rappel\u00e9 son ambassadeur en Isra\u00ebl, jeudi 1<sup>er<\/sup>\u00a0octobre, pour protester contre des ventes d\u2019armes isra\u00e9liennes \u00e0 son rival azerba\u00efdjanais, en pleine crise militaire au Haut-Karabakh. En cause\u00a0: un faisceau de preuves parcellaires indiquant qu\u2019Isra\u00ebl a pu livrer r\u00e9cemment du mat\u00e9riel militaire \u00e0 Bakou, et que les forces azerba\u00efdjanaises ont pu user de drones isra\u00e9liens dans leurs op\u00e9rations dans le territoire s\u00e9paratiste caucasien, o\u00f9 elles jouissent d\u2019une sup\u00e9riorit\u00e9 a\u00e9rienne l\u00e9tale.<\/p>\n<p class=\"article__paragraph \">Le 24\u00a0septembre, peu avant le d\u00e9clenchement des hostilit\u00e9s, des observateurs isra\u00e9liens branch\u00e9s sur des sites suivant le trafic a\u00e9rien international en temps r\u00e9el avaient not\u00e9 deux vols, entre Bakou et Isra\u00ebl, de gros-porteurs azerba\u00efdjanais de mod\u00e8le Iliouchine Il-76. Ils sont pr\u00e9sum\u00e9s avoir atterri sur la base militaire d\u2019Ovda, dans le d\u00e9sert du N\u00e9guev (sud). Deux autres avions ont \u00e9t\u00e9 signal\u00e9s depuis lors sur le m\u00eame itin\u00e9raire. Contact\u00e9e, l\u2019arm\u00e9e isra\u00e9lienne n\u2019a pas r\u00e9pondu \u00e0 nos questions sur ces vols. Un d\u00e9tail\u00a0: les m\u00eames avions ont \u00e9t\u00e9 signal\u00e9s \u00e0 la m\u00eame p\u00e9riode effectuant des vols entre Bakou et Ankara, qui s\u2019active aupr\u00e8s de son alli\u00e9 et a d\u00e9ploy\u00e9 des miliciens syriens sur le terrain.<\/p>\n<section class=\"catcher catcher--inline\"><span class=\"catcher__title\"><span class=\"icon__premium\"><span class=\"sr-only\">Article r\u00e9serv\u00e9 \u00e0 nos abonn\u00e9s<\/span><\/span>\u00a0Lire aussi\u00a0<\/span><span class=\"catcher__desc\"><a class=\"js-article-read-also\" href=\"https:\/\/www.lemonde.fr\/international\/article\/2020\/10\/03\/haut-karabakh-le-dilemme-de-vladimir-poutine-dans-le-conflit-entre-l-armenie-et-l-azerbaidjan_6054612_3210.html\" data-premium=\"1\">Haut-Karabakh\u00a0: le dilemme de Vladimir Poutine dans le conflit entre l\u2019Arm\u00e9nie et l\u2019Azerba\u00efdjan<\/a><\/span><\/section>\n<section><\/section>\n<p class=\"article__paragraph \">Par ailleurs, des dizaines de vid\u00e9os de propagande diffus\u00e9es par les forces azerba\u00efdjanaises mais aussi arm\u00e9niennes, cens\u00e9es illustrer les combats en cours, montrent des drones azerba\u00efdjanais qui pr\u00e9sentent des similitudes avec des engins acquis par Bakou aupr\u00e8s de la Turquie et d\u2019Isra\u00ebl. L\u2019un d\u2019eux, un appareil dit \u00ab\u00a0kamikaze\u00a0\u00bb, destin\u00e9 \u00e0 exploser sur sa cible, pourrait \u00eatre un mod\u00e8le de type Orbiter 1K isra\u00e9lien. Ces hypoth\u00e8ses sont \u00e9tay\u00e9es par les d\u00e9clarations au site isra\u00e9lien\u00a0<em>Walla\u00a0!<\/em>\u00a0de Hikmet Hajiyev, un conseiller diplomatique du pr\u00e9sident azerba\u00efdjanais Ilham Aliev, qui indiquait le 30\u00a0septembre que son pays faisait usage de\u00a0<em>\u00ab\u00a0quelques\u00a0\u00bb\u00a0<\/em>drones isra\u00e9liens dans ces combats, avant de vanter la qualit\u00e9 de son arsenal.<\/p>\n<h2 class=\"article__sub-title\">Poste d\u2019observation isra\u00e9lien<\/h2>\n<p class=\"article__paragraph \">En l\u2019absence d\u2019analyse ind\u00e9pendante approfondie de ces images, il demeure impossible d\u2019affirmer que ces appareils ne sont pas d\u2019origine turque, Ankara approvisionnant \u00e9galement Bakou en engins sans pilote. Pour Isra\u00ebl, l\u2019Azerba\u00efdjan est de longue date un partenaire strat\u00e9gique. Un client en armements certes, mais \u00e9galement un fournisseur indispensable de p\u00e9trole, la s\u00e9curit\u00e9 \u00e9nerg\u00e9tique d\u2019Isra\u00ebl d\u00e9pendant de ses livraisons, achemin\u00e9es \u00e0 travers les terminaux turcs. Mais Bakou est surtout un poste d\u2019observation pour le renseignement isra\u00e9lien, \u00e0 la fronti\u00e8re avec le grand rival r\u00e9gional iranien.<\/p>\n<p class=\"article__paragraph \">Lors d\u2019une visite du premier ministre Benyamin N\u00e9tanyahou \u00e0 Bakou, en 2016, le pr\u00e9sident Ilham Aliev avait affirm\u00e9 que son pays avait pass\u00e9 pour pr\u00e8s de 4 milliards d\u2019euros de commandes d\u2019armes \u00e0 l\u2019Etat h\u00e9breu, pr\u00e9cisant que la plus grande part de ces contrats avait d\u00e9j\u00e0 \u00e9t\u00e9 ex\u00e9cut\u00e9e. Selon la presse isra\u00e9lienne, ces livraisons sont tr\u00e8s diversifi\u00e9es : syst\u00e8mes de missiles, artillerie, outils de surveillance, fusils et depuis 2012 des drones kamikazes, d\u2019attaque, de surveillance, ainsi que des engins \u00e0 usage civil.<\/p>\n<p class=\"article__paragraph \">La compagnie d\u2019Etat Azad Systems produit par ailleurs plusieurs mod\u00e8les de drones de conception isra\u00e9lienne, dont l\u2019Orbiter 1K.<em>\u00a0\u00ab\u00a0Mais jusqu\u2019ici, dans tous les \u00e9pisodes de violence au Haut-Karabakh, nous n\u2019avons jamais trouv\u00e9 de preuves permettant de conclure que des drones isra\u00e9liens avaient \u00e9t\u00e9 utilis\u00e9s contre les forces arm\u00e9niennes. Il est possible qu\u2019Isra\u00ebl interdise un tel usage\u00a0: face \u00e0 l\u2019Arm\u00e9nie, les drones n\u2019auraient d\u2019autre utilit\u00e9 que de dissuasion\u00a0\u00bb,\u00a0<\/em>avance le juriste et activiste Eitay Mack, fin observateur des exportations d\u2019armes isra\u00e9liennes.<\/p>\n<\/article>\n<article class=\"article__content old__article-content-single\">\n<section class=\"catcher catcher--inline\"><span class=\"catcher__title\"><span class=\"icon__premium\"><span class=\"sr-only\">Article r\u00e9serv\u00e9 \u00e0 nos abonn\u00e9s<\/span><\/span>\u00a0Lire aussi\u00a0<\/span><span class=\"catcher__desc\"><a class=\"js-article-read-also\" href=\"https:\/\/www.lemonde.fr\/international\/article\/2020\/10\/02\/haut-karabakh-l-ue-s-inquiete-des-ingerences-turques_6054497_3210.html\" data-premium=\"1\">Haut-Karabakh\u00a0: l\u2019UE s\u2019inqui\u00e8te des ing\u00e9rences turques<\/a><\/span><\/section>\n<p>&nbsp;<\/p>\n<p class=\"article__paragraph \">Cette relation privil\u00e9gi\u00e9e contraint les relations d\u2019Isra\u00ebl avec l\u2019Arm\u00e9nie, qui avait inaugur\u00e9 une ambassade \u00e0 Tel-Aviv en septembre, deux semaines \u00e0 peine avant de rappeler son repr\u00e9sentant. Erevan \u00e9tait pass\u00e9 outre le fait qu\u2019Isra\u00ebl se refuse \u00e0 reconna\u00eetre comme g\u00e9nocide l\u2019extermination de 1,5\u00a0million d\u2019Arm\u00e9niens perp\u00e9tr\u00e9e par l\u2019Empire ottoman durant la premi\u00e8re guerre mondiale, en d\u00e9pit de sa propre histoire et de vifs d\u00e9bats au Parlement d\u00e8s les ann\u00e9es 1980. Cette posture, qui a longtemps vis\u00e9 \u00e0 m\u00e9nager l\u2019alli\u00e9 turc, perdure aujourd\u2019hui malgr\u00e9 le net refroidissement des relations de l\u2019Etat h\u00e9breu avec le r\u00e9gime de Recep Tayyip Erdogan.<\/p>\n<section class=\"author\"><span class=\"author__detail\"><a class=\"article__author-link\" href=\"https:\/\/www.lemonde.fr\/signataires\/louis-imbert\/\"><span class=\"author__name\"><br \/>\n<\/span><span class=\"author__desc\">(J\u00e9rusalem, correspondant)<\/span><\/a><\/span><\/section>\n<section><\/section>\n<section class=\"author\"><a href=\"https:\/\/www.lemonde.fr\/international\/article\/2020\/10\/03\/haut-karabakh-l-armenie-denonce-des-ventes-d-armes-israeliennes-a-l-azerbaidjan_6054628_3210.html\">LE MONDE<\/a><\/section>\n<\/article>\n<\/section>\n","protected":false},"excerpt":{"rendered":"<p>Erevan a rappel\u00e9 son ambassadeur \u00e0 Tel-Aviv, estimant que les armes isra\u00e9liennes contribuent \u00e0 la sup\u00e9riorit\u00e9 a\u00e9rienne de Bakou dans le conflit. &nbsp; L\u2019Arm\u00e9nie a rappel\u00e9 son ambassadeur en Isra\u00ebl, jeudi 1er\u00a0octobre, pour protester contre des ventes d\u2019armes isra\u00e9liennes \u00e0 son rival azerba\u00efdjanais, en pleine crise militaire au Haut-Karabakh. En cause\u00a0: un faisceau de preuves<\/p>\n","protected":false},"author":537,"featured_media":50277,"comment_status":"open","ping_status":"open","sticky":false,"template":"","format":"standard","meta":{"_uf_show_specific_survey":0,"_uf_disable_surveys":false,"footnotes":""},"categories":[37],"tags":[],"class_list":{"0":"post-50275","1":"post","2":"type-post","3":"status-publish","4":"format-standard","5":"has-post-thumbnail","7":"category-alaune-fr"},"aioseo_notices":[],"_links":{"self":[{"href":"https:\/\/middleeasttransparent.com\/fr\/wp-json\/wp\/v2\/posts\/50275","targetHints":{"allow":["GET"]}}],"collection":[{"href":"https:\/\/middleeasttransparent.com\/fr\/wp-json\/wp\/v2\/posts"}],"about":[{"href":"https:\/\/middleeasttransparent.com\/fr\/wp-json\/wp\/v2\/types\/post"}],"author":[{"embeddable":true,"href":"https:\/\/middleeasttransparent.com\/fr\/wp-json\/wp\/v2\/users\/537"}],"replies":[{"embeddable":true,"href":"https:\/\/middleeasttransparent.com\/fr\/wp-json\/wp\/v2\/comments?post=50275"}],"version-history":[{"count":0,"href":"https:\/\/middleeasttransparent.com\/fr\/wp-json\/wp\/v2\/posts\/50275\/revisions"}],"wp:featuredmedia":[{"embeddable":true,"href":"https:\/\/middleeasttransparent.com\/fr\/wp-json\/wp\/v2\/media\/50277"}],"wp:attachment":[{"href":"https:\/\/middleeasttransparent.com\/fr\/wp-json\/wp\/v2\/media?parent=50275"}],"wp:term":[{"taxonomy":"category","embeddable":true,"href":"https:\/\/middleeasttransparent.com\/fr\/wp-json\/wp\/v2\/categories?post=50275"},{"taxonomy":"post_tag","embeddable":true,"href":"https:\/\/middleeasttransparent.com\/fr\/wp-json\/wp\/v2\/tags?post=50275"}],"curies":[{"name":"wp","href":"https:\/\/api.w.org\/{rel}","templated":true}]}}