{"id":50256,"date":"2020-10-02T21:12:50","date_gmt":"2020-10-02T20:12:50","guid":{"rendered":"https:\/\/middleeasttransparent.com\/?p=50256"},"modified":"2020-10-02T21:12:50","modified_gmt":"2020-10-02T20:12:50","slug":"le-premier-ministre-armenien-au-figaro-la-turquie-saventure-sur-un-chemin-genocidaire","status":"publish","type":"post","link":"https:\/\/middleeasttransparent.com\/fr\/le-premier-ministre-armenien-au-figaro-la-turquie-saventure-sur-un-chemin-genocidaire\/","title":{"rendered":"Le premier ministre arm\u00e9nien au\u00a0Figaro: \u00abLa Turquie s\u2019aventure sur un chemin g\u00e9nocidaire\u00bb"},"content":{"rendered":"<header class=\"css-1abuj4a e8mzd9n1\">\n<p class=\"css-135rrsm edox7vr0\"><span style=\"color: #666699;\">EXCLUSIF &#8211; Dans un entretien au\u00a0<i>Figaro<\/i>, Nikol Pachinian accuse aussi les\u00a0<i>\u00abmilliers de terroristes\u00bb<\/i>\u00a0venus de Syrie pour se battre aux c\u00f4t\u00e9s des Turcs et des Azerba\u00efdjanais.<\/span><\/p>\n<\/header>\n<p>&nbsp;<\/p>\n<div class=\"css-10460lt ey7xkwt0\" data-component=\"fig-content-body\">\n<p class=\"css-s6jpj4 ekabp3u0\"><b>LE FIGARO. &#8211; Vous accusez l\u2019Azerba\u00efdjan d\u2019\u00eatre soutenu militairement par la Turquie. De quelles preuves disposez-vous?<\/b><\/p>\n<p class=\"css-s6jpj4 ekabp3u0\"><b>Nikol PACHINIAN.\u00a0<\/b>&#8211; Oui nous avons des preuves. La Russie, la France et l\u2019Iran ont d\u00e9j\u00e0 reconnu l\u2019implication de l\u2019arm\u00e9e turque dans l\u2019offensive de grande ampleur lanc\u00e9e contre l\u2019Artsakh\u00a0<em>(le Haut-Karabakh, NDLR),<\/em> le 27 septembre. Des officiels turcs de haut niveau ont publiquement confirm\u00e9 leur soutien \u00e0 l\u2019Azerba\u00efdjan, en des termes politiques et diplomatiques, mais aussi sur le champ de bataille. Ils utilisent des drones et des F-16 turcs pour bombarder des zones civiles au Haut-Karabakh. La communaut\u00e9 internationale, en particulier le public am\u00e9ricain, doit savoir que des F-16 fabriqu\u00e9s aux \u00c9tats-Unis sont actuellement utilis\u00e9s pour tuer des Arm\u00e9niens dans ce conflit. Il y a des preuves que des commandants militaires turcs sont directement impliqu\u00e9s dans la direction de l\u2019offensive. Ankara a fourni \u00e0 Bakou des v\u00e9hicules militaires, des armes, ainsi que des conseillers militaires. Nous savons que la Turquie a form\u00e9 et transport\u00e9 des milliers de mercenaires et terroristes depuis les zones occup\u00e9es par les Turcs dans le nord de la Syrie. Ces mercenaires et ces terroristes combattent aujourd\u2019hui contre les Arm\u00e9niens. Beaucoup d\u2019entre eux ne savaient m\u00eame pas pourquoi la Turquie les a d\u00e9ploy\u00e9s en Azerba\u00efdjan. On leur a fait de fausses promesses, ainsi qu\u2019ils l\u2019ont d\u00e9couvert en arrivant dans le pays. Nous savons aussi que ces terroristes prennent de la drogue, parce que des seringues remplies de produits narcotiques ont \u00e9t\u00e9 d\u00e9couvertes dans les poches de leurs uniformes &#8211; ce qui peut expliquer qu\u2019environ 30 % des pertes azerba\u00efdjanaises soient des mercenaires venus de l\u2019\u00e9tranger.<\/p>\n<p class=\"css-s6jpj4 ekabp3u0\"><b>Selon vous, la Turquie est-elle responsable de cette escalade?<\/b><\/p>\n<p class=\"css-s6jpj4 ekabp3u0\">Absolument. L\u2019exercice militaire conjoint azerba\u00efdjano-turc, qui a commenc\u00e9 en ao\u00fbt, ne s\u2019est pas termin\u00e9. Et l\u2019offensive contre le Haut-Karabakh est en r\u00e9alit\u00e9 la phase suivante de cette op\u00e9ration. Apr\u00e8s s\u2019\u00eatre pr\u00e9par\u00e9s, ils ont pris la d\u00e9cision de lancer cette offensive, et ils doivent \u00eatre tenus responsables de cette escalade. Apr\u00e8s le lancement de l\u2019attaque et la d\u00e9faite subie sur les fronti\u00e8res de l\u2019Arm\u00e9nie en juillet, l\u2019Azerba\u00efdjan a fait appel \u00e0 la Turquie et il est \u00e9vident qu\u2019Ankara prend des d\u00e9cisions sur de nombreux aspects cl\u00e9s de la situation. Leur objectif est de renverser l\u2019\u00e9quilibre r\u00e9gional des pouvoirs en leur faveur.<\/p>\n<p class=\"css-s6jpj4 ekabp3u0\"><b>Que voulez-vous dire?<\/b><\/p>\n<p class=\"css-s6jpj4 ekabp3u0\">Le souhait de la Turquie est de renforcer son r\u00f4le et son influence dans le Sud-Caucase, et de modifier ainsi le statu quo en vigueur depuis plus d\u2019un si\u00e8cle. Elle poursuit le r\u00eave de construire un empire imitant le sultanat, et s\u2019engage sur un chemin qui pourrait embraser la r\u00e9gion.<\/p>\n<p class=\"css-s6jpj4 ekabp3u0\"><b>Seriez-vous pr\u00eat \u00e0 mettre en \u0153uvre un cessez-le-feu?<\/b><\/p>\n<p class=\"css-s6jpj4 ekabp3u0\">Il appartient \u00e0 la Turquie et \u00e0 l\u2019Azerba\u00efdjan d\u2019arr\u00eater les hostilit\u00e9s, car ce sont eux qui ont d\u00e9clench\u00e9 l\u2019offensive et qui, en ce moment, tuent des Arm\u00e9niens. Le Haut-Karabakh ne peut pas d\u00e9sarmer, car cela conduirait \u00e0 un g\u00e9nocide. Les gens qui vivent l\u00e0-bas font face \u00e0 une menace existentielle. \u00c0 ce stade, la partie adverse ne montre aucune intention d\u2019arr\u00eater les combats. Je ne suis m\u00eame pas s\u00fbr que l\u2019Azerba\u00efdjan contr\u00f4le les terroristes qui combattent \u00e0 ses c\u00f4t\u00e9s. Nos renseignements montrent que dans certains villages d\u2019Azerba\u00efdjan, les mercenaires entrent dans les magasins, et interdisent la vente d\u2019alcool, en disant qu\u2019ils appliquent la charia.<\/p>\n<p class=\"css-s6jpj4 ekabp3u0\"><b>La n\u00e9gociation doit-elle passer par le groupe de Minsk?<\/b><\/p>\n<p class=\"css-s6jpj4 ekabp3u0\">C\u2019est le seul format qui existe. Les pr\u00e9sidents de la Russie et de la France ont lanc\u00e9 un appel fort. Nous attendons un engagement actif de la communaut\u00e9 internationale pour un arr\u00eat de l\u2019agression. L\u2019appartenance de la Turquie au groupe de Minsk de l\u2019OSCE devrait \u00eatre suspendue, d\u00e8s lors qu\u2019elle se comporte de mani\u00e8re partiale et belliqueuse. Elle ne peut donc plus \u00eatre un m\u00e9diateur.<\/p>\n<div class=\"hide-print css-hgrcdz e110xajs0\"><span class=\"css-vkk3j1 e110xajs1\">\u00c0 LIRE AUSSI\u00a0:\u00a0<\/span><a class=\"css-1dtv9cv esdb6og6\" href=\"https:\/\/www.lefigaro.fr\/vox\/histoire\/105-ans-apres-le-genocide-armenien-la-turquie-continue-de-representer-une-menace-20200424\" data-fig-id=\"bGVmaWdhcm8uZnJfXzYzMzUxNDcwLTg2MDItMTFlYS1iZWY0LTY4MzVjZTY4NjAxYV9fQXJ0aWNsZQ==\" data-fig-type=\"Article\" data-gtm-custom-categorie=\"navigation\" data-gtm-custom-action=\"crossclick\" data-gtm-custom-label=\"Contextuel\" data-gtm-event=\"customEventSPE\" data-fig-domain=\"LEFIGARO\"><b>\u00ab105 ans apr\u00e8s le g\u00e9nocide arm\u00e9nien, la Turquie d\u2019Erdogan continue de repr\u00e9senter une menace\u00bb<\/b><\/a><\/div>\n<p class=\"css-s6jpj4 ekabp3u0\"><b>Cette crise est-elle plus s\u00e9v\u00e8re que celle de 2016?<\/b><\/p>\n<p class=\"css-s6jpj4 ekabp3u0\">Elle est beaucoup plus grave. Il serait plus appropri\u00e9 de la comparer avec ce qui s\u2019est pass\u00e9 en 1915, quand plus de 1,5 million d\u2019Arm\u00e9niens ont \u00e9t\u00e9 massacr\u00e9s durant le premier g\u00e9nocide du XX<sup>e<\/sup>\u00a0si\u00e8cle. L\u2019\u00c9tat turc, qui continue de nier le pass\u00e9, s\u2019aventure de nouveau sur un chemin g\u00e9nocidaire. Le monde doit \u00eatre conscient de ce qui se passe ici. La communaut\u00e9 internationale doit s\u2019impliquer rapidement pour emp\u00eacher la violence de se propager, sinon les cons\u00e9quences de ce conflit d\u00e9borderont le sud du Caucase.<\/p>\n<\/div>\n<p><a href=\"https:\/\/www.lefigaro.fr\/international\/le-premier-ministre-armenien-au-figaro-la-turquie-s-aventure-sur-un-chemin-genocidaire-20201001\">LE FIGARO<\/a><\/p>\n","protected":false},"excerpt":{"rendered":"<p>EXCLUSIF &#8211; Dans un entretien au\u00a0Figaro, Nikol Pachinian accuse aussi les\u00a0\u00abmilliers de terroristes\u00bb\u00a0venus de Syrie pour se battre aux c\u00f4t\u00e9s des Turcs et des Azerba\u00efdjanais. &nbsp; LE FIGARO. &#8211; Vous accusez l\u2019Azerba\u00efdjan d\u2019\u00eatre soutenu militairement par la Turquie. De quelles preuves disposez-vous? Nikol PACHINIAN.\u00a0&#8211; Oui nous avons des preuves. La Russie, la France et l\u2019Iran<\/p>\n","protected":false},"author":718,"featured_media":50260,"comment_status":"open","ping_status":"open","sticky":false,"template":"","format":"standard","meta":{"_uf_show_specific_survey":0,"_uf_disable_surveys":false,"footnotes":""},"categories":[37],"tags":[],"class_list":{"0":"post-50256","1":"post","2":"type-post","3":"status-publish","4":"format-standard","5":"has-post-thumbnail","7":"category-alaune-fr"},"aioseo_notices":[],"_links":{"self":[{"href":"https:\/\/middleeasttransparent.com\/fr\/wp-json\/wp\/v2\/posts\/50256","targetHints":{"allow":["GET"]}}],"collection":[{"href":"https:\/\/middleeasttransparent.com\/fr\/wp-json\/wp\/v2\/posts"}],"about":[{"href":"https:\/\/middleeasttransparent.com\/fr\/wp-json\/wp\/v2\/types\/post"}],"author":[{"embeddable":true,"href":"https:\/\/middleeasttransparent.com\/fr\/wp-json\/wp\/v2\/users\/718"}],"replies":[{"embeddable":true,"href":"https:\/\/middleeasttransparent.com\/fr\/wp-json\/wp\/v2\/comments?post=50256"}],"version-history":[{"count":0,"href":"https:\/\/middleeasttransparent.com\/fr\/wp-json\/wp\/v2\/posts\/50256\/revisions"}],"wp:featuredmedia":[{"embeddable":true,"href":"https:\/\/middleeasttransparent.com\/fr\/wp-json\/wp\/v2\/media\/50260"}],"wp:attachment":[{"href":"https:\/\/middleeasttransparent.com\/fr\/wp-json\/wp\/v2\/media?parent=50256"}],"wp:term":[{"taxonomy":"category","embeddable":true,"href":"https:\/\/middleeasttransparent.com\/fr\/wp-json\/wp\/v2\/categories?post=50256"},{"taxonomy":"post_tag","embeddable":true,"href":"https:\/\/middleeasttransparent.com\/fr\/wp-json\/wp\/v2\/tags?post=50256"}],"curies":[{"name":"wp","href":"https:\/\/api.w.org\/{rel}","templated":true}]}}