{"id":50204,"date":"2020-09-30T21:41:06","date_gmt":"2020-09-30T20:41:06","guid":{"rendered":"https:\/\/middleeasttransparent.com\/?p=50204"},"modified":"2020-09-30T21:41:07","modified_gmt":"2020-09-30T20:41:07","slug":"au-moyen-orient-la-france-peut-faire-avancer-la-cause-de-la-paix","status":"publish","type":"post","link":"https:\/\/middleeasttransparent.com\/fr\/au-moyen-orient-la-france-peut-faire-avancer-la-cause-de-la-paix\/","title":{"rendered":"\u00ab\u00a0Au Moyen-Orient, la France peut faire avancer la cause de la paix\u00a0\u00bb"},"content":{"rendered":"<header>\n<h2 class=\"art-titre list-view\"><span style=\"color: #666699;\">TRIBUNE.\u00a0 \u00a0 \u00a0 \u00a0 \u00a0 \u00a0 \u00a0 \u00a0 \u00a0 \u00a0Le think tank Elnet France appelle Paris \u00e0 profiter de la paix conclue entre le Golfe et Isra\u00ebl pour cesser de camper sur ses positions.<\/span><\/h2>\n<div class=\"mbs list-view\">\n<p>&nbsp;<\/p>\n<\/div>\n<div class=\"mbs list-view\">Longtemps, l&rsquo;horizon de la paix entre Arabes et Isra\u00e9liens semblait impitoyablement s&rsquo;\u00e9loigner et les r\u00eaves que celle-ci portait ne relever que de l&rsquo;utopie. Utopie d&rsquo;hier, v\u00e9rit\u00e9 de demain, car si les dynamiques g\u00e9opolitiques \u00e0 l&rsquo;\u0153uvre au Moyen-Orient sont complexes, les lignes commencent \u00e0 bouger. Les \u00e9v\u00e9nements de ces derni\u00e8res semaines \u2013 avec la d\u00e9cision des \u00c9mirats arabes unis et du <a class=\"surligner\" href=\"https:\/\/www.lepoint.fr\/tags\/bahrein\">Bahre\u00efn<\/a>\u00a0de\u00a0<a class=\"underline\" title=\"\" href=\"https:\/\/www.lepoint.fr\/monde\/bahrein-israel-trump-annonce-une-normalisation-de-leurs-relations-11-09-2020-2391507_24.php\">normaliser leurs relations avec Isra\u00ebl<\/a>\u00a0&#8211;\u00a0portent l&rsquo;espoir d&rsquo;un mouvement plus large qui pourrait conduire, s&rsquo;il \u00e9tait encourag\u00e9, \u00e0 l&rsquo;\u00e9tablissement d&rsquo;une paix globale entre l&rsquo;ensemble du monde arabe et\u00a0<a class=\"surligner\" href=\"https:\/\/www.lepoint.fr\/tags\/israel\">Isra\u00ebl<\/a>.<\/div>\n<div><\/div>\n<div><a href=\"https:\/\/middleeasttransparent.com\/fr\/au-moyen-orient-la-france-peut-faire-avancer-la-cause-de-la-paix\/abrahamaccord\/\" rel=\"attachment wp-att-50216\"><img fetchpriority=\"high\" decoding=\"async\" class=\"size-full wp-image-50216 aligncenter\" src=\"https:\/\/middleeasttransparent.com\/wp-content\/uploads\/2020\/09\/abrahamaccord.jpg\" alt=\"\" width=\"425\" height=\"442\" \/><\/a><\/div>\n<div><\/div>\n<div class=\"mbs list-view\"><strong>La port\u00e9e des \u00ab accords d&rsquo;Abraham \u00bb d\u00e9borde le cadre diplomatique et strat\u00e9gique moyen-oriental. Ces accords ouvrent la voie \u00e0 une r\u00e9conciliation historique entre Juifs et Arabes<\/strong>. Ils sont le reflet de profonds changements que notre pays ne peut ignorer. La\u00a0<a class=\"surligner\" href=\"https:\/\/www.lepoint.fr\/tags\/france\">France<\/a>\u00a0dispose d&rsquo;une tr\u00e8s ancienne exp\u00e9rience diplomatique dans cette r\u00e9gion, de r\u00e9seaux puissants et de relations privil\u00e9gi\u00e9es avec ses principaux acteurs. Alors que l&rsquo;Histoire frappe \u00e0 sa porte et que s&rsquo;enclenche enfin une dynamique vertueuse au Moyen-Orient, notre pays ne peut se d\u00e9rober et camper sur des positions obsol\u00e8tes qui r\u00e9duiraient comme peau de chagrin son influence dans cette r\u00e9gion strat\u00e9gique.<\/div>\n<\/header>\n<div class=\"line\" data-sticky-wrap=\"\">\n<div class=\"like-content list-view\" data-sticky=\"top:0px\" data-content-type=\"mainEntityOfPage\">\n<div class=\"art-text\">\n<section class=\"mbl txtcenter\">\n<div id=\"IN_CONTENT\" class=\"txtcenter mbs slotpub\" data-google-query-id=\"CKuYm9_WkewCFbQG0wod2l4LVw\">\n<div class=\"teads-inread sm-screen\">\n<div><\/div>\n<\/div>\n<\/div>\n<\/section>\n<p>&nbsp;<\/p>\n<p>Depuis sa cr\u00e9ation il y a 72\u00a0ans, Isra\u00ebl s&rsquo;est \u00e9vertu\u00e9 \u00e0 faire la paix avec ses voisins. L&rsquo;hostilit\u00e9 n\u00e9e du refus arabe des plans de partage successifs de la\u00a0<a class=\"surligner\" href=\"https:\/\/www.lepoint.fr\/tags\/palestine\">Palestine<\/a>\u00a0mandataire a plong\u00e9 cette r\u00e9gion dans des conflits r\u00e9p\u00e9titifs qui ont oppos\u00e9 l&rsquo;<a class=\"surligner\" href=\"https:\/\/www.lepoint.fr\/tags\/egypte\">\u00c9gypte<\/a>, la Syrie, le Liban, la Jordanie, l&rsquo;Irak et la Libye \u00e0 Isra\u00ebl. La constitution puis la consolidation du nationalisme palestinien furent tardives. Elle s&rsquo;est formalis\u00e9e dans le courant des ann\u00e9es 1960 dans le sillage de la cr\u00e9ation du Fatah. La question palestinienne, qui fut pourtant centrale dans le monde arabe jusque dans les ann\u00e9es 1980, est progressivement devenue p\u00e9riph\u00e9rique en raison des \u00e9checs r\u00e9p\u00e9t\u00e9s des diplomaties europ\u00e9enne et am\u00e9ricaine. Les multiples sommets et autres conf\u00e9rences internationales n&rsquo;auront malheureusement pas permis de faire aboutir une paix tant esp\u00e9r\u00e9e.<\/p>\n<p>L&rsquo;histoire r\u00e9cente vient de nous en donner la principale raison. Les Palestiniens disposaient d&rsquo;un droit de v\u00e9to sur l&rsquo;\u00e9tablissement de relations entre Isra\u00ebl et le monde arabe. Ce levier a conduit Ramallah \u00e0 rigidifier sa position, estimant pouvoir compter sur le soutien automatique de ses alli\u00e9s arabes et sur la diplomatie europ\u00e9enne du ch\u00e9quier.<\/p>\n<h3>\u00ab\u00a0Gage d&rsquo;espoir pour l&rsquo;avenir\u00a0\u00bb<\/h3>\n<p>Cet enkystement du conflit isra\u00e9lo-palestinien et le r\u00f4le croissant jou\u00e9 par les entrepreneurs identitaires religieux ont durci les positions de chacun. Le conflit est devenu un terreau fertile pour les radicaux de tous bords. Les islamistes qui menacent aujourd&rsquo;hui le c\u0153ur de nos d\u00e9mocraties occidentales ont instrumentalis\u00e9 le d\u00e9sespoir et le d\u00e9sarroi suscit\u00e9s par cette impasse. \u00c9miratis et Bahre\u00efniens ont su tirer les le\u00e7ons de ces \u00e9checs en posant un regard neuf sur ce conflit s\u00e9culaire.<\/p>\n<p>Au-del\u00e0 de la reconnaissance mutuelle, ce qui se joue derri\u00e8re cette normalisation des relations entre ces deux pays du Golfe et Isra\u00ebl, c&rsquo;est la pacification des relations entre les grands monoth\u00e9ismes sur le lieu de leur naissance. La reconnaissance de l&rsquo;alt\u00e9rit\u00e9 juive et de son h\u00e9ritage mill\u00e9naire dans cette r\u00e9gion par ces deux pays musulmans est de ce point de vue un \u00e9v\u00e9nement majeur, car la paix passe par l&rsquo;acceptation de cet h\u00e9ritage.<\/p>\n<p>Lors de son intervention \u00e0 l&rsquo;ouverture de la 75<sup>e<\/sup>\u00a0assembl\u00e9e g\u00e9n\u00e9rale des Nations unies, le pr\u00e9sident de la R\u00e9publique a salu\u00e9 la d\u00e9marche des \u00c9mirats et du Bahre\u00efn, qu&rsquo;il a qualifi\u00e9e \u00e0 juste titre de \u00ab\u00a0gage d&rsquo;espoir pour l&rsquo;avenir\u00a0\u00bb. Il a \u00e9galement appel\u00e9 \u00e0 \u00ab\u00a0b\u00e2tir une solution ambitieuse\u00a0\u00bb qui permettrait aux Isra\u00e9liens et aux Palestiniens de vivre en paix et en s\u00e9curit\u00e9 \u00ab\u00a0dans le respect des aspirations de chacun\u00a0\u00bb.<\/p>\n<p><strong>Lire aussi<\/strong>\u00a0<a class=\"underline\" title=\"\" href=\"https:\/\/www.lepoint.fr\/monde\/ehud-yaari-mbz-merite-le-nobel-de-la-paix-15-09-2020-2392102_24.php\">Ehud Yaari\u00a0: \u00ab\u00a0MBZ m\u00e9rite le Nobel de la paix\u00a0\u00bb<\/a><\/p>\n<p><strong>La France est l&rsquo;h\u00f4te des plus grandes communaut\u00e9s juive et musulmane d&rsquo;Europe. Notre pays pourrait utilement contribuer \u00e0 b\u00e2tir cette \u00ab solution ambitieuse \u00bb en \u00e9largissant le cercle de la paix \u00e0 d&rsquo;autres pays arabes. Nous pourrions notamment encourager le Maroc et le Liban, qui sont nos deux partenaires les plus proches au Maghreb et au Levant, \u00e0 s&rsquo;engager sur cette voie.<\/strong><\/p>\n<p>Une chose est d\u00e9sormais certaine. La r\u00e9solution du conflit isra\u00e9lo-palestinien ne peut \u00eatre un pr\u00e9alable \u00e0 la normalisation des relations entre Isra\u00ebl et le monde arabe. Elle pourrait bien au contraire en \u00eatre le corollaire. En effet, l&rsquo;int\u00e9gration croissante d&rsquo;Isra\u00ebl au sein de son environnement g\u00e9opolitique proche r\u00e9duit la conflictualit\u00e9 d&rsquo;une r\u00e9gion qui offre trop souvent le triste spectacle de ses d\u00e9chirements. Elle cr\u00e9e une dynamique vertueuse qui pourrait \u00e9galement profiter aux Palestiniens en offrant \u00e0 ces derniers de multiples opportunit\u00e9s de coop\u00e9rations, notamment dans le domaine \u00e9conomique, scientifique et technologique.<\/p>\n<p><strong>Nous formons \u00e9galement l&rsquo;espoir que les \u00ab\u00a0accords d&rsquo;Abraham\u00a0\u00bb donnent toute leur place \u00e0 nos fr\u00e8res chr\u00e9tiens d&rsquo;Orient.<\/strong> Pers\u00e9cut\u00e9es par l&rsquo;islamisme radical notamment dans sa forme violente djihadiste, les communaut\u00e9s chr\u00e9tiennes d&rsquo;Orient disparaissent sous nos yeux sur les terres qui ont vu na\u00eetre et se d\u00e9velopper le christianisme. Les accords d&rsquo;Abraham pourraient donner un nouvel \u00e9lan aux intellectuels musulmans qui \u0153uvrent courageusement \u00e0 une r\u00e9forme de l&rsquo;islam. Un islam tol\u00e9rant qui tourne le dos \u00e0 l&rsquo;obscurantisme et \u00e0 la violence religieuse.<\/p>\n<p>Le pr\u00e9sident de la R\u00e9publique a\u00a0eu raison de rappeler lors de son allocution \u00e0 l&rsquo;assembl\u00e9e g\u00e9n\u00e9rale des Nations unies que la \u00ab\u00a0dignit\u00e9 ne s&rsquo;ach\u00e8te pas\u00a0\u00bb et que la paix ne se construit pas sur \u00ab\u00a0l&rsquo;h\u00e9g\u00e9monie\u00a0\u00bb et \u00ab\u00a0l&rsquo;humiliation\u00a0\u00bb. Cependant et dans le cas d&rsquo;esp\u00e8ce, on ne voit pas bien en quoi l&rsquo;accord sign\u00e9 entre les \u00c9mirats, le Bahre\u00efn et Isra\u00ebl humilierait les Palestiniens. Cette normalisation isra\u00e9lo-arabe pr\u00e9serve au contraire la solution \u00e0 deux \u00c9tats, la signature de l&rsquo;accord ayant \u00e9t\u00e9 conditionn\u00e9e \u00e0 la suspension par Isra\u00ebl de l&rsquo;application de sa souverainet\u00e9 sur une partie de la Cisjordanie.<\/p>\n<p>L&rsquo;usage abusif d&rsquo;une rh\u00e9torique de l&rsquo;humiliation et de l&rsquo;h\u00e9g\u00e9monie n&rsquo;est pas sans danger. Il\u00a0alimente les r\u00e9flexes victimaires et l&rsquo;intransigeance des parties au conflit, ce qui \u00e9loigne en retour toute perspective de paix. La diabolisation criminalisante de l&rsquo;\u00c9tat d&rsquo;Isra\u00ebl et la d\u00e9nonciation litanique de l&rsquo;imp\u00e9rialisme \u00ab\u00a0am\u00e9ricano-sioniste\u00a0\u00bb en constituent l&rsquo;un des principaux ressorts psychologiques. Cette rh\u00e9torique\u00a0conduit souvent les groupes humains qui cultivent cet \u00e9tat d&rsquo;esprit revanchard \u00e0 la mobilisation violente contre les \u00ab\u00a0ennemis d\u00e9clar\u00e9s\u00a0\u00bb et les \u00ab\u00a0tra\u00eetres\u00a0\u00bb. Elle a \u00e9t\u00e9 utilis\u00e9e par le leadership palestinien pour d\u00e9noncer les \u00ab\u00a0accords\u00a0d&rsquo;Abraham\u00a0\u00bb\u00a0; c&rsquo;est une logique de guerre car elle assimile le dialogue \u00e0 la trahison, le compromis \u00e0 la compromission.<\/p>\n<p>Nous pourrions \u00e0 cet \u00e9gard nous inspirer de l&rsquo;exp\u00e9rience juive de l&rsquo;humiliation, qui est porteuse d&rsquo;une signification universelle. Le peuple juif pourrait en effet tristement revendiquer le titre de champion incontest\u00e9 de l&rsquo;humiliation qui a culmin\u00e9 avec les meurtres de masses commis pendant la Shoah. Pourtant les survivants de cet enfer dantesque ont refus\u00e9 de s&rsquo;enfermer dans le ressentiment. Ils ont choisi de reconstruire leur vie, de refonder des familles, d&rsquo;\u0153uvrer pour un monde meilleur\u2026<\/p>\n<p>Ne nous trompons pas de combat. La paix ne se construit pas en reprenant les vieilles lunes id\u00e9ologiques du pass\u00e9. Ces derni\u00e8res alimentent les postures intransigeantes et conduisent \u00e0 une impasse. Seule une approche pragmatique et lucide en prise avec les r\u00e9alit\u00e9s du terrain permettrait \u00e0 notre pays de faire entendre sa voix.\u00a0Le temps est venu d&rsquo;agir avec discernement et audace. Le train de l&rsquo;histoire est en marche. La France ne peut rester \u00e0 quai. Notre pays doit prendre toute sa place dans ce processus de normalisation en cours entre le monde arabe et Isra\u00ebl en \u00e9largissant le cercle de la paix qui seul fera reculer les logiques de haine et d&rsquo;affrontement.<\/p>\n<div class=\"italic small mtm\">\n<p><span style=\"color: #0000ff;\"><em>Jean-David Benichou\u00a0et\u00a0Ari\u00e9 Bensemhoun sont\u00a0respectivement pr\u00e9sident et directeur ex\u00e9cutif d&rsquo;Elnet France, le think tank du dialogue strat\u00e9gique entre la France et Isra\u00ebl.<\/em><\/span><\/p>\n<\/div>\n<\/div>\n<\/div>\n<\/div>\n","protected":false},"excerpt":{"rendered":"<p>TRIBUNE.\u00a0 \u00a0 \u00a0 \u00a0 \u00a0 \u00a0 \u00a0 \u00a0 \u00a0 \u00a0Le think tank Elnet France appelle Paris \u00e0 profiter de la paix conclue entre le Golfe et Isra\u00ebl pour cesser de camper sur ses positions. &nbsp; Longtemps, l&rsquo;horizon de la paix entre Arabes et Isra\u00e9liens semblait impitoyablement s&rsquo;\u00e9loigner et les r\u00eaves que celle-ci portait ne relever<\/p>\n","protected":false},"author":717,"featured_media":50209,"comment_status":"open","ping_status":"open","sticky":false,"template":"","format":"standard","meta":{"_uf_show_specific_survey":0,"_uf_disable_surveys":false,"footnotes":""},"categories":[37],"tags":[],"class_list":{"0":"post-50204","1":"post","2":"type-post","3":"status-publish","4":"format-standard","5":"has-post-thumbnail","7":"category-alaune-fr"},"aioseo_notices":[],"_links":{"self":[{"href":"https:\/\/middleeasttransparent.com\/fr\/wp-json\/wp\/v2\/posts\/50204","targetHints":{"allow":["GET"]}}],"collection":[{"href":"https:\/\/middleeasttransparent.com\/fr\/wp-json\/wp\/v2\/posts"}],"about":[{"href":"https:\/\/middleeasttransparent.com\/fr\/wp-json\/wp\/v2\/types\/post"}],"author":[{"embeddable":true,"href":"https:\/\/middleeasttransparent.com\/fr\/wp-json\/wp\/v2\/users\/717"}],"replies":[{"embeddable":true,"href":"https:\/\/middleeasttransparent.com\/fr\/wp-json\/wp\/v2\/comments?post=50204"}],"version-history":[{"count":0,"href":"https:\/\/middleeasttransparent.com\/fr\/wp-json\/wp\/v2\/posts\/50204\/revisions"}],"wp:featuredmedia":[{"embeddable":true,"href":"https:\/\/middleeasttransparent.com\/fr\/wp-json\/wp\/v2\/media\/50209"}],"wp:attachment":[{"href":"https:\/\/middleeasttransparent.com\/fr\/wp-json\/wp\/v2\/media?parent=50204"}],"wp:term":[{"taxonomy":"category","embeddable":true,"href":"https:\/\/middleeasttransparent.com\/fr\/wp-json\/wp\/v2\/categories?post=50204"},{"taxonomy":"post_tag","embeddable":true,"href":"https:\/\/middleeasttransparent.com\/fr\/wp-json\/wp\/v2\/tags?post=50204"}],"curies":[{"name":"wp","href":"https:\/\/api.w.org\/{rel}","templated":true}]}}