{"id":50185,"date":"2020-09-29T20:00:06","date_gmt":"2020-09-29T19:00:06","guid":{"rendered":"https:\/\/middleeasttransparent.com\/?p=50185"},"modified":"2020-09-29T20:00:06","modified_gmt":"2020-09-29T19:00:06","slug":"rales-agoniques-du-liban","status":"publish","type":"post","link":"https:\/\/middleeasttransparent.com\/fr\/rales-agoniques-du-liban\/","title":{"rendered":"R\u00e2les agoniques du Liban"},"content":{"rendered":"<p><em>Le Premier ministre libanais nouvellement nomm\u00e9 Mustapha Adib (\u00e0 droite) s\u2019entretient avec les propri\u00e9taires d\u2019un magasin endommag\u00e9 lors d\u2019une visite dans le quartier gravement touch\u00e9 de Gemmayzeh \u00e0 Beyrouth, le 31 ao\u00fbt 2020. Photo par \u2013 \/ AFP via Getty Images.<\/em><\/p>\n<p style=\"text-align: center;\">*<\/p>\n<h3><\/h3>\n<p>&nbsp;<\/p>\n<h3><span style=\"color: #666699;\">La d\u00e9mission, par coh\u00e9rence morale, du premier ministre d\u00e9sign\u00e9 Mustapha Adib scelle-t-elle d\u00e9finitivement l\u2019acte de d\u00e9c\u00e8s de la R\u00e9publique Libanaise ? Son geste, empreint de dignit\u00e9 sereine et de retenue patricienne, marque une \u00e9tape cruciale dans la vie du Liban, petite souris entre les griffes d\u2019un gros chat persan et d\u2019autres fauves du Proche et Moyen-Orient.<\/span><\/h3>\n<p>&nbsp;<\/p>\n<p>Le doigt accusateur de l\u2019\u00e9chec de l\u2019initiative fran\u00e7aise pointe vers le bin\u00f4me milicien Amal-Hezbollah ainsi que leur alli\u00e9 et oblig\u00e9, le CPL. Ces trois formations ont, depuis 2006, pratiqu\u00e9 non la politique d\u2019une opposition d\u00e9mocratiquement saine mais celle du blocage de l\u2019\u00c9tat et de ses institutions dans le cadre d\u2019<strong>une strat\u00e9gie putschiste permanente<\/strong>.<\/p>\n<p>On saluera au passage l\u2019attitude de Mustapha Adib que nous ne connaissions pas. En une vingtaine de jours, il a montr\u00e9 qu\u2019il est un authentique commis de l\u2019\u00c9tat, conscient de ses fonctions dans le cadre de la Constitution et de la Loi. Il n\u2019a pas donn\u00e9 d\u2019interview, il n\u2019a pas dit grand-chose. Il a ex\u00e9cut\u00e9 la mission \u00e0 lui confi\u00e9e par la Constitution : former son \u00e9quipe de gouvernement de mission, conform\u00e9ment \u00e0 l\u2019accord politique parrain\u00e9 par le pr\u00e9sident fran\u00e7ais lors de sa derni\u00e8re rencontre avec les forces politiques libanaises \u00e0 la R\u00e9sidence des Pins. On se souviendra de l\u2019apart\u00e9 entre Emmanuel Macron et Mohamad Raad, le chef de file du groupe parlementaire du Hezbollah.<strong> La photo-souvenir vaut son pesant d\u2019or aux yeux des redoutables Mollahs de T\u00e9h\u00e9ran.<\/strong><\/p>\n<p>Le soulagement, au sein de la population traumatis\u00e9e, \u00e9tait perceptible mais fut de courte dur\u00e9e. Au fil des jours, le citoyen libanais ordinaire a senti que Mustapha Adib repr\u00e9sentait autre chose que la traditionnelle et grouillante vermine de la vie publico-m\u00e9diatique. Cet inconnu des \u00e9crans de t\u00e9l\u00e9vision, par sa rigueur respectueuse des r\u00e8gles proc\u00e9durales, a sembl\u00e9 incarner la sacralit\u00e9 de l\u2019\u00c9tat, de la Constitution et de la Loi. Rien qu\u2019en cela, il paraissait largement d\u00e9passer tous les clans r\u00e9unis des mafias de la caste dirigeante libanaise. L\u2019histoire n\u2019oubliera pas de sit\u00f4t cet ultime r\u00e2le de conscience de l\u2019\u00c9tat libanais dans les affres de son agonie.<\/p>\n<p>Curieusement, la d\u00e9mission de ce gentleman est venue rappeler que la Constitution participe du Sacr\u00e9 et que tout marchandage sur son texte fondateur rel\u00e8ve de la profanation. Mais qui en est conscient au sein du cloaque fangeux et putride du jeu politique libanais ? Ce ne sont certainement pas les forces factieuses qui ont men\u00e9 le pays \u00e0 la mort et \u00e0 la ruine. Certaines de ces formations sectaires ont fait du mensonge une cat\u00e9gorie de l\u2019esprit, tant elles r\u00e9duisent l\u2019intelligence politique \u00e0 la fourberie paysanne se drapant de l\u2019arrogance du barbare.<\/p>\n<p><strong>L\u2019\u00e9chec de Mustafa Adib est-il une preuve suppl\u00e9mentaire de la non-viabilit\u00e9 constitutive du Liban ? Certainement pas car une issue honorable existe<\/strong>.<\/p>\n<p>Elle a pour point de d\u00e9part l\u2019article 1er du Chapitre II des Accords de Ta\u00ebf (1989) qui stipule la dissolution de toutes les milices arm\u00e9es et la d\u00e9position de leurs arsenaux. Seules les milices du tandem chiite Amal-Hezbollah n\u2019ont pas appliqu\u00e9, \u00e0 ce jour, cette clause. La suite de l\u2019histoire est bien connue.<\/p>\n<p><strong>De quoi demain sera fait ?<\/strong> De beaucoup de malheurs certainement. Les jeunes g\u00e9n\u00e9rations sont moralement tenues de d\u00e9construire les discours de la mentalit\u00e9 milicienne et mafieuse qui a r\u00e9gn\u00e9 au Liban depuis quelques d\u00e9cennies. Cette jeunesse pourrait le faire en m\u00e9ditant le commentaire de Boris Souvarine sur l\u2019\u00e9tonnant \u00ab <em>Dialogue aux enfers entre Machiavel et Montesquieu<\/em> \u00bb de Maurice Joly (1829-1878).<\/p>\n<p>Ce manuel de duplicit\u00e9 et de fourberie d\u00e9crit parfaitement la situation libanaise : \u00ab s\u00e9parer la morale de la politique, substituer \u00e0 tout droit la force et l\u2019astuce, paralyser l\u2019esprit individuel, tromper le peuple avec des apparences, ne consentir de libert\u00e9 que sous le poids de la terreur, flatter les pr\u00e9jug\u00e9s nationaux, [\u2026], transformer les instruments de la pens\u00e9e en instruments du pouvoir, exiger une apologie perp\u00e9tuelle de ses actes, enseigner soi-m\u00eame l\u2019histoire de son r\u00e8gne, avoir une police qui serve de clef de vo\u00fbte au r\u00e9gime, se faire des fid\u00e8les au moyen de rubans et de hochets, <strong>\u00e9riger le culte de l\u2019usurpateur en une esp\u00e8ce de religion<\/strong>, se rendre indispensable en cr\u00e9ant le vide autour de soi, amollir l\u2019opinion au point qu\u2019elle abdique dans l\u2019apathie, [\u2026] dire le contraire de sa pens\u00e9e, en venir \u00e0 changer m\u00eame le sens de mots \u00bb.<\/p>\n<p><strong>Vive la r\u00e9volution du 17 octobre<\/strong><\/p>\n<p>&nbsp;<\/p>\n<p>*Beyrouth<\/p>\n<p>acourban@gmail.com<\/p>\n<p><a href=\"https:\/\/www.lorientlejour.com\/article\/1234244\/rales-agoniques-du-liban.html\">OLJ<\/a><\/p>\n","protected":false},"excerpt":{"rendered":"<p>Le Premier ministre libanais nouvellement nomm\u00e9 Mustapha Adib (\u00e0 droite) s\u2019entretient avec les propri\u00e9taires d\u2019un magasin endommag\u00e9 lors d\u2019une visite dans le quartier gravement touch\u00e9 de Gemmayzeh \u00e0 Beyrouth, le 31 ao\u00fbt 2020. Photo par \u2013 \/ AFP via Getty Images. * &nbsp; La d\u00e9mission, par coh\u00e9rence morale, du premier ministre d\u00e9sign\u00e9 Mustapha Adib scelle-t-elle<\/p>\n","protected":false},"author":33,"featured_media":50190,"comment_status":"open","ping_status":"open","sticky":false,"template":"","format":"standard","meta":{"_uf_show_specific_survey":0,"_uf_disable_surveys":false,"footnotes":""},"categories":[37],"tags":[],"class_list":{"0":"post-50185","1":"post","2":"type-post","3":"status-publish","4":"format-standard","5":"has-post-thumbnail","7":"category-alaune-fr"},"aioseo_notices":[],"_links":{"self":[{"href":"https:\/\/middleeasttransparent.com\/fr\/wp-json\/wp\/v2\/posts\/50185","targetHints":{"allow":["GET"]}}],"collection":[{"href":"https:\/\/middleeasttransparent.com\/fr\/wp-json\/wp\/v2\/posts"}],"about":[{"href":"https:\/\/middleeasttransparent.com\/fr\/wp-json\/wp\/v2\/types\/post"}],"author":[{"embeddable":true,"href":"https:\/\/middleeasttransparent.com\/fr\/wp-json\/wp\/v2\/users\/33"}],"replies":[{"embeddable":true,"href":"https:\/\/middleeasttransparent.com\/fr\/wp-json\/wp\/v2\/comments?post=50185"}],"version-history":[{"count":0,"href":"https:\/\/middleeasttransparent.com\/fr\/wp-json\/wp\/v2\/posts\/50185\/revisions"}],"wp:featuredmedia":[{"embeddable":true,"href":"https:\/\/middleeasttransparent.com\/fr\/wp-json\/wp\/v2\/media\/50190"}],"wp:attachment":[{"href":"https:\/\/middleeasttransparent.com\/fr\/wp-json\/wp\/v2\/media?parent=50185"}],"wp:term":[{"taxonomy":"category","embeddable":true,"href":"https:\/\/middleeasttransparent.com\/fr\/wp-json\/wp\/v2\/categories?post=50185"},{"taxonomy":"post_tag","embeddable":true,"href":"https:\/\/middleeasttransparent.com\/fr\/wp-json\/wp\/v2\/tags?post=50185"}],"curies":[{"name":"wp","href":"https:\/\/api.w.org\/{rel}","templated":true}]}}