{"id":50168,"date":"2020-09-28T20:29:56","date_gmt":"2020-09-28T19:29:56","guid":{"rendered":"https:\/\/middleeasttransparent.com\/?p=50168"},"modified":"2020-09-28T20:29:56","modified_gmt":"2020-09-28T19:29:56","slug":"liban-macron-fustige-les-traitres-sans-les-menacer","status":"publish","type":"post","link":"https:\/\/middleeasttransparent.com\/fr\/liban-macron-fustige-les-traitres-sans-les-menacer\/","title":{"rendered":"Liban: Macron fustige les \u00abtra\u00eetres\u00bb sans les menacer"},"content":{"rendered":"<article id=\"fig-article\" class=\"css-79elbk e8mzd9n0\">\n<header class=\"css-1abuj4a e8mzd9n1\">\n<h2 class=\"css-135rrsm edox7vr0\">Il donne une derni\u00e8re chance aux dirigeants pour sortir de la crise.<\/h2>\n<\/header>\n<div class=\"css-10460lt ey7xkwt0\" data-component=\"fig-content-body\">\n<p>&nbsp;<\/p>\n<p class=\"css-s6jpj4 ekabp3u0\">Le 1<sup>er<\/sup>\u00a0septembre au palais pr\u00e9sidentiel de Baabda \u00e0 Beyrouth,\u00a0<a class=\"css-15ezjzi esdb6og5\" href=\"https:\/\/www.lefigaro.fr\/international\/au-liban-emmanuel-macron-maintient-les-chefs-politiques-sous-pression-20200901\" data-fig-id=\"bGVmaWdhcm8uZnJfXzAxNDBiNzZjLWVjODAtMTFlYS1hZTZjLTQ2YmQ1MTQ5MTZjZF9fQXJ0aWNsZQ==\" data-fig-type=\"Article\" data-gtm-custom-categorie=\"navigation\" data-gtm-custom-action=\"crossclick\" data-gtm-custom-label=\"Contextuel\" data-gtm-event=\"customEventSPE\">Emmanuel Macron avait mis en garde<\/a>\u00a0l\u2019ensemble des responsables politiques libanais, alors que le pays, meurtri par la tragique explosion du 4 ao\u00fbt, avait besoin d\u2019un\u00a0<em>\u00abgouvernement de mission\u00bb<\/em>\u00a0hors des influences partisanes, pour redresser le Liban.\u00a0<em>\u00abJe ne sais ce que donneront les prochaines semaines, je ne sais qu\u2019une chose, si cet appel \u00e0 s\u2019\u00e9lever au-dessus des int\u00e9r\u00eats particuliers n\u2019est pas entendu, (\u2026) la promesse sera trahie\u00bb<\/em>, avait-il d\u00e9clar\u00e9, en allusion \u00e0 l\u2019appel lanc\u00e9 un si\u00e8cle plus t\u00f4t par le g\u00e9n\u00e9ral Gouraud \u00e0\u00a0<a class=\"css-15ezjzi esdb6og5\" href=\"https:\/\/www.lefigaro.fr\/vox\/monde\/cent-ans-apres-la-creation-du-grand-liban-la-france-conserve-une-place-majeure-au-pays-du-cedre-20200901\" data-fig-id=\"bGVmaWdhcm8uZnJfXzVjYzM5YmEyLWVjMzItMTFlYS05OGI4LWMxNGFiZDRiNjNmY19fQXJ0aWNsZQ==\" data-fig-type=\"Article\" data-gtm-custom-categorie=\"navigation\" data-gtm-custom-action=\"crossclick\" data-gtm-custom-label=\"Contextuel\" data-gtm-event=\"customEventSPE\">la fondation du Grand-Liban<\/a>.<\/p>\n<p class=\"css-s6jpj4 ekabp3u0\">Dimanche soir, alors que la veille le premier ministre, Moustapha Adib,\u00a0<a class=\"css-15ezjzi esdb6og5\" href=\"https:\/\/www.lefigaro.fr\/international\/liban-le-premier-ministre-designe-renonce-a-former-un-nouveau-gouvernement-20200926\" data-fig-id=\"bGVmaWdhcm8uZnJfXzA1NTZlM2M3LWZmZGEtMTFlYS04ZmYwLWEwMzY5ZjkxZjMwNF9fTmV3c0ZsYXNo\" data-fig-type=\"NewsFlash\" data-gtm-custom-categorie=\"navigation\" data-gtm-custom-action=\"crossclick\" data-gtm-custom-label=\"Contextuel\" data-gtm-event=\"customEventSPE\">avait d\u00fb renoncer \u00e0 former ce gouvernement de mission<\/a>, Emmanuel Macron a tir\u00e9 les le\u00e7ons de ces quatre semaines o\u00f9 l\u2019\u00c9lys\u00e9e a tent\u00e9 en vain de convaincre les uns et les autres d\u2019honorer leurs engagements pris \u00e0 Beyrouth.\u00a0<em>\u00abJ\u2019ai honte pour vos dirigeants\u00bb<\/em>, a d\u00e9clar\u00e9 le chef de l\u2019\u00c9tat lors d\u2019une conf\u00e9rence de presse \u00e0 l\u2019\u00c9lys\u00e9e. Le ton grave, prenant\u00a0<em>\u00abacte de la trahison collective\u00bb<\/em>\u00a0de la classe politique, il a tenu des propos d\u2019une rare violence, fustigeant\u00a0<em>\u00abun syst\u00e8me de corruption o\u00f9 tout le monde se tient parce que tout le monde a touch\u00e9\u00bb<\/em>. Un syst\u00e8me o\u00f9\u00a0<em>\u00abquelques dizaines de personnes sont en train de faire tomber le pays\u00bb<\/em>.<\/p>\n<h2 class=\"css-1trbs3s e197bajz0\">Le Hezbollah accus\u00e9<\/h2>\n<p class=\"css-s6jpj4 ekabp3u0\"><em>\u00abEmmanuel Macron a eu le courage de nommer les responsables de cet \u00e9chec\u00bb<\/em>, se f\u00e9licite un ancien diplomate en poste \u00e0 Beyrouth. D\u2019abord\u00a0<a class=\"css-15ezjzi esdb6og5\" href=\"https:\/\/www.lefigaro.fr\/international\/liban-le-pas-de-deux-d-emmanuel-macron-avec-le-hezbollah-20200831\" data-fig-id=\"bGVmaWdhcm8uZnJfXzM1NzcxZTBlLWViYjMtMTFlYS05OGI4LWMxNGFiZDRiNjNmY19fQXJ0aWNsZQ==\" data-fig-type=\"Article\" data-gtm-custom-categorie=\"navigation\" data-gtm-custom-action=\"crossclick\" data-gtm-custom-label=\"Contextuel\" data-gtm-event=\"customEventSPE\">le Hezbollah, la formation chiite<\/a>, qui n\u2019a fait, selon Macron,\u00a0<em>\u00abaucune concession\u00bb\u00a0<\/em>dans son exigence d\u2019obtenir le tr\u00e8s juteux minist\u00e8re des Finances, au profit de son alli\u00e9 Amal, du pr\u00e9sident du Parlement Nabih Berri.<em>\u00a0\u00abLe Hezbollah ne doit pas se croire plus fort qu\u2019il ne l\u2019est\u00bb<\/em>, a averti le pr\u00e9sident de la R\u00e9publique, qui l\u2019accuse d\u2019avoir impos\u00e9 un\u00a0<em>\u00absyst\u00e8me de terreur\u00bb<\/em>. Ce parti, a ajout\u00e9 Macron,\u00a0<em>\u00abne peut-\u00eatre en m\u00eame temps une arm\u00e9e en guerre contre Isra\u00ebl, une milice d\u00e9cha\u00een\u00e9e contre les civils en Syrie et un parti respectable au Liban\u00bb<\/em>.<\/p>\n<p class=\"css-s6jpj4 ekabp3u0\">En termes moins rudes, il a \u00e9galement tanc\u00e9 l\u2019ancien premier ministre (sunnite) Saad Hariri, qui a\u00a0<em>\u00abcommis une faute\u00bb<\/em>, en\u00a0<em>\u00abajoutant un crit\u00e8re confessionnel dans l\u2019attribution des minist\u00e8res\u00bb.<\/em>\u00a0<strong>Ces mots tr\u00e8s durs &#8211; aussi justes soient-ils &#8211; ne masquent-ils pas une impuissance, se demandent de nombreux experts?\u00a0<em>\u00abLes gens s\u2019attendaient \u00e0 une r\u00e9action, potentiellement \u00e0 une menace de quelque chose\u00bb<\/em>, confie un haut fonctionnaire libanais<\/strong>, d\u00e9\u00e7u par Emmanuel Macron. Le chef de l\u2019\u00c9tat a \u00e9cart\u00e9 des sanctions contre les dirigeants corrompus. Celles-ci\u00a0<em>\u00abne me paraissent pas \u00eatre le bon instrument \u00e0 ce stade\u00bb<\/em>, a dit Macron. Il avait pourtant brandi cette \u00e9p\u00e9e de Damocl\u00e8s lors de ses deux voyages \u00e0 Beyrouth. Sa temporisation surprend plus d\u2019un observateur. Mais pour \u00eatre efficace, l\u2019outil des sanctions doit \u00eatre partag\u00e9 par les grands pays. Or les \u00c9tats-Unis, apr\u00e8s avoir d\u00e9clar\u00e9, d\u00e9but ao\u00fbt, marcher\u00a0<em>\u00abmain dans la main\u00bb<\/em>\u00a0avec la France, ont d\u00e9nonc\u00e9 ensuite\u00a0<a class=\"css-15ezjzi esdb6og5\" href=\"https:\/\/www.lefigaro.fr\/international\/liban-le-pas-de-deux-d-emmanuel-macron-avec-le-hezbollah-20200831\" data-fig-id=\"bGVmaWdhcm8uZnJfXzM1NzcxZTBlLWViYjMtMTFlYS05OGI4LWMxNGFiZDRiNjNmY19fQXJ0aWNsZQ==\" data-fig-type=\"Article\" data-gtm-custom-categorie=\"navigation\" data-gtm-custom-action=\"crossclick\" data-gtm-custom-label=\"Contextuel\" data-gtm-event=\"customEventSPE\">les contacts d\u2019Emmanuel Macron avec le Hezbollah<\/a>, pour finalement sanctionner deux ex-ministres, proches du camp chiite, ce qui crispa ce m\u00eame camp. Bref, Washington donna l\u2019impression de savonner la planche d\u2019Emmanuel Macron.<\/p>\n<h2 class=\"css-1trbs3s e197bajz0\">Bilan dans six semaines<\/h2>\n<p class=\"css-s6jpj4 ekabp3u0\"><strong>L\u2019initiative fran\u00e7aise a souffert \u00e9galement d\u2019un manque de coordination avec les pays europ\u00e9ens.\u00a0<em>\u00abNous aurions aim\u00e9 davantage de transparence\u00bb<\/em>, regrettait la semaine derni\u00e8re un diplomate allemand<\/strong>. Pour combler cette lacune, Emmanuel Macron a annonc\u00e9 une r\u00e9union d\u2019ici \u00e0 une vingtaine de jours du Groupe international de soutien au Liban.\u00a0<em>\u00ab\u00c0 ce d\u00e9faut de proc\u00e9dure s\u2019ajoutait un probl\u00e8me de fond dans l\u2019initiative Macron\u00bb<\/em>, estime le haut fonctionnaire libanais, qui la soutenait.\u00a0<em>\u00abIl fallait anticiper quelque chose au cas o\u00f9 la classe politique dise non \u00e0 Macron. <strong>On se rend compte que ce sc\u00e9nario n\u2019a pas \u00e9t\u00e9 \u00e9tudi\u00e9. Macron se retrouve avec un sabre de bois<\/strong>.\u00bb\u00a0<\/em>D\u00e9risoire instrument face \u00e0 des dinosaures qui jurent encore soutenir l\u2019initiative fran\u00e7aise.<em>\u00a0\u00abComme la corde soutient le pendu\u00bb<\/em>, ironise l\u2019ancien diplomate fran\u00e7ais.<\/p>\n<p class=\"css-s6jpj4 ekabp3u0\">M\u00eame si Paris va moins se m\u00ealer des tractations pour nommer un premier ministre et composer un gouvernement, Macron n\u2019entend pas l\u00e2cher le Liban. Sa feuille de route des r\u00e9formes reste sur la table. Il donne\u00a0<em>\u00abune derni\u00e8re chance\u00bb<\/em>\u00a0aux responsables de respecter leurs engagements, et dans\u00a0<em>\u00abun mois, un mois et demi, nous serons oblig\u00e9s de faire le bilan (\u2026) s\u2019il n\u2019y a aucune avanc\u00e9e, alors nous serons oblig\u00e9s (\u2026) de poser la question de confiance: est-ce qu\u2019un gouvernement de mission (\u2026) est encore possible? Ou est-ce qu\u2019il faut \u00e0 ce moment-l\u00e0 changer la donne et aller peut-\u00eatre dans une voie plus syst\u00e9mique de recomposition politique au Liban\u00bb<\/em>, a-t-il dit, ajoutant que ce serait une piste\u00a0<em>\u00abtr\u00e8s aventureuse\u00bb<\/em>.<\/p>\n<p><a href=\"https:\/\/www.lefigaro.fr\/international\/liban-macron-fustige-les-traitres-sans-les-menacer-20200928\">LE FIGARO<\/a><\/p>\n<\/div>\n<\/article>\n","protected":false},"excerpt":{"rendered":"<p>Il donne une derni\u00e8re chance aux dirigeants pour sortir de la crise. &nbsp; Le 1er\u00a0septembre au palais pr\u00e9sidentiel de Baabda \u00e0 Beyrouth,\u00a0Emmanuel Macron avait mis en garde\u00a0l\u2019ensemble des responsables politiques libanais, alors que le pays, meurtri par la tragique explosion du 4 ao\u00fbt, avait besoin d\u2019un\u00a0\u00abgouvernement de mission\u00bb\u00a0hors des influences partisanes, pour redresser le Liban.\u00a0\u00abJe<\/p>\n","protected":false},"author":34,"featured_media":50170,"comment_status":"open","ping_status":"open","sticky":false,"template":"","format":"standard","meta":{"_uf_show_specific_survey":0,"_uf_disable_surveys":false,"footnotes":""},"categories":[37],"tags":[],"class_list":{"0":"post-50168","1":"post","2":"type-post","3":"status-publish","4":"format-standard","5":"has-post-thumbnail","7":"category-alaune-fr"},"aioseo_notices":[],"_links":{"self":[{"href":"https:\/\/middleeasttransparent.com\/fr\/wp-json\/wp\/v2\/posts\/50168","targetHints":{"allow":["GET"]}}],"collection":[{"href":"https:\/\/middleeasttransparent.com\/fr\/wp-json\/wp\/v2\/posts"}],"about":[{"href":"https:\/\/middleeasttransparent.com\/fr\/wp-json\/wp\/v2\/types\/post"}],"author":[{"embeddable":true,"href":"https:\/\/middleeasttransparent.com\/fr\/wp-json\/wp\/v2\/users\/34"}],"replies":[{"embeddable":true,"href":"https:\/\/middleeasttransparent.com\/fr\/wp-json\/wp\/v2\/comments?post=50168"}],"version-history":[{"count":0,"href":"https:\/\/middleeasttransparent.com\/fr\/wp-json\/wp\/v2\/posts\/50168\/revisions"}],"wp:featuredmedia":[{"embeddable":true,"href":"https:\/\/middleeasttransparent.com\/fr\/wp-json\/wp\/v2\/media\/50170"}],"wp:attachment":[{"href":"https:\/\/middleeasttransparent.com\/fr\/wp-json\/wp\/v2\/media?parent=50168"}],"wp:term":[{"taxonomy":"category","embeddable":true,"href":"https:\/\/middleeasttransparent.com\/fr\/wp-json\/wp\/v2\/categories?post=50168"},{"taxonomy":"post_tag","embeddable":true,"href":"https:\/\/middleeasttransparent.com\/fr\/wp-json\/wp\/v2\/tags?post=50168"}],"curies":[{"name":"wp","href":"https:\/\/api.w.org\/{rel}","templated":true}]}}