{"id":50157,"date":"2020-09-28T19:31:30","date_gmt":"2020-09-28T18:31:30","guid":{"rendered":"https:\/\/middleeasttransparent.com\/?p=50157"},"modified":"2020-09-28T19:33:28","modified_gmt":"2020-09-28T18:33:28","slug":"emmanuel-macron-fustige-la-trahison-des-elites-politiques-libanaises","status":"publish","type":"post","link":"https:\/\/middleeasttransparent.com\/fr\/emmanuel-macron-fustige-la-trahison-des-elites-politiques-libanaises\/","title":{"rendered":"Emmanuel Macron fustige la \u00ab\u00a0trahison\u00a0\u00bb des \u00e9lites politiques libanaises"},"content":{"rendered":"<header class=\"article__header \">\n<div class=\"article__heading\">\n<h2 class=\"article__desc\">L\u2019\u00e9chec de Mustapha Adib \u00e0 former un nouveau gouvernement ouvre une phase d\u2019incertitudes au Liban.<\/h2>\n<\/div>\n<p>&nbsp;<\/p>\n<p class=\"meta meta__publisher\"><span class=\"meta__author\">Par\u00a0<a class=\"article__author-link\" href=\"https:\/\/www.lemonde.fr\/signataires\/piotr-smolar\/\">Piotr Smolar<\/a>\u00a0et\u00a0<a class=\"article__author-link\" href=\"https:\/\/www.lemonde.fr\/signataires\/benjamin-barthe\/\">Benjamin Barthe<\/a><\/span><\/p>\n<\/header>\n<section class=\"article__wrapper article__wrapper--premium \">\n<article class=\"article__content old__article-content-single\">\n<h3 class=\"article__paragraph \"><span style=\"color: #666699;\"><em>\u00ab\u00a0Profiteurs\u00a0\u00bb, \u00ab\u00a0rente\u00a0\u00bb, \u00ab\u00a0syst\u00e8me crapuleux\u00a0\u00bb, \u00ab\u00a0jeu mortif\u00e8re de la corruption\u00a0\u00bb, \u00ab\u00a0trahison collective\u00a0\u00bb.\u00a0<\/em>Une col\u00e8re glaciale, charriant des flots de propos contempteurs, a travers\u00e9 l\u2019Elys\u00e9e, dimanche 27\u00a0septembre. Emmanuel Macron a exprim\u00e9 toute sa frustration devant l\u2019incapacit\u00e9 des partis libanais \u00e0 former un gouvernement, lors d\u2019une conf\u00e9rence de presse hors norme, \u00e0 l\u2019image de son investissement depuis pr\u00e8s de deux mois aupr\u00e8s du peuple libanais, confront\u00e9 \u00e0 un enchev\u00eatrement de crises.\u00a0<em>\u00ab\u00a0J\u2019ai honte pour vos dirigeants. J\u2019ai honte\u00a0\u00bb<\/em>, a martel\u00e9 le pr\u00e9sident fran\u00e7ais.<\/span><\/h3>\n<\/article>\n<p>&nbsp;<\/p>\n<article class=\"article__content old__article-content-single\">\n<section class=\"catcher catcher--inline\"><span class=\"catcher__title\"><span class=\"icon__premium\"><span class=\"sr-only\">Article r\u00e9serv\u00e9 \u00e0 nos abonn\u00e9s<\/span><\/span>\u00a0Lire aussi\u00a0<\/span><span class=\"catcher__desc\"><a class=\"js-article-read-also\" href=\"https:\/\/www.lemonde.fr\/international\/article\/2020\/09\/27\/la-crise-politique-s-envenime-au-liban_6053776_3210.html\" data-premium=\"1\">La crise politique s\u2019envenime au Liban<\/a><\/span><\/section>\n<section><\/section>\n<p>&nbsp;<\/p>\n<p class=\"article__paragraph \">La r\u00e9cusation, samedi, de Mustapha Adib, le premier ministre charg\u00e9 de former un nouveau cabinet, en remplacement de celui d\u2019Hassan Diab, victime collat\u00e9rale de la gigantesque explosion du 4\u00a0ao\u00fbt, ouvre une nouvelle phase d\u2019incertitudes politiques. L\u2019ancien diplomate,\u00a0<em>\u00ab\u00a0un homme respectable et sinc\u00e8re\u00a0\u00bb<\/em>\u00a0selon M.\u00a0Macron, devait former un\u00a0<em>\u00ab\u00a0gouvernement de mission\u00a0\u00bb<\/em>, compos\u00e9 de sp\u00e9cialistes et non de responsables politiques assimil\u00e9s \u00e0 un clan et \u00e0 ses int\u00e9r\u00eats. Cette entreprise s\u2019est fracass\u00e9e contre le mur des calculs et des rivalit\u00e9s confessionnelles. Mais M.\u00a0Macron estime que sa d\u00e9marche de m\u00e9diation ne fait nullement de lui un coresponsable<em>. \u00ab\u00a0L\u2019\u00e9chec, c\u2019est le leur. J\u2019ai le droit de ne pas le prendre pour moi. J\u2019ai fait le maximum de ce que je pouvais.\u00a0\u00bb<\/em><\/p>\n<h2 class=\"article__sub-title\">Un fragile espoir<\/h2>\n<p class=\"article__paragraph \">Le 1<sup>er<\/sup>\u00a0septembre, de retour dans la capitale libanaise, le pr\u00e9sient fran\u00e7ais avait arrach\u00e9 aux partis locaux une feuille de route, un calendrier de r\u00e9formes pour les prochains mois, une m\u00e9thodologie. Bref, un fragile espoir. La premi\u00e8re \u00e9tape consistait \u00e0 d\u00e9signer l\u2019\u00e9quipage gouvernemental, cens\u00e9 revoir l\u2019organisation du secteur de l\u2019eau et de l\u2019\u00e9lectricit\u00e9, des march\u00e9s publics, du port de Beyrouth, et toutes les autres priorit\u00e9s identifi\u00e9es depuis des ann\u00e9es. L\u2019Elys\u00e9e a suivi pas \u00e0 pas les consultations entre partis, tout en assurant que la France n\u2019avait pas \u00e0 se m\u00ealer de la d\u00e9signation des ministres. C\u2019est l\u00e0 que la mise sous surveillance de la classe politique libanaise a atteint ses limites.<\/p>\n<p class=\"article__paragraph \">Le d\u00e9lai de quinze jours pour former un gouvernement, \u00e9voqu\u00e9 \u00e0 l\u2019origine par Paris, n\u2019a pas \u00e9t\u00e9 respect\u00e9. L\u2019entourage de M. Macron a alors accept\u00e9 les prolongations, le but \u00e0 atteindre important davantage que le temps pour y parvenir.\u00a0<em>\u00ab\u00a0Personne n\u2019a \u00e9t\u00e9 \u00e0 la hauteur des engagements pris le 1<\/em><sup>er<\/sup><em>\u00a0septembre\u00a0\u00bb<\/em>, a constat\u00e9 ce dernier dimanche, comme un professeur tan\u00e7ant une classe de cancres, qui n\u2019ont pas \u00e0 r\u00e9pondre devant lui, m\u00eame s\u2019ils avaient accueilli favorablement son intervention.<\/p>\n<section class=\"catcher catcher--inline\"><span class=\"catcher__title\"><span class=\"icon__premium\"><span class=\"sr-only\">Article r\u00e9serv\u00e9 \u00e0 nos abonn\u00e9s<\/span><\/span>\u00a0Lire aussi\u00a0<\/span><span class=\"catcher__desc\"><a class=\"js-article-read-also\" href=\"https:\/\/www.lemonde.fr\/international\/article\/2020\/09\/21\/au-liban-l-initiative-francaise-bute-sur-les-divisions-communautaires_6053020_3210.html\" data-premium=\"1\">Au Liban, l\u2019initiative fran\u00e7aise bute sur les divisions communautaires<\/a><\/span><\/section>\n<section><\/section>\n<p>&nbsp;<\/p>\n<p class=\"article__paragraph \">Le principe de rotation des portefeuilles r\u00e9galiens entre les communaut\u00e9s, introduit par Mustapha Adib en accord avec l\u2019ancien premier ministre Saad Hariri, chef de file de la communaut\u00e9 sunnite, a provoqu\u00e9 une embolie. Ce dernier<em>\u00a0\u00ab\u00a0a eu tort d\u2019ajouter un crit\u00e8re confessionnel dans l\u2019attribution des minist\u00e8res\u00a0\u00bb<\/em>, a soulign\u00e9 M. Macron, rappelant que cette clause ne figurait pas dans l\u2019accord sign\u00e9 \u00e0 la r\u00e9sidence des Pins, en sa pr\u00e9sence. Mais il a aussi pr\u00e9cis\u00e9 que M. Hariri avait ensuite accept\u00e9 de revenir sur cette exigence.<\/p>\n<p class=\"article__paragraph \"><strong>La cible principale de l\u2019ire de l\u2019Elys\u00e9e fut donc le parti chiite Amal du pr\u00e9sident du Parlement, Nabih Berri, et le Hezbollah, le mouvement chiite pro-iranien, accus\u00e9 d\u2019avoir impos\u00e9\u00a0<em>\u00ab\u00a0un syst\u00e8me de terreur\u00a0\u00bb<\/em><\/strong>. Le chef de l\u2019Etat a pr\u00e9sent\u00e9 M.\u00a0Berri, qui a contribu\u00e9 au blocage des tractations en refusant de l\u00e2cher le portefeuille des finances, <strong>comme un\u00a0<em>\u00ab\u00a0otage\u00a0\u00bb<\/em><\/strong>\u00a0<strong>consentant<\/strong> de l\u2019organisation chiite. Le duo aurait emp\u00each\u00e9 tout compromis, en pr\u00e9tendant perp\u00e9tuer le syst\u00e8me de d\u00e9signation des ministres, en rejetant l\u2019id\u00e9e d\u2019un collectif d\u2019experts choisis sur la base de leurs comp\u00e9tences.<\/p>\n<p class=\"article__paragraph \"><strong><em>\u00ab\u00a0Le Hezbollah ne doit pas se croire plus fort qu\u2019il ne l\u2019est\u00a0\u00bb<\/em><\/strong>, a mis en garde le pr\u00e9sident Macron, interrog\u00e9 sur la pertinence de la d\u00e9marche inclusive fran\u00e7aise \u00e0 l\u2019\u00e9gard du mouvement chiite.\u00a0<em>\u00ab\u00a0J\u2019ai r\u00e9engag\u00e9 le Hezbollah comme force politique pour la premi\u00e8re fois,<\/em>\u00a0a-t-il expliqu\u00e9.\u00a0<em>Je ne veux pas aujourd\u2019hui dire qu\u2019il n\u2019y a plus aucun espoir d\u2019avoir des d\u00e9bouch\u00e9s politiques. Ces derniers mois, ces derni\u00e8res ann\u00e9es, le Hezbollah a maximis\u00e9 son pouvoir en jouant sur son ambigu\u00eft\u00e9, que beaucoup d\u2019autres dirigeants d\u00e9noncent\u00a0: <strong>une ambigu\u00eft\u00e9 o\u00f9 il est \u00e0 la fois milice, groupement terroriste, force politique<\/strong>.<\/em>\u00a0(\u2026)\u00a0<em>Les prochaines semaines seront d\u00e9terminantes \u00e0 cet \u00e9gard.\u00a0\u00bb<\/em><\/p>\n<h2 class=\"article__sub-title\">\u00ab\u00a0Pas les moyens de sa politique\u00a0\u00bb<\/h2>\n<p class=\"article__paragraph \">La France refuse dor\u00e9navant de s\u2019impliquer dans les n\u00e9gociations. Elle ne veut pas pour autant abandonner le Liban \u00e0 son sort. La feuille de route agr\u00e9\u00e9e au d\u00e9but du mois reste officiellement sur la table. Emmanuel Macron rejette la\u00a0<em>\u00ab\u00a0politique du pire\u00a0\u00bb,<\/em>\u00a0qui finirait par faire le jeu des puissances ext\u00e9rieures. Il dit ne pas avoir\u00a0<em>\u00ab\u00a0la preuve\u00a0\u00bb<\/em>\u00a0de leur ing\u00e9rence \u2013 qu\u2019elle soit iranienne ou saoudienne \u2013 dans les tractations de ces derni\u00e8res semaines. En revanche, il reconna\u00eet que les sanctions am\u00e9ricaines annonc\u00e9es pendant cette p\u00e9riode cruciale, sans concertation avec Paris, contre deux anciens ministres, accus\u00e9s d\u2019avoir aid\u00e9 le Hezbollah sur le plan logistique, ont\u00a0<em>\u00ab\u00a0sans doute contribu\u00e9 \u00e0 tendre le jeu\u00a0\u00bb<\/em>.<\/p>\n<p class=\"article__paragraph \"><strong>Le pr\u00e9sident fran\u00e7ais a annonc\u00e9 la r\u00e9union d\u2019ici \u00e0 une vingtaine de jours du Groupe international de soutien au Liban<\/strong>. Il se donne jusqu\u2019\u00e0 fin octobre pour juger de la pertinence de son objectif, former un \u00ab\u00a0gouvernement de mission\u00a0\u00bb et, en cas de nouvel \u00e9chec, en tirer les cons\u00e9quences, sans pour autant exprimer une pr\u00e9f\u00e9rence pour l\u2019outil des sanctions. Celles-ci\u00a0<em>\u00ab\u00a0ne me paraissent pas \u00eatre le bon instrument, \u00e0 ce stade\u00a0\u00bb<\/em>, a soulign\u00e9 le pr\u00e9sident fran\u00e7ais, qui, par ailleurs, n\u2019\u00e9carte plus l\u2019id\u00e9e d\u2019une r\u00e9vision du syst\u00e8me confessionnel libanais.\u00a0<em>\u00ab\u00a0Peut-\u00eatre qu\u2019il faudra en venir l\u00e0\u2026\u00a0\u00bb,\u00a0<\/em>a-t-il reconnu sans enthousiasme, tout en soulignant dans la foul\u00e9e que l\u2019urgence \u00e9tait ailleurs, et qu\u2019une telle refondation prendrait beaucoup de temps.<\/p>\n<p class=\"article__paragraph \"><em>\u00ab\u00a0Macron a eu des mots forts, il a \u00e9t\u00e9 teigneux<\/em>,\u00a0<em>mais ce d\u00e9foulement verbal est aussi un aveu d\u2019impuissance<\/em>, observe l\u2019analyste politique libanais Camille Najm.\u00a0<em>Il n\u2019a pas les moyens de sa politique. Il n\u2019a m\u00eame pas de plan\u00a0B. Il se sent trahi, alors qu\u2019une bonne partie des dirigeants avec lesquels il traite \u00e9taient d\u00e9j\u00e0 au pouvoir du temps de Giscard\u00a0! Il les traite de tous les noms, mais, dans un mois ou deux, il se retrouvera \u00e0 boire le caf\u00e9 avec eux. On touche aux limites de la diplomatie fran\u00e7aise au Proche-Orient.\u00a0\u00bb<\/em><\/p>\n<section class=\"catcher catcher--inline\"><span class=\"catcher__title\"><span class=\"icon__premium\"><span class=\"sr-only\">Article r\u00e9serv\u00e9 \u00e0 nos abonn\u00e9s<\/span><\/span>\u00a0Lire aussi\u00a0<\/span><span class=\"catcher__desc\"><a class=\"js-article-read-also\" href=\"https:\/\/www.lemonde.fr\/international\/article\/2020\/08\/31\/henry-laurens-pour-les-francais-les-libanais-ne-sont-pas-des-etrangers_6050482_3210.html\" data-premium=\"1\">Henry Laurens\u00a0: \u00ab\u00a0Pour les Fran\u00e7ais, les Libanais ne sont pas des \u00e9trangers\u00a0\u00bb<\/a><\/span><\/section>\n<section><\/section>\n<p>&nbsp;<\/p>\n<p class=\"article__paragraph \">Il appartient d\u00e9sormais au pr\u00e9sident de la r\u00e9publique libanais, Michel Aoun, de r\u00e9engager les consultations avec les groupes parlementaires, pour d\u00e9signer un nouveau premier ministre. Comme toujours, cette \u00e9tape sera pr\u00e9c\u00e9d\u00e9e de conciliabules entre les chefs communautaires pour s\u2019accorder sur le nom de l\u2019imp\u00e9trant. Apr\u00e8s l\u2019exp\u00e9rience peu concluante du gouvernement Diab, une \u00e9quipe de technocrates que les partis politiques se sont empress\u00e9s de mettre sous tutelle, et apr\u00e8s le renoncement pr\u00e9matur\u00e9 de Mustapha Adib, la t\u00e2che promet d\u2019\u00eatre ardue. Il est peu probable que la charge d\u2019Emmanuel Macron permette de faire bouger les lignes. Le quotidien\u00a0<em>Al-Akhbar<\/em>, une publication de gauche proche du Hezbollah, a qualifi\u00e9 l\u2019intervention de ce dernier de\u00a0<em>\u00ab\u00a0comble de l\u2019insolence\u00a0\u00bb,\u00a0<\/em>qui rapproche le pr\u00e9sident fran\u00e7ais\u00a0<em>\u00ab\u00a0de l\u2019adoption de la rh\u00e9torique am\u00e9ricano-saoudienne sur le Liban\u00a0\u00bb.<\/em><\/p>\n<p class=\"article__paragraph \">Deux mois ou presque apr\u00e8s la terrible d\u00e9flagration qui a d\u00e9vast\u00e9 le port de Beyrouth, le Liban se retrouve donc \u00e0 la case d\u00e9part. Dans un moment de flottement et de vide, auquel les habitants sont tristement habitu\u00e9s. Un entre-deux lourd de risques, sans gouvernement fonctionnel, avec un simple ex\u00e9cutif charg\u00e9 d\u2019exp\u00e9dier les affaires courantes, mais incapable de prendre des d\u00e9cisions d\u2019envergure, alors que le pays n\u2019en finit pas de saigner.\u00a0<em>\u00ab\u00a0Et maintenant on va o\u00f9\u00a0?\u00a0\u00bb,<\/em>\u00a0se demandait, dimanche, le quotidien francophone\u00a0<em>L\u2019Orient-Le Jour<\/em>, reprenant le titre d\u2019un c\u00e9l\u00e8bre film libanais. Le journal parlait d\u2019<em>\u00ab\u00a0un saut dans l\u2019inconnu,<\/em>\u00a0<em>voire m\u00eame d\u2019une \u201cautoroute vers l\u2019enfer\u201d\u00a0\u00bb<\/em>. C\u2019est ce terme sans ambigu\u00eft\u00e9 qu\u2019avait choisi, quelques jours plus t\u00f4t, le pr\u00e9sident Aoun pour d\u00e9crire les cons\u00e9quences d\u2019un \u00e9chec de Mustapha Adib \u00e0 former un gouvernement.<\/p>\n<section class=\"author\"><a href=\"https:\/\/www.lemonde.fr\/international\/article\/2020\/09\/28\/macron-fustige-la-trahison-des-elites-politiques-libanaises_6053903_3210.html\">LE MONDE<\/a><\/section>\n<\/article>\n<\/section>\n","protected":false},"excerpt":{"rendered":"<p>L\u2019\u00e9chec de Mustapha Adib \u00e0 former un nouveau gouvernement ouvre une phase d\u2019incertitudes au Liban. &nbsp; Par\u00a0Piotr Smolar\u00a0et\u00a0Benjamin Barthe \u00ab\u00a0Profiteurs\u00a0\u00bb, \u00ab\u00a0rente\u00a0\u00bb, \u00ab\u00a0syst\u00e8me crapuleux\u00a0\u00bb, \u00ab\u00a0jeu mortif\u00e8re de la corruption\u00a0\u00bb, \u00ab\u00a0trahison collective\u00a0\u00bb.\u00a0Une col\u00e8re glaciale, charriant des flots de propos contempteurs, a travers\u00e9 l\u2019Elys\u00e9e, dimanche 27\u00a0septembre. Emmanuel Macron a exprim\u00e9 toute sa frustration devant l\u2019incapacit\u00e9 des partis libanais<\/p>\n","protected":false},"author":134,"featured_media":50161,"comment_status":"open","ping_status":"open","sticky":false,"template":"","format":"standard","meta":{"_uf_show_specific_survey":0,"_uf_disable_surveys":false,"footnotes":""},"categories":[37],"tags":[],"class_list":{"0":"post-50157","1":"post","2":"type-post","3":"status-publish","4":"format-standard","5":"has-post-thumbnail","7":"category-alaune-fr"},"aioseo_notices":[],"_links":{"self":[{"href":"https:\/\/middleeasttransparent.com\/fr\/wp-json\/wp\/v2\/posts\/50157","targetHints":{"allow":["GET"]}}],"collection":[{"href":"https:\/\/middleeasttransparent.com\/fr\/wp-json\/wp\/v2\/posts"}],"about":[{"href":"https:\/\/middleeasttransparent.com\/fr\/wp-json\/wp\/v2\/types\/post"}],"author":[{"embeddable":true,"href":"https:\/\/middleeasttransparent.com\/fr\/wp-json\/wp\/v2\/users\/134"}],"replies":[{"embeddable":true,"href":"https:\/\/middleeasttransparent.com\/fr\/wp-json\/wp\/v2\/comments?post=50157"}],"version-history":[{"count":0,"href":"https:\/\/middleeasttransparent.com\/fr\/wp-json\/wp\/v2\/posts\/50157\/revisions"}],"wp:featuredmedia":[{"embeddable":true,"href":"https:\/\/middleeasttransparent.com\/fr\/wp-json\/wp\/v2\/media\/50161"}],"wp:attachment":[{"href":"https:\/\/middleeasttransparent.com\/fr\/wp-json\/wp\/v2\/media?parent=50157"}],"wp:term":[{"taxonomy":"category","embeddable":true,"href":"https:\/\/middleeasttransparent.com\/fr\/wp-json\/wp\/v2\/categories?post=50157"},{"taxonomy":"post_tag","embeddable":true,"href":"https:\/\/middleeasttransparent.com\/fr\/wp-json\/wp\/v2\/tags?post=50157"}],"curies":[{"name":"wp","href":"https:\/\/api.w.org\/{rel}","templated":true}]}}