{"id":50038,"date":"2020-09-26T10:01:07","date_gmt":"2020-09-26T09:01:07","guid":{"rendered":"https:\/\/middleeasttransparent.com\/?p=50038"},"modified":"2020-09-26T10:04:14","modified_gmt":"2020-09-26T09:04:14","slug":"comment-macron-mene-ses-guerres-secretes","status":"publish","type":"post","link":"https:\/\/middleeasttransparent.com\/fr\/comment-macron-mene-ses-guerres-secretes\/","title":{"rendered":"Comment Macron m\u00e8ne ses guerres secr\u00e8tes"},"content":{"rendered":"<header>\n<h3><span style=\"color: #666699;\">ENQU\u00caTE &#8211;\u00a0 \u00a0 \u00a0 \u00a0 \u00a0 \u00a0 \u00a0 \u00a0 \u00a0 \u00a0 \u00a0 Depuis son \u00e9lection, le Pr\u00e9sident lance des op\u00e9rations militaires de plus en plus offensives et autorise des \u00abneutralisations\u00bb en s\u00e9rie. Notre collaborateur Vincent Nouzille a enqu\u00eat\u00e9 sur cette facette ultrasecr\u00e8te de l\u2019action pr\u00e9sidentielle.<\/span><\/h3>\n<\/header>\n<div class=\"css-pqa0o8 e590w5o1\"><\/div>\n<div><\/div>\n<figure class=\"css-ojz01a e109d7m50\">\n<div class=\"placeholder-print css-b81xd7 e1xprl8r0\"><\/div>\n<\/figure>\n<div class=\"css-10460lt ey7xkwt0\" data-component=\"fig-content-body\">\n<p>&nbsp;<\/p>\n<p class=\"css-s6jpj4 ekabp3u0\">Ce fut un Conseil de d\u00e9fense estival, mais gla\u00e7ant. Le 11 ao\u00fbt 2020, depuis le fort de Br\u00e9gan\u00e7on, le pr\u00e9sident Emmanuel Macron r\u00e9unit par visioconf\u00e9rence son premier ministre Jean Castex, les ministres r\u00e9galiens, le chef d\u2019\u00e9tat-major des arm\u00e9es et les patrons des services de renseignement. L\u2019ordre du jour est grave, endeuill\u00e9 par\u00a0<a class=\"css-15ezjzi esdb6og5\" href=\"https:\/\/www.lefigaro.fr\/international\/francais-tues-au-niger-questions-sur-un-massacre-terroriste-20200810\" data-fig-id=\"bGVmaWdhcm8uZnJfXzlmMjM4ODQwLWRiMmYtMTFlYS04ZjRkLWM4ZGU4ZGI4NGJlMV9fQXJ0aWNsZQ==\" data-fig-type=\"Article\" data-gtm-custom-categorie=\"navigation\" data-gtm-custom-action=\"crossclick\" data-gtm-custom-label=\"Contextuel\" data-gtm-event=\"customEventSPE\">l\u2019assassinat, le 9 ao\u00fbt, de huit personnes<\/a>, deux Nig\u00e9riens et six Fran\u00e7ais membres de l\u2019ONG Acted, dans la r\u00e9serve de Kour\u00e9, pr\u00e8s de Niamey, au Niger. Un v\u00e9ritable massacre commis par des hommes arriv\u00e9s \u00e0 motos.<\/p>\n<p class=\"css-s6jpj4 ekabp3u0\">Jusqu\u2019\u00e0 pr\u00e9sent, cette zone semblait encore prot\u00e9g\u00e9e des attaques r\u00e9p\u00e9t\u00e9es des groupes djihadistes qui ont r\u00e9pandu leur gu\u00e9rilla dans plusieurs pays du Sahel. Les <strong>5100 soldats fran\u00e7ais de l\u2019op\u00e9ration Barkhane<\/strong> ont multipli\u00e9 depuis six mois les op\u00e9rations \u00e9clair visant \u00e0 affaiblir les deux principales n\u00e9buleuses rivales, le GSIM (Groupe de soutien \u00e0 l\u2019islam et aux musulmans), li\u00e9 \u00e0 al-Qaida, et l\u2019EIGS (\u00c9tat islamique au Grand Sahara), affili\u00e9 \u00e0 Daech, notamment dans ses fiefs de la r\u00e9gion dite des \u00abtrois fronti\u00e8res\u00bb, aux confins du Mali, du Niger et du Burkina Faso.<\/p>\n<p class=\"css-s6jpj4 ekabp3u0\">L\u2019assassinat des humanitaires d\u00e9montre que les djihadistes, m\u00eame sur la d\u00e9fensive, peuvent frapper partout. Durant ce Conseil de d\u00e9fense, le pr\u00e9sident Macron temp\u00eate\u00a0:\u00a0<em>\u00ab<strong>Il faut identifier et neutraliser les commanditaires, \u00e0 tout prix<\/strong>\u00a0\u00bb<\/em>, ordonne-t-il. Dans le viseur\u00a0: les katibas de l\u2019EIGS, jug\u00e9es responsables.<\/p>\n<figure class=\"css-ojz01a e109d7m50\">\n<div class=\"placeholder-print css-oc7qle e1xprl8r0\">\n<div class=\"css-upe1zs e9ckzge0\"><\/div>\n<\/div>\n<\/figure>\n<h2 class=\"css-1trbs3s e197bajz0\">Vengeances<\/h2>\n<p class=\"css-s6jpj4 ekabp3u0\"><strong>Quatre jours plus tard, des commandos fran\u00e7ais h\u00e9liport\u00e9s d\u00e9truisent des camps logistiques de l\u2019EIGS dans la r\u00e9gion du Gourma et du Liptako<\/strong>. Dans la matin\u00e9e du 17 ao\u00fbt, un drone Reaper de l\u2019arm\u00e9e de l\u2019air, qui survole la fronti\u00e8re malo-nig\u00e9rienne rep\u00e8re plusieurs individus, consid\u00e9r\u00e9s comme membres des \u00abgroupes arm\u00e9s terroristes\u00a0\u00bb, l\u2019EIGS en l\u2019occurrence.<\/p>\n<p class=\"css-s6jpj4 ekabp3u0\">Roulant vers un bivouac \u00e0 moto, les suspects sont bient\u00f4t rejoints par un pick-up avec des occupants pr\u00e9sum\u00e9s complices. Le feu vert est donn\u00e9 pour une \u00ab<strong>neutralisatio<\/strong>n\u00bb imm\u00e9diate\u00a0: le Reaper largue une bombe guid\u00e9e au laser sur le pick-up, avant qu\u2019une patrouille de deux Mirage 2000D, d\u00e9p\u00each\u00e9e depuis la base de Niamey, d\u00e9truise le bivouac, tuant plusieurs \u00abterroristes\u00a0\u00bb. La France n\u2019est pas rest\u00e9e inerte.<\/p>\n<h2 class=\"css-1trbs3s e197bajz0\">Lame froide<\/h2>\n<p class=\"css-s6jpj4 ekabp3u0\">Ce n\u2019est pas la premi\u00e8re fois qu\u2019Emmanuel Macron affiche ainsi sa r\u00e9solution martiale et sa volont\u00e9 de punir. Depuis son \u00e9lection en mai 2017, il a endoss\u00e9 les habits de chef de guerre avec autant de d\u00e9termination que son pr\u00e9d\u00e9cesseur Fran\u00e7ois Hollande.\u00a0<em>\u00abC\u2019est une lame froide\u00a0\u00bb<\/em>, confie un haut grad\u00e9 militaire qui le c\u00f4toie.\u00a0<em>\u00abIl analyse et tranche vite\u00a0\u00bb,<\/em>\u00a0ajoute un de ses conseillers.\u00a0<em>\u00ab<strong>Il assume pleinement ses responsabilit\u00e9s constitutionnelles de chef des arm\u00e9es, avec toute la gravit\u00e9 que cela implique, sans h\u00e9sitation\u00a0<\/strong>\u00bb,<\/em>\u00a0pr\u00e9cise la d\u00e9put\u00e9e (LREM) Fran\u00e7oise Dumas, pr\u00e9sidente de la commission de la D\u00e9fense \u00e0 l\u2019Assembl\u00e9e nationale.<\/p>\n<div class=\"hide-print css-1v9n76q e110xajs0\"><span class=\"css-vkk3j1 e110xajs1\">\u00c0 LIRE AUSSI\u00a0:\u00a0<\/span><a class=\"css-1dtv9cv esdb6og6\" href=\"https:\/\/www.lefigaro.fr\/vox\/economie\/francoise-dumas-le-budget-de-la-defense-doit-etre-plus-que-jamais-preserve-20200505\" data-fig-id=\"bGVmaWdhcm8uZnJfX2FiNzVmNmZjLThlZGUtMTFlYS04NmE3LTViNDE0NjJhMWM4Y19fQXJ0aWNsZQ==\" data-fig-type=\"Article\" data-gtm-custom-categorie=\"navigation\" data-gtm-custom-action=\"crossclick\" data-gtm-custom-label=\"Contextuel\" data-gtm-event=\"customEventSPE\" data-fig-domain=\"LEFIGARO\"><b>Fran\u00e7oise Dumas: \u00abLe budget de la d\u00e9fense doit \u00eatre, plus que jamais, pr\u00e9serv\u00e9\u00bb<\/b><\/a><\/div>\n<div><\/div>\n<p class=\"css-s6jpj4 ekabp3u0\">Sur le front de la \u00abguerre contre le terrorisme\u00a0\u00bb \u00e0 l\u2019\u00e9tranger, Emmanuel Macron ne l\u00e9sine pas sur l\u2019emploi de la force, que ce soit<strong> au Levant<\/strong>, o\u00f9 il a ordonn\u00e9 des raids des forces sp\u00e9ciales et des frappes cibl\u00e9es <strong>contre l\u2019\u00c9tat islamique<\/strong>, ou au Sahel, o\u00f9 il a renforc\u00e9 le contingent de Barkhane ces derniers mois. De mani\u00e8re discr\u00e8te, il a aussi autoris\u00e9 le patron de la Direction g\u00e9n\u00e9rale de la s\u00e9curit\u00e9 ext\u00e9rieure (DGSE), le diplomate Bernard Emi\u00e9, \u00e0 mener des op\u00e9rations clandestines dites \u00abd\u2019entraves\u00a0\u00bb, qui peuvent aller jusqu\u2019\u00e0 <strong>des \u00e9liminations de certains djihadistes, y compris de nationalit\u00e9 fran\u00e7aise<\/strong>. Entam\u00e9e sans \u00e9tat d\u2019\u00e2me sous Fran\u00e7ois Hollande, cette guerre secr\u00e8te a \u00e9t\u00e9 poursuivie, voire amplifi\u00e9e, par Emmanuel Macron.<\/p>\n<figure class=\"css-ojz01a e109d7m50\">\n<div class=\"placeholder-print css-oc7qle e1xprl8r0\">\n<div class=\"css-upe1zs e9ckzge0\"><img class=\"css-1ggccuu ewz1ycu0\" sizes=\"\" srcset=\"https:\/\/i.f1g.fr\/media\/eidos\/768x\/2020\/09\/25\/XVM9febaa7a-f8d3-11ea-a4f5-6485429d4bde-805x453.jpg\" alt=\"Conseil de d\u00e9fense depuis Br\u00e9gan\u00e7on, le 11 ao\u00fbt. Aux c\u00f4t\u00e9s du Pr\u00e9sident, son nouveau chef d\u2019\u00e9tat-major particulier, l\u2019amiral Rolland.\" \/><\/div>\n<\/div><figcaption class=\"css-1midx83 emwtels0\"><em><em><em>Conseil de d\u00e9fense depuis Br\u00e9gan\u00e7on, le 11 ao\u00fbt. Aux c\u00f4t\u00e9s du Pr\u00e9sident, son nouveau chef d\u2019\u00e9tat-major particulier, l\u2019amiral Rolland.<\/em><\/em><\/em><\/figcaption><\/figure>\n<p class=\"css-s6jpj4 ekabp3u0\">Rien ne le pr\u00e9destinait \u00e0 une telle posture belliciste. Ni son cursus d\u2019\u00e9narque amateur de philosophie et de banquier d\u2019affaires, ni ses fonctions de secr\u00e9taire g\u00e9n\u00e9ral adjoint \u00e0 l\u2019\u00c9lys\u00e9e sous Hollande, puis de ministre de l\u2019\u00c9conomie de 2014 \u00e0 2016, ne l\u2019avaient pr\u00e9par\u00e9 \u00e0 traiter des sujets militaires ou \u00e0 se familiariser avec le monde du renseignement. <strong>Mais l\u2019onction du suffrage, le poids de la fonction et son envie de se saisir des dossiers l\u2019ont transform\u00e9.<\/strong><\/p>\n<p>&nbsp;<\/p>\n<h2 class=\"css-1trbs3s e197bajz0\">Ligne directe avec la DGSE<\/h2>\n<p class=\"css-s6jpj4 ekabp3u0\">D\u00e8s son entr\u00e9e \u00e0 l\u2019\u00c9lys\u00e9e, il a envoy\u00e9 des signaux de son autorit\u00e9 jupit\u00e9rienne, avec la remont\u00e9e des Champs-\u00c9lys\u00e9es en command-car, sa premi\u00e8re visite r\u00e9serv\u00e9e aux bless\u00e9s \u00e0 l\u2019h\u00f4pital militaire de Percy, puis son voyage aupr\u00e8s des forces fran\u00e7aises \u00e0 Gao, au Mali. Tout comme sa col\u00e8re apr\u00e8s des propos jug\u00e9s inacceptables du chef d\u2019\u00e9tat-major des arm\u00e9es,\u00a0<a class=\"css-15ezjzi esdb6og5\" href=\"https:\/\/www.lefigaro.fr\/vox\/societe\/2018\/12\/28\/31003-20181228ARTFIG00004-general-pierre-de-villiers-le-chef-est-toujours-menace-par-l-abus-de-pouvoir.php\" data-fig-id=\"bGVmaWdhcm8uZnJfXzIwMTgxMjI4QVJURklHMDAwMDRfX0FydGljbGU=\" data-fig-type=\"Article\" data-gtm-custom-categorie=\"navigation\" data-gtm-custom-action=\"crossclick\" data-gtm-custom-label=\"Contextuel\" data-gtm-event=\"customEventSPE\">le g\u00e9n\u00e9ral Pierre de Villiers<\/a>, pouss\u00e9 \u00e0 la d\u00e9mission le 18 juillet 2017. Sur la base de la \u00abRevue strat\u00e9gique de d\u00e9fense et de strat\u00e9gie nationale\u00a0\u00bb r\u00e9dig\u00e9e en octobre 2017 par des experts, Emmanuel Macron a souhait\u00e9 un outil de d\u00e9fense<em>\u00a0\u00abagile, projetable, r\u00e9silient\u00a0\u00bb<\/em>. Et il a promis d\u2019augmenter de 1,7 milliard d\u2019euros chaque ann\u00e9e les d\u00e9penses militaires, pour les porter \u00e0 295 milliards dans le cadre de la loi de programmation militaire 2019-2025, adopt\u00e9e en juillet 2018. <em>\u00abC\u2019est un engagement fort, pour faire face \u00e0 tous les types de conflits\u00a0\u00bb,<\/em>\u00a0estime Fran\u00e7oise Dumas.<\/p>\n<p class=\"css-s6jpj4 ekabp3u0\">Au jour le jour, Emmanuel Macron suit les op\u00e9rations en temps r\u00e9el, avec l\u2019aide de son nouveau chef d\u2019\u00e9tat-major particulier, l\u2019amiral Jean-Philippe Rolland, qui a succ\u00e9d\u00e9 d\u00e9but ao\u00fbt \u00e0 l\u2019amiral Bernard Rogel, homme cl\u00e9 des affaires militaires depuis 2016. Le chef d\u2019\u00e9tat-major particulier est en contact permanent avec la ministre des Arm\u00e9es, Florence Parly, son cabinet et l\u2019\u00e9tat-major des arm\u00e9es, bas\u00e9 \u00e0 Balard. Le Conseil de d\u00e9fense, d\u00e9sormais hebdomadaire, se r\u00e9unit parfois dans le PC Jupiter, dans les sous-sols de l\u2019\u00c9lys\u00e9e, d\u2019o\u00f9 le Pr\u00e9sident peut \u00e0 la fois d\u00e9clencher le feu nucl\u00e9aire et assister en direct aux op\u00e9rations militaires, comme le raid Hamilton, les frappes a\u00e9riennes en Syrie, dans la nuit du 13 au 14 avril 2018, suite \u00e0 l\u2019utilisation pr\u00e9sum\u00e9e d\u2019armes chimiques par le r\u00e9gime de Damas.<\/p>\n<\/div>\n<div class=\"css-10460lt ey7xkwt0\" style=\"text-align: center;\" data-component=\"fig-content-body\">\n<p class=\"css-s6jpj4 ekabp3u0\" style=\"text-align: left;\">Outre les t\u00e9l\u00e9grammes venant du Quai d\u2019Orsay, via sa cellule diplomatique, Emmanuel Macron lit aussi chaque jour une note de synth\u00e8se de renseignement, r\u00e9dig\u00e9e par les \u00e9quipes du <strong>coordonnateur national du renseignement et de la lutte contre le terrorisme &#8211; Laurent Nu\u00f1ez<\/strong>, qui a succ\u00e9d\u00e9 au pr\u00e9fet Pierre de Bousquet &#8211; install\u00e9 dans l\u2019h\u00f4tel Marigny, \u00e0 deux pas de l\u2019\u00c9lys\u00e9e. Les patrons des six principaux services de renseignement se r\u00e9unissent tous les quinze jours autour du coordonnateur.<strong> Ils \u00e9changent aussi r\u00e9guli\u00e8rement avec le Pr\u00e9sident, lequel les a pr\u00e9venus d\u00e8s son \u00e9lection\u00a0:\u00a0<em>\u00abSi j\u2019entends parler de guerre des services, je vous vire!\u00a0\u00bb<\/em><\/strong><\/p>\n<p>&nbsp;<\/p>\n<figure class=\"css-ojz01a e109d7m50\">\n<div class=\"placeholder-print css-72yu4y e1xprl8r0\">\n<div class=\"css-upe1zs e9ckzge0\"><img class=\"css-1ggccuu ewz1ycu0 aligncenter\" sizes=\"\" srcset=\"https:\/\/i.f1g.fr\/media\/eidos\/300x\/2020\/09\/25\/XVMc3a22d9a-f8d3-11ea-a4f5-6485429d4bde-300x200.jpg\" alt=\"Bernard Emi\u00e9, directeur de la DGSE depuis mi-2017.\" \/><\/div>\n<\/div><figcaption class=\"css-1midx83 emwtels0\"><em><em>Bernard Emi\u00e9, directeur de la DGSE depuis mi-2017.\u00a0<span class=\"css-ctenq2 emwtels1\">F.Bouchon \/ Le Figaro<\/span><\/em><\/em><\/figcaption><\/figure>\n<\/div>\n<div class=\"css-10460lt ey7xkwt0\" style=\"text-align: left;\" data-component=\"fig-content-body\">\n<p class=\"css-s6jpj4 ekabp3u0\">Emmanuel Macron est \u00e9galement en ligne directe avec le\u00a0<a class=\"css-15ezjzi esdb6og5\" href=\"https:\/\/www.lefigaro.fr\/actualite-france\/2017\/06\/07\/01016-20170607ARTFIG00338-bernard-emie-un-specialiste-du-proche-orient-a-la-dgse.php\" data-fig-id=\"bGVmaWdhcm8uZnJfXzIwMTcwNjA3QVJURklHMDAzMzhfX0FydGljbGU=\" data-fig-type=\"Article\" data-gtm-custom-categorie=\"navigation\" data-gtm-custom-action=\"crossclick\" data-gtm-custom-label=\"Contextuel\" data-gtm-event=\"customEventSPE\">directeur de la DGSE, Bernard Emi\u00e9<\/a>, expert de l\u2019Afrique du Nord, du Proche et Moyen-Orient, tr\u00e8s pr\u00e9cieux pour d\u00e9crypter les \u00e9v\u00e9nements, qu\u2019il s\u2019agisse des tractations entre factions libyennes, des tensions avec la Turquie, de la crise au Liban, en passant par les liens renou\u00e9s en Irak ou le dialogue compliqu\u00e9 avec l\u2019Iran. F\u00e9ru de renseignement, le Pr\u00e9sident s\u2019est rendu au moins \u00e0 deux reprises au si\u00e8ge de la DGSE, boulevard Mortier, \u00e0 Paris. D\u2019abord le 30 ao\u00fbt 2017 pour d\u00e9livrer un message tr\u00e8s clair\u00a0: il faut neutraliser les terroristes par tous les moyens possibles. Et une deuxi\u00e8me fois, le 8 novembre 2019, pour inaugurer un monument en hommage aux morts de la DGSE.<\/p>\n<p class=\"css-s6jpj4 ekabp3u0\">Adepte d\u2019un pilotage en \u00abr\u00eanes courtes\u00a0\u00bb, Emmanuel Macron n\u2019a pas h\u00e9sit\u00e9 \u00e0 d\u00e9clencher des op\u00e9rations radicales, qu\u2019elles soient men\u00e9es, de mani\u00e8re discr\u00e8te, par les forces sp\u00e9ciales en uniforme sous l\u2019\u00e9gide du Commandement des op\u00e9rations sp\u00e9ciales (COS) ou, de fa\u00e7on clandestine, par les commandos du Service Action (SA) de la DGSE. Fran\u00e7ois Hollande avait assist\u00e9, parfois \u00e9bahi, \u00e0 des prises de bec entre les responsables du COS et le fougueux Bernard Bajolet, alors directeur de la DGSE, sur leurs r\u00f4les respectifs &#8211; au point de d\u00e9clencher des pol\u00e9miques, comme en t\u00e9moigne le g\u00e9n\u00e9ral Christophe Gomart<em>.<\/em>\u00a0Emmanuel Macron, quant \u00e0 lui, essaie d\u2019imposer une meilleure coordination entre les forces d\u2019\u00e9lite, jug\u00e9es compl\u00e9mentaires.<\/p>\n<h2 class=\"css-1trbs3s e197bajz0\">Traques en syrie<\/h2>\n<p class=\"css-s6jpj4 ekabp3u0\">Les actions \u00abl\u00e9tales\u00bb s\u2019encha\u00eenent \u00e0 vive allure. Tout d\u2019abord en marge de la guerre contre Daech en Syrie et en Irak, men\u00e9e au sein de la coalition Inherent Resolve. Lors de la phase finale du si\u00e8ge de Raqqa, <strong>d\u00e9but octobre 2017, l\u2019\u00c9lys\u00e9e donne des consignes pour que les combattants de l\u2019\u00c9tat islamique (EI), dont beaucoup de Fran\u00e7ais, ne puissent s\u2019\u00e9chapper de leur enclave encercl\u00e9e.\u00a0<em>\u00abPas de quartiers\u00a0\u00bb,<\/em>\u00a0telle est la ligne, soutenue par Jean-Yves Le Drian<\/strong>, ministre des Affaires \u00e9trang\u00e8res, partisan de la m\u00e9thode dure, et par Florence Parly, qui explique que <strong>si des djihadistes fran\u00e7ais p\u00e9rissent dans les combats \u00e0 Raqqa,\u00a0<\/strong><em><strong>\u00abc\u2019est tant mieux\u00a0<\/strong>\u00bb.<\/em>\u00a0La DGSE, pr\u00e9sente sur place avec les forces sp\u00e9ciales aux c\u00f4t\u00e9s des FDS, les alli\u00e9s arabo-kurdes de la coalition, intervient en ce sens. <strong>Mais les FDS pr\u00e9f\u00e8rent n\u00e9gocier<\/strong> une reddition avec les combattants de l\u2019EI, ce qui permet \u00e0 plusieurs centaines d\u2019entre eux de quitter la ville sans encombres.<\/p>\n<p class=\"css-s6jpj4 ekabp3u0\">Raqqa conquise, les soldats de l\u2019ombre et les agents de la DGSE traquent sans rel\u00e2che, en Syrie, les djihadistes \u00e9trangers toujours en fuite, notamment les francophones.<strong> Objectif\u00a0: limiter au minimum les retours en France. En t\u00eate de la liste \u00abkill or capture\u00a0\u00bb<\/strong> figure Oussama Atar, un belgo-marocain, consid\u00e9r\u00e9 comme le \u00abcerveau\u00a0\u00bb des attentats du 13 novembre 2015 \u00e0 Paris, ainsi que les fr\u00e8res toulousains Jean-Michel et Fabien Clain, dont les voix ont revendiqu\u00e9 les attentats. Ayant mutualis\u00e9 ces \u00abobjectifs\u00a0\u00bb avec les Am\u00e9ricains, les Fran\u00e7ais ne sont pas surpris d\u2019apprendre qu\u2019Oussama Atar aurait \u00e9t\u00e9 tu\u00e9 par une frappe de drone am\u00e9ricain en Syrie le 17 novembre 2017. Les forces sp\u00e9ciales et la DGSE continuent d\u2019\u00e9pauler, avec des commandos am\u00e9ricains, les FDS pour an\u00e9antir les derni\u00e8res poches de l\u2019EI. Des renforts sont envoy\u00e9s en avril 2018. Dans le bastion de Baghouz, en f\u00e9vrier 2019, des missiles am\u00e9ricains ciblent les fr\u00e8res Clain, pr\u00e9sum\u00e9s morts depuis lors. \u00c0 l\u2019\u00c9lys\u00e9e, Emmanuel Macron se r\u00e9jouit qu\u2019au terme d\u2019une longue chasse, commenc\u00e9e sous Hollande, plus d\u2019une vingtaine de commanditaires ou de complices pr\u00e9sum\u00e9s des terroristes li\u00e9s aux attentats de Paris aient \u00e9t\u00e9 \u00abneutralis\u00e9s\u00a0\u00bb en Syrie et en Irak. <strong>La France s\u2019est veng\u00e9e \u00e0 sa mani\u00e8re.<\/strong><\/p>\n<p class=\"css-s6jpj4 ekabp3u0\">Au Sahel, la \u00abchasse aux scalps\u00a0\u00bb reprend aussi de l\u2019ampleur fin 2017, peu apr\u00e8s que le Pr\u00e9sident a proc\u00e9d\u00e9 \u00e0 une revue d\u00e9taill\u00e9e de l\u2019op\u00e9ration Barkhane, initi\u00e9e mi-2014. La situation s\u00e9curitaire se d\u00e9grade, avec des attaques des katibas du nouveau GSIM, proche d\u2019al-Qaida et celles de l\u2019EIGS, li\u00e9es \u00e0 Daech.\u00a0<em>\u00abNous subissons actuellement une sorte d\u2019offensive des groupes terroristes [\u2026] Ces derniers sont bien moins nombreux qu\u2019en Irak\u00a0: quelques centaines, et non quelques milliers, mais ils sont pr\u00eats \u00e0 tout\u00a0\u00bb<\/em>, confie Jean-Yves Le Drian en octobre 2017. Emmanuel Macron d\u00e9cide d\u2019intensifier les op\u00e9rations militaires.<\/p>\n<p class=\"css-s6jpj4 ekabp3u0\">Les soldats de Barkhane et les forces sp\u00e9ciales de la Task Force Sabre re\u00e7oivent pour consigne de cibler les chefs des groupes djihadistes. Au Mali, le 14 f\u00e9vrier 2018, les commandos assaillent plusieurs camps entre Boughessa et Tin-Zaouat\u00e8ne, \u00e9liminant une dizaine de djihadistes, dont Alig Ag Wanasnat, l\u2019un des lieutenants d\u2019Iyad Ag Ghali, chef du GSIM, et Abou Hassan al-Ansari, un de ses alli\u00e9s. Quelques jours plus tard, les Fran\u00e7ais manquent de peu Adnan Abou Walid al-Sahraoui, le grand chef de l\u2019EIGS, dans la for\u00eat d\u2019Ikadagotane. Malgr\u00e9 les r\u00e9serves de l\u2019\u00e9tat-major sur le sujet, le minist\u00e8re des Arm\u00e9es communique sur le fait que les forces fran\u00e7aises ont neutralis\u00e9 450 djihadistes au Sahel depuis le d\u00e9but de l\u2019op\u00e9ration Barkhane. Le nombre de \u00abscalps\u00a0\u00bb est mis en avant. En mars, Sa\u00efd Dagdag, pr\u00e9sent\u00e9 comme un\u00a0<em>\u00abredoutable formateur dans le maniement d\u2019armes lourdes et des explosifs\u00a0\u00bb<\/em>, est tu\u00e9 dans la r\u00e9gion de Tombouctou. Le 15 novembre 2018, le minist\u00e8re des Arm\u00e9es annonce, dans un communiqu\u00e9 de victoire, la mort de sept combattants de la katiba du Gourma, dont le chef al-Mansour Ag Al-Kassa, affili\u00e9 au GSIM. Le minist\u00e8re revendique aussi fi\u00e8rement le raid ayant permis, le 21 f\u00e9vrier 2019, d\u2019\u00e9liminer pr\u00e8s de Tombouctou l\u2019Alg\u00e9rien Yahia Abou al-Hammam, de son vrai nom Djamel Okacha, num\u00e9ro deux du GSIM, et deux de ses adjoints. Florence Parly vante, devant les s\u00e9nateurs,\u00a0<em>\u00abla neutralisation de nombreux chefs terroristes\u00a0\u00bb<\/em>, comme symbole des\u00a0<em>\u00abimportants succ\u00e8s\u00a0\u00bb\u00a0<\/em>remport\u00e9s ces derniers mois au Sahel.<\/p>\n<h2 class=\"css-1trbs3s e197bajz0\">Poudri\u00e8re au sahel<\/h2>\n<p class=\"css-s6jpj4 ekabp3u0\">Ces \u00e9liminations successives de chefs sont cens\u00e9es d\u00e9sorganiser les groupes djihadistes. Mais il n\u2019en est rien. Les chefs sont aussit\u00f4t remplac\u00e9s. Leur gu\u00e9rilla s\u2019intensifie et se r\u00e9pand dans les r\u00e9gions frontali\u00e8res. Deux commandos marine fran\u00e7ais d\u00e9c\u00e8dent dans la nuit du 9 au 10 mai 2019 lors d\u2019un raid du COS visant \u00e0 lib\u00e9rer quatre otages au Burkina Faso. Le Sahel devient une poudri\u00e8re.\u00a0<em>\u00abJe pense malheureusement qu\u2019aujourd\u2019hui les conditions d\u2019une extension de la d\u00e9stabilisation de la zone sont r\u00e9unies\u00a0\u00bb,<\/em>\u00a0admet le g\u00e9n\u00e9ral Fran\u00e7ois Lecointre, chef d\u2019\u00e9tat-major des arm\u00e9es, devant la commission de la D\u00e9fense le 11 juin 2019. Selon lui, la France ne peut pas r\u00e9soudre seule cette situation, mais il faut notamment continuer d\u2019agir\u00a0<em>\u00abde fa\u00e7on plus pr\u00e9cise, plus pointue, au moyen d\u2019op\u00e9rations sp\u00e9ciales sur les cibles \u00e0 haute valeur ajout\u00e9e.\u00a0\u00bb<\/em>\u00a0Le 9 octobre, Florence Parly annonce qu\u2019Ali Maychou, un des leaders du GSIM, a \u00e9t\u00e9 neutralis\u00e9. Mais la traque d\u2019un autre chef djihadiste tourne au drame pour l\u2019arm\u00e9e fran\u00e7aise le 25 novembre, avec la mort des 13 soldats, victimes de la collision de deux h\u00e9licopt\u00e8res, qui le surveillaient en pleine nuit dans la r\u00e9gion du Liptako.<\/p>\n<figure class=\"css-ojz01a e109d7m50\">\n<div class=\"placeholder-print css-72yu4y e1xprl8r0\">\n<div class=\"css-upe1zs e9ckzge0\"><\/div>\n<\/div><figcaption class=\"css-1midx83 emwtels0\"><\/figcaption><\/figure>\n<p class=\"css-s6jpj4 ekabp3u0\">L\u2019ins\u00e9curit\u00e9 galopante conduit l\u2019\u00c9lys\u00e9e \u00e0 r\u00e9unir en urgence ses homologues africains du G5 Sahel \u00e0 Pau le 13 janvier 2020. Dans la foul\u00e9e, Emmanuel Macron renforce, une nouvelle fois, les op\u00e9rations militaires, principalement dans la r\u00e9gion des \u00abtrois fronti\u00e8res\u00bb. Les frappes a\u00e9riennes et les raids nocturnes des soldats de Barkhane et du COS se multiplient durant tout le premier semestre 2020 et se poursuivent durant l\u2019\u00e9t\u00e9. Bilan\u00a0: au moins 600 djihadistes \u00e9limin\u00e9s. Et quelques \u00abscalps\u00a0\u00bb de renom en plus, avec la mort, d\u00e9but juin, d\u2019Abdelmalek Droukdel, influent \u00e9mir alg\u00e9rien d\u2019al-Qaida au Maghreb islamique, tu\u00e9 \u00e0 l\u2019est de Tessalit.<\/p>\n<h2 class=\"css-1trbs3s e197bajz0\">Drones arm\u00e9s<\/h2>\n<p class=\"css-s6jpj4 ekabp3u0\">Pour mener ces op\u00e9rations cibl\u00e9es, les \u00e9tats-majors utilisent, depuis quelques mois, des drones arm\u00e9s Reaper, \u00e0 l\u2019instar des Am\u00e9ricains. Sous Hollande, leur armement avait \u00e9t\u00e9 refus\u00e9, pour des raisons \u00e9thiques. En septembre 2017, Emmanuel Macron a donn\u00e9 son feu vert pour que les Reaper puissent \u00eatre, \u00e0 l\u2019avenir, dot\u00e9s de bombes et de missiles.\u00a0<em>\u00abC\u2019est une arme efficace et compl\u00e9mentaire, utilis\u00e9e comme le sont les chasseurs et les h\u00e9licopt\u00e8res de combat\u00a0\u00bb<\/em>, plaide un officier sup\u00e9rieur. Le 21 d\u00e9cembre 2019, le premier Reaper arm\u00e9 fran\u00e7ais a tu\u00e9 sept djihadistes dans la r\u00e9gion de Mopti, au Mali. Depuis, il ne se passe quasiment gu\u00e8re de semaines sans que les Reaper frappent des cibles au Sahel. Avec ces engins de guerre presque invisibles, Emmanuel Macron dispose d\u2019un permis de tuer sans commune mesure avec celui de ces pr\u00e9d\u00e9cesseurs. Il s\u2019en sert sans aucun \u00e9tat d\u2019\u00e2me.<\/p>\n<figure class=\"css-ojz01a e109d7m50\">\n<div class=\"placeholder-print css-17falx7 e1xprl8r0\">\n<div class=\"css-upe1zs e9ckzge0\"><img class=\"css-1ggccuu ewz1ycu0\" sizes=\"\" srcset=\"https:\/\/i.f1g.fr\/media\/eidos\/200x\/2020\/09\/25\/XVMa42b8efc-f8d3-11ea-a4f5-6485429d4bde-200x300.jpg\" \/><\/div>\n<\/div><figcaption class=\"css-1midx83 emwtels0\"><span class=\"css-ctenq2 emwtels1\">sp<\/span><\/figcaption><\/figure>\n<p class=\"css-s6jpj4 ekabp3u0\"><em>Les Tueurs de la R\u00e9publique\u00a0<\/em>Dans sa premi\u00e8re \u00e9dition, publi\u00e9e en janvier 2015, le livre-enqu\u00eate de Vincent Nouzille levait le voile sur des assassinats cibl\u00e9s et d\u2019autres op\u00e9rations sp\u00e9ciales men\u00e9es par la France depuis 1958. Dans une nouvelle \u00e9dition actualis\u00e9e, l\u2019auteur a recueilli d\u2019autres t\u00e9moignages et des documents in\u00e9dits, prolongeant l\u2019enqu\u00eate sur Fran\u00e7ois Hollande et Emmanuel Macron. Parution le 30 septembre 2020, \u00c9ditions Fayard, 560 p., 22,50 \u20ac.<\/p>\n<\/div>\n<p><a href=\"https:\/\/www.lefigaro.fr\/international\/comment-macron-mene-ses-guerres-secretes-20200925\">LE FIGARO<\/a><\/p>\n","protected":false},"excerpt":{"rendered":"<p>ENQU\u00caTE &#8211;\u00a0 \u00a0 \u00a0 \u00a0 \u00a0 \u00a0 \u00a0 \u00a0 \u00a0 \u00a0 \u00a0 Depuis son \u00e9lection, le Pr\u00e9sident lance des op\u00e9rations militaires de plus en plus offensives et autorise des \u00abneutralisations\u00bb en s\u00e9rie. Notre collaborateur Vincent Nouzille a enqu\u00eat\u00e9 sur cette facette ultrasecr\u00e8te de l\u2019action pr\u00e9sidentielle. &nbsp; Ce fut un Conseil de d\u00e9fense estival, mais gla\u00e7ant.<\/p>\n","protected":false},"author":716,"featured_media":50056,"comment_status":"open","ping_status":"open","sticky":false,"template":"","format":"standard","meta":{"_uf_show_specific_survey":0,"_uf_disable_surveys":false,"footnotes":""},"categories":[37],"tags":[],"class_list":{"0":"post-50038","1":"post","2":"type-post","3":"status-publish","4":"format-standard","5":"has-post-thumbnail","7":"category-alaune-fr"},"aioseo_notices":[],"_links":{"self":[{"href":"https:\/\/middleeasttransparent.com\/fr\/wp-json\/wp\/v2\/posts\/50038","targetHints":{"allow":["GET"]}}],"collection":[{"href":"https:\/\/middleeasttransparent.com\/fr\/wp-json\/wp\/v2\/posts"}],"about":[{"href":"https:\/\/middleeasttransparent.com\/fr\/wp-json\/wp\/v2\/types\/post"}],"author":[{"embeddable":true,"href":"https:\/\/middleeasttransparent.com\/fr\/wp-json\/wp\/v2\/users\/716"}],"replies":[{"embeddable":true,"href":"https:\/\/middleeasttransparent.com\/fr\/wp-json\/wp\/v2\/comments?post=50038"}],"version-history":[{"count":0,"href":"https:\/\/middleeasttransparent.com\/fr\/wp-json\/wp\/v2\/posts\/50038\/revisions"}],"wp:featuredmedia":[{"embeddable":true,"href":"https:\/\/middleeasttransparent.com\/fr\/wp-json\/wp\/v2\/media\/50056"}],"wp:attachment":[{"href":"https:\/\/middleeasttransparent.com\/fr\/wp-json\/wp\/v2\/media?parent=50038"}],"wp:term":[{"taxonomy":"category","embeddable":true,"href":"https:\/\/middleeasttransparent.com\/fr\/wp-json\/wp\/v2\/categories?post=50038"},{"taxonomy":"post_tag","embeddable":true,"href":"https:\/\/middleeasttransparent.com\/fr\/wp-json\/wp\/v2\/tags?post=50038"}],"curies":[{"name":"wp","href":"https:\/\/api.w.org\/{rel}","templated":true}]}}