{"id":50032,"date":"2020-09-25T16:19:33","date_gmt":"2020-09-25T15:19:33","guid":{"rendered":"https:\/\/middleeasttransparent.com\/?p=50032"},"modified":"2020-09-25T16:19:33","modified_gmt":"2020-09-25T15:19:33","slug":"ensemble-defendons-la-liberte-lappel-inedit-dune-centaine-de-medias-francais","status":"publish","type":"post","link":"https:\/\/middleeasttransparent.com\/fr\/ensemble-defendons-la-liberte-lappel-inedit-dune-centaine-de-medias-francais\/","title":{"rendered":"\u00ab\u00a0Ensemble, d\u00e9fendons la libert\u00e9\u00a0\u00bb\u00a0: l\u2019appel in\u00e9dit d\u2019une centaine de m\u00e9dias fran\u00e7ais"},"content":{"rendered":"<section class=\"article__heading\">\n<h1 class=\"article__title\"><span style=\"font-size: 16px; color: #0000ff;\">Par Collectif<\/span><\/h1>\n<section class=\"article__info\">\n<section class=\"article__stand-first\">\n<h3 class=\"article__desc\"><span style=\"color: #666699;\"><strong><span class=\"article__kicker\">TRIBUNE\u00a0 \u00a0 \u00a0 \u00a0 \u00a0 \u00a0 \u00a0 \u00a0 \u00a0 \u00a0 \u00a0 \u00a0 \u00a0 \u00a0<\/span>A l\u2019initiative de Riss, directeur de la publication de \u00ab\u00a0Charlie Hebdo\u00a0\u00bb, des repr\u00e9sentants de journaux fran\u00e7ais se sont r\u00e9unis pour d\u00e9battre des menaces qui p\u00e8sent sur la libert\u00e9 d\u2019expression. Plus d\u2019une centaine de m\u00e9dias, dont \u00ab\u00a0Le Monde\u00a0\u00bb, signent et publient une \u00ab\u00a0lettre ouverte \u00e0 nos concitoyens\u00a0\u00bb<\/strong><strong>.<\/strong><\/span><\/h3>\n<\/section>\n<p>&nbsp;<\/p>\n<\/section>\n<\/section>\n<section class=\"article__content\">\n<p class=\"article__paragraph article__paragraph--lf\"><span class=\"article__inner\">I<\/span>l n\u2019est jamais arriv\u00e9 que des m\u00e9dias, qui d\u00e9fendent souvent des points de vue divergents et dont le manifeste n\u2019est pas la forme usuelle d\u2019expression, d\u00e9cident ensemble de s\u2019adresser \u00e0 leurs publics et \u00e0 leurs concitoyens d\u2019une mani\u00e8re aussi solennelle.<\/p>\n<p class=\"article__paragraph article__paragraph--lf\">Si nous le faisons, c\u2019est parce qu\u2019il nous a paru crucial de vous alerter au sujet d\u2019une des valeurs les plus fondamentales de notre d\u00e9mocratie\u00a0: votre libert\u00e9 d\u2019expression.<\/p>\n<p class=\"article__paragraph article__paragraph--lf\">Aujourd\u2019hui, en\u00a02020, certains d\u2019entre vous sont menac\u00e9s de mort sur les r\u00e9seaux sociaux quand ils exposent des opinions singuli\u00e8res. Des m\u00e9dias sont ouvertement d\u00e9sign\u00e9s comme cibles par des organisations terroristes internationales. Des Etats exercent des pressions sur des journalistes fran\u00e7ais \u00ab\u00a0coupables\u00a0\u00bb d\u2019avoir publi\u00e9 des articles critiques.<\/p>\n<p class=\"article__paragraph article__paragraph--lf\">La violence des mots s\u2019est peu \u00e0 peu transform\u00e9e en violence physique.<\/p>\n<p class=\"article__paragraph article__paragraph--lf\">Ces cinq derni\u00e8res ann\u00e9es, des femmes et des hommes de notre pays ont \u00e9t\u00e9 assassin\u00e9s par des fanatiques, en raison de leurs origines ou de leurs opinions. Des journalistes et des dessinateurs ont \u00e9t\u00e9 ex\u00e9cut\u00e9s pour qu\u2019ils cessent \u00e0 tout jamais d\u2019\u00e9crire et de dessiner librement.<\/p>\n<p class=\"article__paragraph article__paragraph--lf\"><em><strong>\u00ab\u00a0Nul ne doit \u00eatre inqui\u00e9t\u00e9 pour ses opinions, m\u00eame religieuses, pourvu que leur manifestation ne trouble pas l\u2019ordre public \u00e9tabli par la loi\u00a0\u00bb<\/strong>,<\/em>\u00a0proclame\u00a0<a href=\"https:\/\/www.legifrance.gouv.fr\/contenu\/menu\/droit-national-en-vigueur\/constitution\/declaration-des-droits-de-l-homme-et-du-citoyen-de-1789\">l\u2019article\u00a010 de la D\u00e9claration des droits de l\u2019homme et du citoyen de 1789<\/a>, int\u00e9gr\u00e9e \u00e0 notre Constitution. Cet article est imm\u00e9diatement compl\u00e9t\u00e9 par le suivant\u00a0:<em>\u00a0\u00ab\u00a0La libre communication des pens\u00e9es et des opinions est un des droits les plus pr\u00e9cieux de l\u2019homme\u00a0; tout citoyen peut donc parler, \u00e9crire, imprimer librement, sauf \u00e0 r\u00e9pondre de l\u2019abus de cette libert\u00e9 dans les cas d\u00e9termin\u00e9s par la loi.\u00a0\u00bb<\/em><\/p>\n<p class=\"article__paragraph article__paragraph--lf\"><strong>Pourtant, c\u2019est tout l\u2019\u00e9difice juridique \u00e9labor\u00e9 pendant plus de deux si\u00e8cles pour prot\u00e9ger votre libert\u00e9 d\u2019expression qui est attaqu\u00e9, comme jamais depuis soixante-quinze ans<\/strong>. Et cette fois par des id\u00e9ologies totalitaires nouvelles, pr\u00e9tendant parfois s\u2019inspirer de textes religieux.<\/p>\n<p class=\"article__paragraph article__paragraph--lf\">Bien s\u00fbr, nous attendons des pouvoirs publics qu\u2019ils d\u00e9ploient les moyens policiers n\u00e9cessaires pour assurer la d\u00e9fense de ces libert\u00e9s et qu\u2019ils condamnent fermement les Etats qui violent les trait\u00e9s garants de vos droits. Mais nous redoutons que la crainte l\u00e9gitime de la mort n\u2019\u00e9tende son emprise et n\u2019\u00e9touffe inexorablement les derniers esprits libres.<\/p>\n<p class=\"article__paragraph article__paragraph--lf\">Que restera-t-il alors de ce dont les r\u00e9dacteurs de la D\u00e9claration des droits de l\u2019homme et du citoyen de 1789 avaient r\u00eav\u00e9 ? Ces libert\u00e9s nous sont tellement naturelles qu\u2019il nous arrive d\u2019oublier le privil\u00e8ge et le confort qu\u2019elles constituent pour chacun d\u2019entre nous. Elles sont comme l\u2019air que l\u2019on respire, et cet air se rar\u00e9fie. Pour \u00eatre dignes de nos anc\u00eatres qui les ont arrach\u00e9es et de ce qu\u2019ils nous ont transmis, nous devons prendre la r\u00e9solution de ne plus rien c\u00e9der \u00e0 ces id\u00e9ologies mortif\u00e8res.<\/p>\n<p class=\"article__paragraph article__paragraph--lf\">Les lois de notre pays offrent \u00e0 chacun d\u2019entre vous un cadre qui vous autorise \u00e0 parler, \u00e9crire et dessiner comme dans peu d\u2019autres endroits dans le monde. Il n\u2019appartient qu\u2019\u00e0 vous de vous en emparer. Oui, vous avez le droit d\u2019exprimer vos opinions et de critiquer celles des autres, qu\u2019elles soient politiques, philosophiques ou religieuses, pourvu que cela reste dans les limites fix\u00e9es par la loi. Rappelons ici, en solidarit\u00e9 avec\u00a0<em><a href=\"https:\/\/www.lemonde.fr\/charlie-hebdo\/\">Charlie Hebdo<\/a>,<\/em>\u00a0qui a pay\u00e9 sa libert\u00e9 du sang de ses collaborateurs, que, en France, le d\u00e9lit de blasph\u00e8me n\u2019existe pas. Certains d\u2019entre nous sont croyants et peuvent naturellement \u00eatre choqu\u00e9s par le blasph\u00e8me. Pour autant, ils s\u2019associent sans r\u00e9serve \u00e0 notre d\u00e9marche. Parce que, en d\u00e9fendant la libert\u00e9 de blasph\u00e9mer, ce n\u2019est pas le blasph\u00e8me que nous d\u00e9fendons, mais la libert\u00e9.<\/p>\n<section class=\"catcher catcher--small\"><span class=\"catcher__title\"><span class=\"icon__premium\"><span class=\"sr-only\">Article r\u00e9serv\u00e9 \u00e0 nos abonn\u00e9s<\/span><\/span>\u00a0Lire aussi<\/span><span class=\"catcher__desc\"><a class=\"js-article-read-also\" href=\"https:\/\/www.lemonde.fr\/idees\/article\/2019\/01\/18\/non-le-blaspheme-n-est-pas-un-crime-ni-meme-un-delit_5411383_3232.html\" data-premium=\"1\">\u00ab\u00a0Non, le blasph\u00e8me n\u2019est pas un crime, ni m\u00eame un d\u00e9lit\u00a0\u00bb<\/a><\/span><\/section>\n<section><\/section>\n<p class=\"article__paragraph article__paragraph--lf\"><strong>Nous avons besoin de vous. De votre mobilisation. Du rempart de vos consciences<\/strong>. Il faut que les ennemis de la libert\u00e9 comprennent que nous sommes tous ensemble leurs adversaires r\u00e9solus, quelles que soient par ailleurs nos diff\u00e9rences d\u2019opinions ou de croyances. Citoyens, \u00e9lus locaux, responsables politiques, journalistes, militants de tous les partis et de toutes les associations, plus que jamais dans cette \u00e9poque incertaine, nous devons r\u00e9unir nos forces pour chasser la peur et faire triompher notre amour indestructible de la libert\u00e9.<\/p>\n<p>&nbsp;<\/p>\n<section class=\"catcher\"><span class=\"catcher__desc catcher__desc--small\"><strong>Les m\u00e9dias signataires de l\u2019appel\u00a0:<br \/>\nAlliance de la presse d\u2019information g\u00e9n\u00e9rale<\/strong>,<strong>\u00a0<\/strong>BFMTV,\u00a0<strong>Canal+<\/strong>, Challenges,\u00a0<strong>Charlie Hebdo<\/strong>, CNews,\u00a0<strong>Courrier international,\u00a0<\/strong>Europe\u00a01,\u00a0<strong>France T\u00e9l\u00e9visions<\/strong>, L\u2019Alsace,\u00a0<strong>L\u2019Ang\u00e9rien libre<\/strong>, L\u2019Avenir de l\u2019Artois,\u00a0<strong>L\u2019Echo de l\u2019Ouest<\/strong>, L\u2019Echo de la Lys,\u00a0<strong>L\u2019Equipe<\/strong>, L\u2019Essor savoyard,\u00a0<strong>L\u2019Est-Eclair<\/strong>, L\u2019Est r\u00e9publicain,\u00a0<strong>L\u2019Express<\/strong>, L\u2019Hebdo de Charente-Maritime,\u00a0<strong>L\u2019Humanit\u00e9<\/strong>, L\u2019Humanit\u00e9 Dimanche,\u00a0<strong>L\u2019Indicateur des Flandres<\/strong>, L\u2019Informateur Corse nouvelle,\u00a0<strong>L\u2019Obs<\/strong>, L\u2019Opinion,\u00a0<strong>L\u2019Union<\/strong>, La Charente libre,\u00a0<strong>La Croix<\/strong>, La D\u00e9p\u00eache du Midi,<strong>\u00a0La Nouvelle R\u00e9publique<\/strong>, La Renaissance du Loir-et-Cher,\u00a0<strong>La Renaissance lochoise<\/strong>, La Savoie,<strong>\u00a0La Semaine dans le Boulonnais<\/strong>, La Tribune r\u00e9publicaine,\u00a0<strong>La Vie<\/strong>, La Vie corr\u00e9zienne,<strong>\u00a0La Voix du Nord<\/strong>, Le Bien public,<strong>\u00a0Le Canard encha\u00een\u00e9<\/strong>, Le Courrier fran\u00e7ais,\u00a0<strong>Le Courrier de Gironde<\/strong>, Le Courrier de Guadeloupe,\u00a0<strong>Le Courrier de l\u2019Ouest<\/strong>, Le Courrier picard,\u00a0<strong>Le Dauphin\u00e9 lib\u00e9r\u00e9<\/strong>, Le Figaro,\u00a0<strong>Le Journal d\u2019ici<\/strong>, Le Journal des Flandres,<strong>\u00a0Le Journal du dimanche<\/strong>, Le Journal du M\u00e9doc,\u00a0<strong>Le Journal de Montreuil<\/strong>, Le Journal de Sa\u00f4ne-et-Loire,<strong>\u00a0Le Maine libre<\/strong>, Le Messager,\u00a0<strong>Le Monde<\/strong>, Le Parisien,\u00a0<strong>Le Pays gessien<\/strong>, Le Phare dunkerquois,<strong>\u00a0Le Point<\/strong>, Le Progr\u00e8s,\u00a0<strong>Le R\u00e9publicain lorrain<\/strong>, Le R\u00e9veil de Berck,\u00a0<strong>Le Semeur hebdo<\/strong>, Le T\u00e9l\u00e9gramme,<strong>\u00a0Les Derni\u00e8res Nouvelles d\u2019Alsace<\/strong>, Les Echos,\u00a0<strong>Les Echos du Touquet<\/strong>, LCI, Lib\u00e9ration,\u00a0<strong>Lib\u00e9ration Champagne<\/strong>, M6,\u00a0<strong>Marianne<\/strong>, Midi libre,\u00a0<strong>Monaco Matin<\/strong>, Nice Matin,\u00a0<strong>Nord Eclair<\/strong>, Nord Littoral,\u00a0<strong>Ouest France<\/strong>, Paris Match,<strong>\u00a0Paris Normandie<\/strong>, Presse Oc\u00e9an,\u00a0<strong>Radio France<\/strong>, RMC,\u00a0<strong>RTL<\/strong>, Sud Ouest,\u00a0<strong>T\u00e9l\u00e9rama<\/strong>, TF1,\u00a0<strong>Var Matin<\/strong>, Vosges Matin.<\/span><\/section>\n<\/section>\n","protected":false},"excerpt":{"rendered":"<p>Par Collectif TRIBUNE\u00a0 \u00a0 \u00a0 \u00a0 \u00a0 \u00a0 \u00a0 \u00a0 \u00a0 \u00a0 \u00a0 \u00a0 \u00a0 \u00a0A l\u2019initiative de Riss, directeur de la publication de \u00ab\u00a0Charlie Hebdo\u00a0\u00bb, des repr\u00e9sentants de journaux fran\u00e7ais se sont r\u00e9unis pour d\u00e9battre des menaces qui p\u00e8sent sur la libert\u00e9 d\u2019expression. Plus d\u2019une centaine de m\u00e9dias, dont \u00ab\u00a0Le Monde\u00a0\u00bb, signent et publient<\/p>\n","protected":false},"author":134,"featured_media":50035,"comment_status":"open","ping_status":"open","sticky":false,"template":"","format":"standard","meta":{"_uf_show_specific_survey":0,"_uf_disable_surveys":false,"footnotes":""},"categories":[37],"tags":[],"class_list":{"0":"post-50032","1":"post","2":"type-post","3":"status-publish","4":"format-standard","5":"has-post-thumbnail","7":"category-alaune-fr"},"aioseo_notices":[],"_links":{"self":[{"href":"https:\/\/middleeasttransparent.com\/fr\/wp-json\/wp\/v2\/posts\/50032","targetHints":{"allow":["GET"]}}],"collection":[{"href":"https:\/\/middleeasttransparent.com\/fr\/wp-json\/wp\/v2\/posts"}],"about":[{"href":"https:\/\/middleeasttransparent.com\/fr\/wp-json\/wp\/v2\/types\/post"}],"author":[{"embeddable":true,"href":"https:\/\/middleeasttransparent.com\/fr\/wp-json\/wp\/v2\/users\/134"}],"replies":[{"embeddable":true,"href":"https:\/\/middleeasttransparent.com\/fr\/wp-json\/wp\/v2\/comments?post=50032"}],"version-history":[{"count":0,"href":"https:\/\/middleeasttransparent.com\/fr\/wp-json\/wp\/v2\/posts\/50032\/revisions"}],"wp:featuredmedia":[{"embeddable":true,"href":"https:\/\/middleeasttransparent.com\/fr\/wp-json\/wp\/v2\/media\/50035"}],"wp:attachment":[{"href":"https:\/\/middleeasttransparent.com\/fr\/wp-json\/wp\/v2\/media?parent=50032"}],"wp:term":[{"taxonomy":"category","embeddable":true,"href":"https:\/\/middleeasttransparent.com\/fr\/wp-json\/wp\/v2\/categories?post=50032"},{"taxonomy":"post_tag","embeddable":true,"href":"https:\/\/middleeasttransparent.com\/fr\/wp-json\/wp\/v2\/tags?post=50032"}],"curies":[{"name":"wp","href":"https:\/\/api.w.org\/{rel}","templated":true}]}}