{"id":50005,"date":"2020-09-25T13:39:30","date_gmt":"2020-09-25T12:39:30","guid":{"rendered":"https:\/\/middleeasttransparent.com\/?p=50005"},"modified":"2020-09-25T13:39:31","modified_gmt":"2020-09-25T12:39:31","slug":"dgse-les-revelations-du-general-gomart","status":"publish","type":"post","link":"https:\/\/middleeasttransparent.com\/fr\/dgse-les-revelations-du-general-gomart\/","title":{"rendered":"DGSE: les r\u00e9v\u00e9lations du g\u00e9n\u00e9ral Gomart"},"content":{"rendered":"<article id=\"fig-article\" class=\"css-79elbk e8mzd9n0\">\n<header class=\"css-1abuj4a e8mzd9n1\">\n<h3 class=\"css-135rrsm edox7vr0\" style=\"text-align: left;\"><span style=\"color: #666699;\">EXCLUSIF &#8211; Pour la premi\u00e8re fois, un de leurs anciens patrons raconte la vraie vie de ces unit\u00e9s militaires d\u2019\u00e9lite engag\u00e9es en Afghanistan, en Libye ou au Mali. Et il lance un pav\u00e9 dans la mare en contestant \u00e0 la DGSE sa l\u00e9gitimit\u00e9 dans les op\u00e9rations sp\u00e9ciales.<\/span><\/h3>\n<\/header>\n<\/article>\n<p>&nbsp;<\/p>\n<article id=\"fig-article\" class=\"css-79elbk e8mzd9n0\">\n<div class=\"css-10460lt ey7xkwt0\" style=\"text-align: center;\" data-component=\"fig-content-body\">\n<p class=\"css-s6jpj4 ekabp3u0\" style=\"text-align: left;\">Cette fois-ci, c\u2019est un homme du s\u00e9rail qui raconte. Un g\u00e9n\u00e9ral quatre \u00e9toiles, parti dans le priv\u00e9 en 2017, apr\u00e8s avoir \u00e9t\u00e9 commandant des op\u00e9rations sp\u00e9ciales puis directeur du renseignement militaire. Son livre, dont\u00a0<em>Le Figaro Magazine<\/em>\u00a0publie en exclusivit\u00e9 de larges extraits, d\u00e9crit pour la premi\u00e8re fois de l\u2019int\u00e9rieur les tensions entre les deux grands services charg\u00e9s des op\u00e9rations sp\u00e9ciales au nom de la France \u00e0 l\u2019\u00e9tranger. D\u2019un c\u00f4t\u00e9, les 4000 militaires encadr\u00e9s par le Commandement des op\u00e9rations sp\u00e9ciales de l\u2019arm\u00e9e <strong>(COS)<\/strong> et, de l\u2019autre, <strong>le Service Action (SA)<\/strong>, 1000 soldats de l\u2019arm\u00e9e de terre qui ne r\u00e9pondent qu\u2019aux ordres de la Direction g\u00e9n\u00e9rale de la s\u00e9curit\u00e9 ext\u00e9rieure (DGSE).<\/p>\n<h2 class=\"css-1trbs3s e197bajz0\" style=\"text-align: left;\">La grande muette, c\u2019est fini<\/h2>\n<p class=\"css-s6jpj4 ekabp3u0\" style=\"text-align: left;\">Christophe Gomart a un air de bon p\u00e8re de famille, et seule une certaine densit\u00e9 physique d\u00e9note l\u2019ancien para. On le disait destin\u00e9 aux plus hautes fonctions &#8211; aupr\u00e8s du pr\u00e9sident Emmanuel Macron, ou \u00e0 l\u2019\u00e9tat-major des arm\u00e9es. Cela ne s\u2019est pas fait et certains, notamment \u00e0 la DGSE, sugg\u00e8rent que ce livre est le reflet d\u2019une amertume. Cela para\u00eet injuste.\u00a0<em>\u00abJe veux depuis longtemps mettre \u00e0 l\u2019honneur les forces sp\u00e9ciales dont les m\u00e9rites sont trop mal connus\u00bb,<\/em>\u00a0nous r\u00e9pond Christophe Gomart qui a \u00e9t\u00e9 \u00e0 leur t\u00eate de 2011 \u00e0 2013. S\u2019agit-il l\u00e0 d\u2019une rupture avec le devoir de r\u00e9serve impos\u00e9 par la grande muette?\u00a0<em>\u00abLe temps est loin o\u00f9 Mac-Mahon disait:\u201cQuand je vois le nom d\u2019un officier sur un livre, je le raye du tableau d\u2019avancement\u201d\u00bb,<\/em>\u00a0nous confie l\u2019ancien chef d\u2019\u00e9tat-major des arm\u00e9es, le g\u00e9n\u00e9ral Henri Bent\u00e9geat, qui y voit\u00a0<em>\u00abune bonne mani\u00e8re d\u2019ins\u00e9rer l\u2019arm\u00e9e au sein de la soci\u00e9t\u00e9, tant que cela ne compromet pas des actions en pr\u00e9paration\u00bb.<\/em><\/p>\n<p class=\"css-s6jpj4 ekabp3u0\" style=\"text-align: left;\">La coop\u00e9ration entre le COS et ses\u00a0<em>\u00abcousins\u00bb<\/em>\u00a0du Service Action de la DGSE n\u2019est pas toujours facile. <strong>Les espions de la \u00abPiscine\u00bb restent en effet les h\u00e9ritiers lointains du BCRA cr\u00e9\u00e9 \u00e0 Londres<\/strong> pendant la Seconde Guerre mondiale, et <strong>cette aura leur assure la premi\u00e8re place au c\u0153ur du syst\u00e8me de d\u00e9cision de l\u2019\u00c9tat profond<\/strong>. Aujourd\u2019hui, elle est forte de pr\u00e8s de <strong>7000 salari\u00e9s<\/strong>. Christophe Gomart, qui est un pur produit de l\u2019arm\u00e9e, les regarde avec admiration et agacement. Car il fut un temps o\u00f9 ce service \u00e9tait command\u00e9 par un militaire &#8211; jusqu\u2019\u00e0 la parution d\u2019une tribune de plusieurs g\u00e9n\u00e9raux critiquant ouvertement\u00a0<a class=\"css-15ezjzi esdb6og5\" href=\"https:\/\/www.lefigaro.fr\/politique\/proportionnelle-la-manoeuvre-de-francois-mitterrand-pour-contrer-la-droite-en-1986-20200805\" data-fig-id=\"bGVmaWdhcm8uZnJfX2VhYTY2ZTEyLWQ3NDMtMTFlYS1iNmE0LTViNDZjZDc1ODdjYV9fQXJ0aWNsZQ==\" data-fig-type=\"Article\" data-gtm-custom-categorie=\"navigation\" data-gtm-custom-action=\"crossclick\" data-gtm-custom-label=\"Contextuel\" data-gtm-event=\"customEventSPE\">Fran\u00e7ois Mitterrand avant la pr\u00e9sidentielle de 1988<\/a>.\u00a0<em>\u00abEn repr\u00e9sailles, il retira la direction de la DGSE aux militaires\u00bb,<\/em>\u00a0rappelle <strong>Jean Guisnel<\/strong>, journaliste et auteur de nombreux ouvrages sur le sujet, qui a co\u00e9crit le livre.<\/p>\n<p class=\"css-s6jpj4 ekabp3u0\" style=\"text-align: left;\">Dans celui-ci Christophe Gomart raconte son parcours d\u2019officier d\u2019\u00e9lite ayant particip\u00e9 \u00e0 un nombre impressionnant d\u2019op\u00e9rations ext\u00e9rieures. Mais il affirme surtout que la s\u00e9paration \u00e9tanche entre ses services et ceux de la DGSE qui sont aussi sp\u00e9cialis\u00e9s dans les op\u00e9rations sp\u00e9ciales n\u2019a plus de sens. \u00c0 ses yeux, l\u2019argument avanc\u00e9 de la clandestinit\u00e9 totale des uns &#8211; le Service Action &#8211; oppos\u00e9e \u00e0 la plus grande visibilit\u00e9 des autres dont les op\u00e9rations sont th\u00e9oriquement toujours \u00abrevendicables\u00bb par la France &#8211; les forces sp\u00e9ciales du COS &#8211; est un sophisme bon pour les diplomates. Il le dit sans m\u00e2cher ses mots, en militaire, en affectif, mais aussi en strat\u00e8ge. <strong>Son mod\u00e8le est celui des SAS britanniques, qui sont enti\u00e8rement sous l\u2019ombrelle des militaires<\/strong>. Il s\u2019indigne que cela ne soit pas aussi le cas en France.<\/p>\n<h2 class=\"css-1trbs3s e197bajz0\" style=\"text-align: left;\">\u00abPas de solution optimale\u00bb<\/h2>\n<p class=\"css-s6jpj4 ekabp3u0\" style=\"text-align: left;\">Pourtant, <strong>le d\u00e9doublement existe ailleurs, en Isra\u00ebl<\/strong> par exemple, <strong>ou aux \u00c9tats-Unis<\/strong>, m\u00eame si les 43.000 hommes qui interviennent dans les op\u00e9rations sp\u00e9ciales sont sous le commandement militaire, ce qui ne laisse pas beaucoup de place pour un bras arm\u00e9 de la CIA.\u00a0<em>\u00abIl peut y avoir pour les agents de la DGSE des modes de p\u00e9n\u00e9tration sur des terrains \u201cnon permissifs\u201d qui requi\u00e8rent des qualit\u00e9s physiques\u00bb,<\/em>\u00a0objecte Arnaud Danjean, aujourd\u2019hui d\u00e9put\u00e9 europ\u00e9en, et ex-DGSE. Ce que ne conteste pas Gomart, qui plaide pour le maintien du <strong>Centre parachutiste d\u2019entra\u00eenement sp\u00e9cialis\u00e9 dans le p\u00e9rim\u00e8tre de la DGSE<\/strong>. En revanche, il s\u2019acharne \u00e0 r\u00e9clamer la r\u00e9affectation du petit millier de soldats d\u2019\u00e9lite (pilotes, parachutistes<strong>,<\/strong> nageurs de combat\u2026) aupr\u00e8s du COS.<\/p>\n<div class=\"hide-print css-1v9n76q e110xajs0\"><span class=\"css-vkk3j1 e110xajs1\">\u00c0 LIRE AUSSI\u00a0:\u00a0<\/span><a class=\"css-1dtv9cv esdb6og6\" href=\"https:\/\/www.lefigaro.fr\/actualite-france\/2017\/02\/12\/01016-20170212ARTFIG00165-marie-analyste-a-la-dgse-je-marche-a-l-adrenaline.php\" data-fig-id=\"bGVmaWdhcm8uZnJfXzIwMTcwMjEyQVJURklHMDAxNjVfX0FydGljbGU=\" data-fig-type=\"Article\" data-gtm-custom-categorie=\"navigation\" data-gtm-custom-action=\"crossclick\" data-gtm-custom-label=\"Contextuel\" data-gtm-event=\"customEventSPE\" data-fig-domain=\"LEFIGARO\"><b>Marie, analyste \u00e0 la DGSE: \u00abJe marche \u00e0 l\u2019adr\u00e9naline\u00bb<\/b><\/a><\/div>\n<div><\/div>\n<p class=\"css-s6jpj4 ekabp3u0\" style=\"text-align: left;\"><em>\u00abIl est vrai que la coordination de deux cha\u00eenes de commandement pose un probl\u00e8me, mais il n\u2019existe pas de solution optimale\u00bb,<\/em>\u00a0estime de son c\u00f4t\u00e9 le g\u00e9n\u00e9ral Bent\u00e9geat. Il est vrai aussi que <strong>les forces sp\u00e9ciales du COS sont un corps d\u2019\u00e9lite encore jeune, cr\u00e9\u00e9 en 1992, apr\u00e8s les d\u00e9convenues de la premi\u00e8re guerre d\u2019Irak<\/strong>. Depuis, les commandos militaires ont grandi, se sont d\u00e9ploy\u00e9s en Afghanistan, puis en Libye. Le g\u00e9n\u00e9ral Gomart estime que les proc\u00e9dures qui sont mises en place chez les militaires aident \u00e0 \u00e9viter les prises de risques inutiles.<\/p>\n<p class=\"css-s6jpj4 ekabp3u0\" style=\"text-align: left;\">Le passage du livre qui m\u00e9contentera le plus concerne l\u2019entra\u00eenement des agents du SA qui engendrerait trop d\u2019accidents.\u00a0<em>\u00abIls se croient seuls au monde, ils ne sont pas suffisamment supervis\u00e9s\u00bb,<\/em>\u00a0nous dit le g\u00e9n\u00e9ral \u00e0 la retraite. Contact\u00e9e par\u00a0<em>Le Figaro Magazine<\/em>, la DGSE n\u2019a pas voulu commenter officiellement les critiques formul\u00e9es par le g\u00e9n\u00e9ral Gomart. Mais il n\u2019est pas faux de dire qu\u2019elle est tr\u00e8s contrari\u00e9e.<\/p>\n<div class=\"css-0 e9ckzge0\">\n<hr \/>\n<\/div>\n<h2 class=\"css-1trbs3s e197bajz0\"><strong>Extraits: \u00abLe rapport de force entre les forces sp\u00e9ciales et la DGSE est disproportionn\u00e9\u00bb<\/strong><\/h2>\n<p class=\"css-s6jpj4 ekabp3u0\">Voici les extraits exclusifs du t\u00e9moignage du g\u00e9n\u00e9ral Gomart,\u00a0<em>Soldat de l\u2019ombre<\/em>.<\/p>\n<figure class=\"css-ojz01a e109d7m50\">\n<div class=\"placeholder-print css-19h5mkk e1xprl8r0\">\n<div class=\"css-upe1zs e9ckzge0\"><img class=\"css-1ggccuu ewz1ycu0\" sizes=\"\" srcset=\"https:\/\/i.f1g.fr\/media\/eidos\/630x\/2020\/09\/25\/XVMcf243a1e-f8d3-11ea-a4f5-6485429d4bde-630x420.jpg\" alt=\"Soldats des forces sp\u00e9ciales au Mali.\" \/><\/div>\n<\/div><figcaption class=\"css-1midx83 emwtels0\">Soldats des forces sp\u00e9ciales au Mali.\u00a0<span class=\"css-ctenq2 emwtels1\">BERNARD SIDLER\/Le Figaro Magazine<\/span><\/figcaption><\/figure>\n<h2 class=\"css-1trbs3s e197bajz0\" style=\"text-align: left;\">Nos cousins de la DGSE<\/h2>\n<p class=\"css-s6jpj4 ekabp3u0\" style=\"text-align: left;\">Le Service Action (SA) est une unit\u00e9 clandestine qui comprend plusieurs composantes et se trouve employ\u00e9e par la DGSE tout en d\u00e9pendant de l\u2019\u00e9tat-major de l\u2019arm\u00e9e de terre qui affecte le personnel, le paye et l\u2019\u00e9quipe. Par principe, ses actions ne sont pas attribuables (aucune d\u2019entre elles ne peut d\u00e9signer la France) et sont <strong>non revendicables<\/strong>. C\u2019est-\u00e0-dire que la France, qui a d\u00e9cid\u00e9 ces op\u00e9rations, ne les endosse pas, ni ne reconna\u00eet les avoir conduites.<\/p>\n<p class=\"css-s6jpj4 ekabp3u0\" style=\"text-align: left;\">Concr\u00e8tement donc, <strong>en Libye<\/strong>, le SA portait une tenue civile. Sauf que dans ce cas pr\u00e9cis,<strong> le COS<\/strong> s\u2019est vu contraint de <strong>demander \u00e0 chacun de ses membres de laisser son uniforme au vestiaire<\/strong>, \u00e0 la demande des Libyens eux-m\u00eames qui, nous l\u2019avons vu, refusent mordicus de reconna\u00eetre la pr\u00e9sence de troupes \u00e9trang\u00e8res \u00e0 leurs c\u00f4t\u00e9s. De ce fait, les uniformes \u00e9trangers \u00e9taient proscrits. Nos personnels sont donc partis dans une tenue qui ressemble \u00e0 un \u00e9quipement de randonneur. On l\u2019ach\u00e8te dans le commerce, en version couleur sable, avec des chemises amples, des pantalons \u00e0 poches plaqu\u00e9es, tenues assez souples, pratiques et efficaces, ainsi que des chaussures adapt\u00e9es.<\/p>\n<p class=\"css-s6jpj4 ekabp3u0\" style=\"text-align: left;\">Cette question du port de l\u2019uniforme, ou pas, n\u2019a, de mon point de vue, plus lieu d\u2019\u00eatre. La tenue doit \u00eatre adapt\u00e9e \u00e0 l\u2019environnement afin de ne pas \u00eatre vu ou reconnu pour ce que l\u2019on est. Sinon, il n\u2019y a plus de discr\u00e9tion. Ce qui compte, c\u2019est la \u00abrevendicabilit\u00e9\u00bb, ou non, de l\u2019action. Si celle-ci est reconnue en cas de d\u00e9couverte de l\u2019op\u00e9ration, elle n\u2019est pas clandestine, m\u00eame si sa r\u00e9alisation est discr\u00e8te. Si l\u2019action n\u2019est pas revendiqu\u00e9e m\u00eame en cas d\u2019\u00e9chec, alors elle est clandestine. Ce cas de figure n\u2019arrive plus jamais, car aujourd\u2019hui tout se sait tr\u00e8s vite, en particulier via les r\u00e9seaux sociaux diffusant les images prises par les smartphones. La limite entre action clandestine et action discr\u00e8te est de ce fait devenue tr\u00e8s t\u00e9nue, voire inexistante. \u00c0 telle enseigne que le gouvernement fran\u00e7ais n\u2019annonce jamais l\u2019envoi de ses forces sp\u00e9ciales dans une op\u00e9ration, pas plus qu\u2019il ne le fait pour le SA, bien s\u00fbr. <strong>Un jour, sans doute, l\u2019histoire de la pr\u00e9sence du SA en Libye sera \u00e9crite dans son int\u00e9gralit\u00e9.<\/strong><\/p>\n<p class=\"css-s6jpj4 ekabp3u0\" style=\"text-align: left;\">Elle s\u2019est en tout cas trouv\u00e9e brutalement mise au jour lorsqu\u2019un drame s\u2019est produit, le 17 juillet 2016. Ce jour-l\u00e0, un h\u00e9licopt\u00e8re MI-35 de l\u2019ANL d\u00e9colle de l\u2019a\u00e9roport de Benina, o\u00f9 se trouvent \u00e0 la fois des hommes du COS et des compatriotes appartenant au Service Action. Selon ce que l\u2019on m\u2019a rapport\u00e9 de ce drame, cet appareil menait une action offensive directe lorsqu\u2019un missile antia\u00e9rien a \u00e9t\u00e9 tir\u00e9 en riposte contre lui, par les milices pro-Daech. \u00c0 bord de l\u2019appareil, qui se crashe imm\u00e9diatement, tous les membres de l\u2019\u00e9quipage sont tu\u00e9s, dont trois sous-officiers du CPIS, l\u2019une des unit\u00e9s du SA. Leurs corps ont \u00e9t\u00e9 exhib\u00e9s de mani\u00e8re inhumaine et barbare.<\/p>\n<figure class=\"css-ojz01a e109d7m50\">\n<div class=\"placeholder-print css-qsjvs4 e1xprl8r0\">\n<div class=\"css-upe1zs e9ckzge0\"><a href=\"https:\/\/middleeasttransparent.com\/fr\/dgse-les-revelations-du-general-gomart\/ho\/\" rel=\"attachment wp-att-50029\"><img fetchpriority=\"high\" decoding=\"async\" class=\"alignnone size-full wp-image-50029\" src=\"https:\/\/middleeasttransparent.com\/wp-content\/uploads\/2020\/09\/HO.png\" alt=\"\" width=\"630\" height=\"392\" \/><\/a><\/div>\n<\/div><figcaption class=\"css-1midx83 emwtels0\"><em><em>20 juillet 2016. Des Libyens examinent les restes de l\u2019h\u00e9licopt\u00e8re.<\/em><\/em>\u00a0<\/figcaption><\/figure>\n<p class=\"css-s6jpj4 ekabp3u0\" style=\"text-align: left;\">Leur d\u00e9tachement pr\u00e9tendait aupr\u00e8s de ses interlocuteurs libyens faire partie des forces sp\u00e9ciales. Ils portaient un uniforme alors m\u00eame que les hommes du COS se trouvaient en tenue civile. Et lorsque l\u2019on parle des forces sp\u00e9ciales fran\u00e7aises, on \u00e9voque le Commandement des op\u00e9rations sp\u00e9ciales. Certains m\u00e9dias ont bri\u00e8vement, mais imprudemment, avanc\u00e9 cette th\u00e8se. Pas par hasard: les \u00e9quipements port\u00e9s par les d\u00e9funts pouvaient le laisser penser. <strong>Dans les faits, il arrive \u00e0 la DGSE d\u2019utiliser sans la moindre autorisation une soi-disant appartenance au COS comme une couverture<\/strong>. Nos homologues \u00e9trangers, tout comme les forces que nous appuyons, s\u2019y perdent, car ils ne comprennent plus qui est qui et qui fait quoi.<\/p>\n<div class=\"hide-print css-1v9n76q e110xajs0\" style=\"text-align: left;\"><span class=\"css-vkk3j1 e110xajs1\">\u00c0 LIRE AUSSI\u00a0:\u00a0<\/span><a class=\"css-1dtv9cv esdb6og6\" href=\"https:\/\/www.lefigaro.fr\/international\/la-france-contrainte-de-rebattre-les-cartes-en-libye-20200609\" data-fig-id=\"bGVmaWdhcm8uZnJfX2Y2OWYzY2Y0LWFhNmEtMTFlYS05NjhlLWFhYmRlNTQ2ZTkxNF9fQXJ0aWNsZQ==\" data-fig-type=\"Article\" data-gtm-custom-categorie=\"navigation\" data-gtm-custom-action=\"crossclick\" data-gtm-custom-label=\"Contextuel\" data-gtm-event=\"customEventSPE\" data-fig-domain=\"LEFIGARO\"><b>La France contrainte de rebattre les cartes en Libye<\/b><\/a><\/div>\n<p class=\"css-s6jpj4 ekabp3u0\" style=\"text-align: left;\">Bien qu\u2019elle le d\u00e9mente, la DGSE utilise bel et bien cette couverture. <strong>Ses avions vont m\u00eame jusqu\u2019\u00e0 utiliser sans vergogne les immatriculations de ceux du COS<\/strong>. Cela cr\u00e9e un m\u00e9lange des genres qui n\u2019est bon ni pour les uns ni pour les autres: le flou, c\u2019est toxique. D\u2019autant que dans la majorit\u00e9 des cas, les d\u00e9tachements du COS sont envoy\u00e9s en mission sans \u00eatre avertis de la pr\u00e9sence \u00e9ventuelle d\u2019hommes du SA. La DGSE, quant \u00e0 elle, exige de savoir o\u00f9 se trouvent les hommes du COS. Et obtient syst\u00e9matiquement satisfaction. Mais pourquoi donc? Elle peut m\u00eame placer un officier de liaison aux c\u00f4t\u00e9s des forces sp\u00e9ciales, comme ce fut le cas <strong>en Syrie lors du premier d\u00e9ploiement du COS \u00e0 proximit\u00e9 de Manbij.<\/strong> L\u2019inverse ne s\u2019est jamais produit.<\/p>\n<p class=\"css-s6jpj4 ekabp3u0\" style=\"text-align: left;\">Le rapport de force entre les forces sp\u00e9ciales et la DGSE est si disproportionn\u00e9, l\u2019autonomie de cette derni\u00e8re dans l\u2019appareil d\u2019\u00c9tat est telle que les protestations sont vaines. <strong>Le tragique \u00e9pisode de\u00a0<a class=\"css-15ezjzi esdb6og5\" href=\"https:\/\/www.lefigaro.fr\/international\/2016\/07\/20\/01003-20160720ARTFIG00109-trois-militaires-francais-sont-morts-en-mission-en-libye.php\" data-fig-id=\"bGVmaWdhcm8uZnJfXzIwMTYwNzIwQVJURklHMDAxMDlfX0FydGljbGU=\" data-fig-type=\"Article\" data-gtm-custom-categorie=\"navigation\" data-gtm-custom-action=\"crossclick\" data-gtm-custom-label=\"Contextuel\" data-gtm-event=\"customEventSPE\">la mort de trois soldats fran\u00e7ais du SA en Libye<\/a>\u00a0sera l\u2019occasion, non souhait\u00e9e, pour la France de reconna\u00eetre une premi\u00e8re fois sa pr\u00e9sence clandestine dans le pays.<\/strong> Le gouvernement d\u2019union nationale pr\u00e9sid\u00e9 par Fayez el-Sarraj fera alors part de son m\u00e9contentement, au point d\u2019\u00e9voquer une violation de son territoire.<\/p>\n<h2 class=\"css-1trbs3s e197bajz0\" style=\"text-align: left;\">L\u2019affaire Denis Allex<\/h2>\n<p class=\"css-s6jpj4 ekabp3u0\" style=\"text-align: left;\"><em>[Le 11 janvier 2013, la DGSE tente de lib\u00e9rer l\u2019un de ses agents en Somalie. L\u2019op\u00e9ration \u00e9choue et Denis Allex est ex\u00e9cut\u00e9<\/em>] Lorsque je prends le commandement du COS \u00e0 l\u2019\u00e9t\u00e9 2011, celui-ci n\u2019est pas du tout impliqu\u00e9 dans l\u2019affaire Denis Allex, cet agent de la DGSE enlev\u00e9 \u00e0 Mogadiscio (Somalie) le 14 juillet 2009. Bien s\u00fbr, tout le monde sait qu\u2019il s\u2019agit d\u2019un soldat fran\u00e7ais aux mains d\u2019un adversaire atroce, les shebab somaliens. \u00c0 ce stade, elle ne concerne encore que la seule DGSE, tout occup\u00e9e \u00e0 retrouver sa ge\u00f4le. Nous nous doutons bien que des initiatives sont d\u00e9j\u00e0 \u00e0 l\u2019\u00e9tude pour tenter de le lib\u00e9rer. Logiquement, la DGSE aurait pu mettre en \u0153uvre sa sp\u00e9cificit\u00e9: agir en civil, pour s\u2019infiltrer en faisant passer ses agents pour ce qu\u2019ils ne sont pas. J\u2019admets cependant que quand on est blanc de peau dans un pays comme la Somalie, c\u2019est compliqu\u00e9.<\/p>\n<p class=\"css-s6jpj4 ekabp3u0\" style=\"text-align: left;\">D\u00e8s lors que l\u2019on monte une op\u00e9ration avec un groupe d\u2019assaut, \u00e7a devient une op\u00e9ration militaire. Le COS est fait pour \u00e7a. Une op\u00e9ration clandestine, c\u2019est autre chose: trois ou quatre personnes subtiles et rus\u00e9es, au grand maximum. Pressentant qu\u2019on s\u2019oriente vers une action de vive force, je fais alors valoir au chef du SA de l\u2019\u00e9poque, le colonel Rapha\u00ebl, qu\u2019il faudra dans ce cas concevoir une op\u00e9ration militaire lourde, impliquant \u00e0 tout le moins un appui puissant du COS. J\u2019ajoute que dans mon esprit, cet appui ne sera pas compt\u00e9. Ce dont il aura besoin, nous le fournirons, hommes, mat\u00e9riel et savoir-faire. Ce professionnel comp\u00e9tent, que je connaissais bien par ailleurs et qui a fait toute sa carri\u00e8re au SA, affiche un point de vue diff\u00e9rent. [\u2026] Mes raisonnements ne convaincront pas ceux qui auraient d\u00fb l\u2019\u00eatre, persuad\u00e9s par un ultime argument du directeur de la DGSE: le SA se devait de conduire l\u2019assaut et la r\u00e9cup\u00e9ration de l\u2019otage \u00e0 sa fa\u00e7on, car Denis Allex \u00e9tait issu de leurs rangs, fr\u00e8re d\u2019armes dont il leur revenait d\u2019assurer le sauvetage. \u00c9douard Guillaud m\u2019avait d\u2019ailleurs expliqu\u00e9 que je devais le comprendre:\u00a0<em>\u00abC\u2019est leur type, Christophe, et ils veulent y aller eux-m\u00eames, c\u2019est compr\u00e9hensible.\u00bb<\/em>\u00a0Je lui explique mon d\u00e9saccord, que nous ne jouons pas dans un film am\u00e9ricain, o\u00f9 le gars se rengage parce qu\u2019il veut aller sauver son copain. Dans ce cas, on devient totalement subjectif, on p\u00e9n\u00e8tre le terrain du sentiment, au lieu de rester neutre, froid et objectif. [\u2026]<\/p>\n<figure class=\"css-ojz01a e109d7m50\">\n<div class=\"placeholder-print css-m9ge5n e1xprl8r0\">\n<div class=\"css-upe1zs e9ckzge0\"><img class=\"css-1ggccuu ewz1ycu0\" sizes=\"\" srcset=\"https:\/\/i.f1g.fr\/media\/eidos\/630x\/2020\/09\/25\/XVMd7384466-f8d3-11ea-a4f5-6485429d4bde-630x373.jpg\" alt=\"Juin 2010. Vid\u00e9o de Denis Allex film\u00e9e contre sa volont\u00e9 par les islamistes somaliens.\" \/><\/div>\n<\/div><figcaption class=\"css-1midx83 emwtels0\">DGSE: les r\u00e9v\u00e9lations du g\u00e9n\u00e9ral Gomart<\/figcaption><\/figure>\n<p class=\"css-s6jpj4 ekabp3u0\" style=\"text-align: left;\">On m\u2019objectera, je le sais, que je ne devrais pas remuer le couteau dans la plaie. Que je ne serais pas fond\u00e9 \u00e0 revenir sur un \u00e9pisode malheureux, que personne n\u2019a le droit de critiquer ce qui a \u00e9t\u00e9 fait. On pourrait aussi me dire que le linge sale ne se lave qu\u2019en famille! Je suis tr\u00e8s net sur ce point: je ne porte pas, loin de moi cette id\u00e9e, une appr\u00e9ciation n\u00e9gative sur ce que d\u2019autres ont d\u00e9cid\u00e9. Nul ne l\u2019ignore: les hommes du Service Action se sont battus comme des princes, faisant preuve d\u2019un courage exemplaire, certains le payant de leur vie.<\/p>\n<p class=\"css-s6jpj4 ekabp3u0\" style=\"text-align: left;\">Ce que pr\u00e9tend n\u00e9anmoins l\u2019officier fran\u00e7ais que je suis, pas totalement d\u00e9nu\u00e9 d\u2019exp\u00e9rience op\u00e9rationnelle, c\u2019est que nous avons \u00e0 nouveau assist\u00e9 \u00e0 un m\u00e9lange des genres. Il doit \u00eatre mis \u00e0 plat, d\u00e9cortiqu\u00e9 pour que cette erreur ne se reproduise pas et qu\u2019on puisse bien se r\u00e9partir les r\u00f4les, chacun agissant avec ses moyens et ses comp\u00e9tences, dans la cour qui est la sienne, pour une meilleure efficacit\u00e9. Je ne dis \u00e9videmment pas que le COS aurait \u00e0 tout coup r\u00e9ussi cette mission si elle lui avait \u00e9t\u00e9 confi\u00e9e. Ce qui ne m\u2019interdit pas de penser que nous aurions pu faire autrement, en mettant plus de chances de notre c\u00f4t\u00e9. [\u2026]<\/p>\n<p class=\"css-s6jpj4 ekabp3u0\" style=\"text-align: left;\">Apr\u00e8s chaque op\u00e9ration, il convient donc de proc\u00e9der, la t\u00eate bien rafra\u00eechie, \u00e0 ce qu\u2019on appelle un retour d\u2019exp\u00e9rience (Retex). Je ne connais pas celui que la DGSE n\u2019aura pas manqu\u00e9 de r\u00e9diger. J\u2019observe n\u00e9anmoins que tous les atouts n\u2019avaient pas \u00e9t\u00e9 r\u00e9unis. Premier point: l\u2019infiltration entre le poser des h\u00e9licopt\u00e8res Caracal et la prison de Denis Allex s\u2019est r\u00e9v\u00e9l\u00e9e plus longue et difficile que pr\u00e9vu. Le renseignement n\u2019\u00e9tait pas aussi complet que souhait\u00e9, la nuit noire et sans lune qui avait \u00e9t\u00e9 choisie \u00e9tait en r\u00e9alit\u00e9 tr\u00e8s \u00e9clair\u00e9e, avec des feux de camp partout. Il ne devait y avoir personne sur l\u2019itin\u00e9raire de l\u2019infiltration. En fait, les \u00abclandestins\u00bb croisent une personne qu\u2019ils tuent.<\/p>\n<p class=\"css-s6jpj4 ekabp3u0\" style=\"text-align: left;\">On ne se trouve d\u00e9j\u00e0 plus dans l\u2019univers de l\u2019action clandestine, mais dans celui d\u2019une op\u00e9ration sp\u00e9ciale, avec <strong>des appuis importants fournis essentiellement par les forces arm\u00e9es am\u00e9ricaines et par la Marine nationale fran\u00e7aise.<\/strong> Je regrette vivement qu\u2019il n\u2019y ait eu aucun Retex commun entre le Service Action et le COS. Il aurait justement permis de s\u2019enrichir les uns des autres, de nos comp\u00e9tences communes, de nos diff\u00e9rences aussi. Ce que je crois comprendre, c\u2019est que le SA lui-m\u00eame a tir\u00e9 la conclusion que des op\u00e9rations de ce type ne sont pas \u00e0 sa dimension. Je partage depuis longtemps ce point de vue, nous avons besoin d\u2019une capacit\u00e9 d\u2019action clandestine, form\u00e9e d\u2019individus aux comp\u00e9tences exceptionnelles. Dans ce cas, on a confondu les registres. Le Service Action n\u2019\u00e9tait ni format\u00e9, ni organis\u00e9, ni \u00e9quip\u00e9, ni assez aguerri pour engager en solo une telle op\u00e9ration.<\/p>\n<h2 class=\"css-1trbs3s e197bajz0\" style=\"text-align: left;\">Accidents \u00e0 l\u2019entra\u00eenement<\/h2>\n<p class=\"css-s6jpj4 ekabp3u0\" style=\"text-align: left;\">Le nombre d\u2019accidents mortels \u00e0 l\u2019entra\u00eenement (du Service Action de la DGSE, NDLR) y est inacceptable et am\u00e8ne \u00e0 se poser des questions. Il est anormal de perdre des hommes \u00e0 l\u2019exercice. La formation est telle que l\u2019on habitue les gens \u00e0 \u00eatre toujours en dehors des clous et de la r\u00e9glementation. Ce qui est n\u00e9cessaire lors des missions. Mais il y a une diff\u00e9rence entre une mission r\u00e9elle et une formation. Perdre un agent en mission est d\u00e9j\u00e0 tr\u00e8s dur, malgr\u00e9 une conscience aigu\u00eb des risques encourus, mais \u00e0 l\u2019instruction des mesures de s\u00e9curit\u00e9 sont vitales, au sens propre du terme. La vie n\u2019a pas de prix, que l\u2019on soit agent dans un service ou simple quidam.<\/p>\n<p class=\"css-s6jpj4 ekabp3u0\" style=\"text-align: left;\"><strong>Les incidents \u00e0 l\u2019\u00e9tranger, toujours \u00e0 l\u2019entra\u00eenement, avec des cons\u00e9quences diplomatiques<\/strong> qui ne sont jamais neutres, incitent \u00e9galement \u00e0 la r\u00e9forme. Nicolas Le Nen \u00e0 la t\u00eate du Service Action de 2014 \u00e0 2018 a donc cherch\u00e9 \u00e0 transformer son service, sans \u00eatre toujours bien compris en interne, mais avec l\u2019appui de Bernard Bajolet. Celui-ci, quand il \u00e9tait coordonnateur du renseignement, poussait d\u00e9j\u00e0 \u00e0 une remise en cause profonde de l\u2019organisation, des m\u00e9thodes du SA. Il se trouvait en cela en phase avec le g\u00e9n\u00e9ral Jean-Louis Georgelin, qui r\u00e9p\u00e9tait, pr\u00eatant la formule \u00e0 Jacques Chirac: \u00abAvec la DGSE, le coefficient de foirage est \u00e9lev\u00e9!\u00bb<\/p>\n<figure class=\"css-ojz01a e109d7m50\">\n<div class=\"placeholder-print css-kotbso e1xprl8r0\">\n<div class=\"css-upe1zs e9ckzge0\"><img class=\"css-1ggccuu ewz1ycu0 aligncenter\" sizes=\"\" srcset=\"https:\/\/i.f1g.fr\/media\/eidos\/306x\/2020\/09\/25\/XVM0f8257da-f8d4-11ea-a4f5-6485429d4bde-306x453.jpg\" alt=\"Soldat de l\u2019ombre. Au c\u0153ur des forces sp\u00e9ciales, du g\u00e9n\u00e9ral Christophe Gomart, avec Jean Guisnel, Tallandier, 380 p., 19,90 \u20ac.\" \/><\/div>\n<\/div><figcaption class=\"css-1midx83 emwtels0\"><em>Soldat de l\u2019ombre. Au c\u0153ur des forces sp\u00e9ciales, du g\u00e9n\u00e9ral Christophe Gomart, avec Jean Guisnel, Tallandier, 380 p., 19,90 \u20ac.\u00a0<span class=\"css-ctenq2 emwtels1\">sp<\/span><\/em><\/figcaption><\/figure>\n<div class=\"css-0 e9ckzge0\">\n<hr \/>\n<\/div>\n<p>&nbsp;<\/p>\n<p class=\"css-s6jpj4 ekabp3u0\"><b>\u00c0 VOIR AUSSI &#8211; G\u00e9n\u00e9ral Gomart: \u00abMilitaires et entreprises priv\u00e9es ont besoin les uns des autres\u00bb<\/b><\/p>\n<div class=\"css-0 e9ckzge0\">\n<div class=\"hide-print css-158qatu edq521w5\">\n<div class=\"css-5moo23 e9jpgo00\">\n<div class=\"vjs-text-track-display\" aria-live=\"off\" aria-atomic=\"true\">\n<div><\/div>\n<\/div>\n<div class=\"vjs-dock-text\">\n<div id=\"vjs-dock-title-1\" class=\"vjs-dock-title\">G\u00e9n\u00e9ral Gomart : \u00abMilitaires et entreprises priv\u00e9es ont besoin les uns des autres\u00bbLa r\u00e9daction vous conseille<\/div>\n<\/div>\n<\/div>\n<\/div>\n<\/div>\n<\/div>\n<\/article>\n<aside class=\"hide-print css-85tc e15bx0h00\">\n<ul class=\"css-10ezvaq e15bx0h02\">\n<li class=\"css-ypx0h7 e15bx0h03\"><a class=\"css-klsuof esdb6og4\" href=\"https:\/\/www.lefigaro.fr\/actualite-france\/2016\/09\/16\/01016-20160916ARTFIG00388-exclusif-notre-reportage-au-coeur-du-musee-secret-de-la-dgse.php\">Exclusif: notre reportage au c\u0153ur du mus\u00e9e secret de la DGSE<\/a><\/li>\n<li class=\"css-1jrf6fy e15bx0h03\"><a class=\"css-klsuof esdb6og4\" href=\"https:\/\/etudiant.lefigaro.fr\/article\/la-dgse-est-surprise-par-le-faible-niveau-des-candidats-a-son-concours_9b88554a-8ec1-11ea-b3e5-a5eefbd8d46b\/\">La DGSE est surprise par le faible niveau des candidats \u00e0 son concours<\/a><\/li>\n<li class=\"css-ypx0h7 e15bx0h03\"><a class=\"css-klsuof esdb6og4\" href=\"https:\/\/www.lefigaro.fr\/actualite-france\/2015\/12\/10\/01016-20151210ARTFIG00300-enigma-indochine-la-dgse-ouvre-ses-archives.php\">Enigma, Indochine&#8230; la DGSE ouvre ses archives<\/a><\/li>\n<\/ul>\n<\/aside>\n","protected":false},"excerpt":{"rendered":"<p>EXCLUSIF &#8211; Pour la premi\u00e8re fois, un de leurs anciens patrons raconte la vraie vie de ces unit\u00e9s militaires d\u2019\u00e9lite engag\u00e9es en Afghanistan, en Libye ou au Mali. Et il lance un pav\u00e9 dans la mare en contestant \u00e0 la DGSE sa l\u00e9gitimit\u00e9 dans les op\u00e9rations sp\u00e9ciales. &nbsp; Cette fois-ci, c\u2019est un homme du s\u00e9rail<\/p>\n","protected":false},"author":544,"featured_media":50023,"comment_status":"open","ping_status":"open","sticky":false,"template":"","format":"standard","meta":{"_uf_show_specific_survey":0,"_uf_disable_surveys":false,"footnotes":""},"categories":[37],"tags":[],"class_list":{"0":"post-50005","1":"post","2":"type-post","3":"status-publish","4":"format-standard","5":"has-post-thumbnail","7":"category-alaune-fr"},"aioseo_notices":[],"_links":{"self":[{"href":"https:\/\/middleeasttransparent.com\/fr\/wp-json\/wp\/v2\/posts\/50005","targetHints":{"allow":["GET"]}}],"collection":[{"href":"https:\/\/middleeasttransparent.com\/fr\/wp-json\/wp\/v2\/posts"}],"about":[{"href":"https:\/\/middleeasttransparent.com\/fr\/wp-json\/wp\/v2\/types\/post"}],"author":[{"embeddable":true,"href":"https:\/\/middleeasttransparent.com\/fr\/wp-json\/wp\/v2\/users\/544"}],"replies":[{"embeddable":true,"href":"https:\/\/middleeasttransparent.com\/fr\/wp-json\/wp\/v2\/comments?post=50005"}],"version-history":[{"count":0,"href":"https:\/\/middleeasttransparent.com\/fr\/wp-json\/wp\/v2\/posts\/50005\/revisions"}],"wp:featuredmedia":[{"embeddable":true,"href":"https:\/\/middleeasttransparent.com\/fr\/wp-json\/wp\/v2\/media\/50023"}],"wp:attachment":[{"href":"https:\/\/middleeasttransparent.com\/fr\/wp-json\/wp\/v2\/media?parent=50005"}],"wp:term":[{"taxonomy":"category","embeddable":true,"href":"https:\/\/middleeasttransparent.com\/fr\/wp-json\/wp\/v2\/categories?post=50005"},{"taxonomy":"post_tag","embeddable":true,"href":"https:\/\/middleeasttransparent.com\/fr\/wp-json\/wp\/v2\/tags?post=50005"}],"curies":[{"name":"wp","href":"https:\/\/api.w.org\/{rel}","templated":true}]}}