{"id":49839,"date":"2020-09-18T20:25:48","date_gmt":"2020-09-18T19:25:48","guid":{"rendered":"https:\/\/middleeasttransparent.com\/?p=49839"},"modified":"2020-09-18T20:29:46","modified_gmt":"2020-09-18T19:29:46","slug":"libye-fayez-al-sarraj-pret-a-ceder-la-place-a-un-nouvel-executif","status":"publish","type":"post","link":"https:\/\/middleeasttransparent.com\/fr\/libye-fayez-al-sarraj-pret-a-ceder-la-place-a-un-nouvel-executif\/","title":{"rendered":"Libye: Fayez al-Sarraj pr\u00eat \u00e0 c\u00e9der la place \u00e0 un nouvel ex\u00e9cutif"},"content":{"rendered":"<header class=\"css-1abuj4a e8mzd9n1\">\n<h3 class=\"css-135rrsm edox7vr0\"><span style=\"color: #666699;\">Le premier ministre se dit pr\u00eat \u00e0 quitter le pouvoir avant la fin octobre en faveur d\u2019un nouveau gouvernement issu des pourparlers interlibyens.<\/span><\/h3>\n<\/header>\n<p>&nbsp;<\/p>\n<div class=\"css-10460lt ey7xkwt0\" data-component=\"fig-content-body\">\n<p class=\"css-s6jpj4 ekabp3u0\">Un vent de d\u00e9missions souffle-t-il sur la Libye? Dans une allocution retransmise \u00e0 la t\u00e9l\u00e9vision, Fayez al-Sarraj, premier ministre du Gouvernement d\u2019union nationale (reconnu par la communaut\u00e9 internationale) a annonc\u00e9 mercredi soir son intention de d\u00e9missionner fin octobre. Le 13 septembre, le chef du gouvernement parall\u00e8le, bas\u00e9 dans l\u2019Est libyen, Abdallah al-Thini avait remis sa d\u00e9mission au Parlement. Les deux dirigeants continuent \u00e0 g\u00e9rer les affaires courantes alors que des manifestations ont touch\u00e9 plusieurs villes ces derni\u00e8res semaines face \u00e0 la d\u00e9t\u00e9rioration des conditions de vie.<\/p>\n<p class=\"css-s6jpj4 ekabp3u0\">Dans cette vid\u00e9o pr\u00e9-enregistr\u00e9e, Fayez al-Sarraj, nomm\u00e9 apr\u00e8s les accords de Skhirat sign\u00e9s sous l\u2019\u00e9gide de l\u2019ONU en d\u00e9cembre 2015, \u00e9voque son \u00ab<em>d\u00e9sir sinc\u00e8re de confier ses fonctions \u00e0 une nouvelle autorit\u00e9 au plus tard en octobre prochain<\/em>.\u00bb Les optimistes y voient un soutien direct aux pourparlers lanc\u00e9s depuis quelques semaines entre les factions de l\u2019Est et de l\u2019Ouest, divis\u00e9es politiquement et militairement depuis l\u2019\u00e9t\u00e9 2014. La derni\u00e8re r\u00e9union, celle de Montreux (Suisse) d\u00e9but septembre, a en effet conclu en la n\u00e9cessit\u00e9 d\u2019organiser des \u00e9lections pr\u00e9sidentielle et parlementaires d\u2019ici \u00e0 18 mois. En attendant, un \u00ab<em>gouvernement d\u2019unit\u00e9 repr\u00e9sentatif<\/em>\u00bb doit \u00eatre mis en place. Avec la d\u00e9mission r\u00e9cente d\u2019Abdallah al-Thini, le concurrent-homologue de l\u2019Est de Sarraj qui \u00e9tait en poste depuis 2014, la place semble d\u00e9sormais libre pour un nouveau gouvernement qui dirigerait l\u2019ensemble du territoire.<\/p>\n<h2 class=\"css-1trbs3s e197bajz0\">Un \u00e9chec cinglant<\/h2>\n<p class=\"css-s6jpj4 ekabp3u0\">Jalel Harchaoui, chercheur \u00e0 l\u2019institut Clingendael \u00e0 La Haye, note cependant: \u00ab<em>Trouver un nouveau premier ministre va \u00eatre tr\u00e8s difficile. Cet \u00e9v\u00e9nement Sarraj est un dos-d\u2019\u00e2ne sur la route alors que les canaux de communication ouverts r\u00e9cemment entre les acteurs internationaux et notamment l\u2019\u00c9gypte, la Russie<\/em>\u00a0(deux soutiens du camp de l\u2019Est, NDLR)\u00a0<em>et la Turquie<\/em>\u00a0(alli\u00e9e \u00e0 l\u2019Ouest)\u00a0<em>ont donn\u00e9 \u00e0 l\u2019ONU la possibilit\u00e9 de mener de nouvelles n\u00e9gociations.<\/em>\u00bb<\/p>\n<p class=\"css-s6jpj4 ekabp3u0\">D\u2019ailleurs, les Libyens semblent sceptiques. \u00ab<em>Thini a d\u00e9missionn\u00e9 50 fois d\u00e9j\u00e0! Et quand il ne d\u00e9missionne pas, on ne le voit jamais. Je n\u2019y croirais que lorsqu\u2019il aura \u00e9t\u00e9 remplac\u00e9. Quant \u00e0 Sarraj, ce n\u2019est pas lui qui gouverne \u00e0 l\u2019Ouest, ce sont les milices\u00a0<\/em>!\u00bb, s\u2019agace Mohammed, habitant de Benghazi, capitale de l\u2019Est libyen, joint par t\u00e9l\u00e9phone. Naji Abou-Khalil, directeur du projet Libye pour la fondation Nouria, se montre \u00e9galement prudent: \u00ab<em>La d\u00e9mission de Fayez al-Sarraj est plut\u00f4t une preuve de faiblesse et probablement un pari sur les lenteurs des n\u00e9gociations. Il absorbe ainsi la col\u00e8re populaire et se met hors jeu officiellement, tout en restant au pouvoir, le temps que la pression baisse.<\/em>\u00bb<\/p>\n<\/div>\n<div class=\"css-10460lt ey7xkwt0\" data-component=\"fig-content-body\">\n<p class=\"css-s6jpj4 ekabp3u0\">L\u2019analyste rappelle que les manifestations qui ont eu lieu r\u00e9cemment dans l\u2019Ouest libyen visaient en partie Sarraj, dont plusieurs proches sont cit\u00e9s dans des affaires de corruption. Le premier ministre a \u00e9galement vu ses soutiens chez les brigades tripolitaines faiblir alors que son ministre de l\u2019Int\u00e9rieur, Fathi Bashagha, gagnait en influence aupr\u00e8s de la population et de la communaut\u00e9 internationale. Le Misrati, suspendu par Fayez al-Sarraj suite \u00e0 des violences durant les manifestations, a finalement \u00e9t\u00e9 r\u00e9int\u00e9gr\u00e9. Beaucoup y ont vu un \u00e9chec cinglant pour Sarraj qui n\u2019a jamais su s\u2019imposer \u00e0 la t\u00eate de l\u2019\u00c9tat libyen. \u00ab<em>D\u2019ailleurs la d\u00e9mission de Fayez al-Sarraj a suscit\u00e9 <a href=\"https:\/\/www.lefigaro.fr\/international\/libye-fayez-al-sarraj-pret-a-ceder-la-place-a-un-nouvel-executif-20200917\">pe<\/a>u de r\u00e9actions \u00e0 l\u2019international<\/em>\u00a0(jeudi apr\u00e8s midi, l\u2019ONU n\u2019avait pas encore r\u00e9agi, NDLR).\u00a0<em>Il y a une forme d\u2019ignorance d\u00e9lib\u00e9r\u00e9e<\/em>\u00bb, juge Naji Abou-Khalil.<\/p>\n<p>LE FIGARO<\/p>\n<\/div>\n","protected":false},"excerpt":{"rendered":"<p>Le premier ministre se dit pr\u00eat \u00e0 quitter le pouvoir avant la fin octobre en faveur d\u2019un nouveau gouvernement issu des pourparlers interlibyens. &nbsp; Un vent de d\u00e9missions souffle-t-il sur la Libye? Dans une allocution retransmise \u00e0 la t\u00e9l\u00e9vision, Fayez al-Sarraj, premier ministre du Gouvernement d\u2019union nationale (reconnu par la communaut\u00e9 internationale) a annonc\u00e9 mercredi<\/p>\n","protected":false},"author":679,"featured_media":49843,"comment_status":"open","ping_status":"open","sticky":false,"template":"","format":"standard","meta":{"_uf_show_specific_survey":0,"_uf_disable_surveys":false,"footnotes":""},"categories":[37],"tags":[],"class_list":{"0":"post-49839","1":"post","2":"type-post","3":"status-publish","4":"format-standard","5":"has-post-thumbnail","7":"category-alaune-fr"},"aioseo_notices":[],"_links":{"self":[{"href":"https:\/\/middleeasttransparent.com\/fr\/wp-json\/wp\/v2\/posts\/49839","targetHints":{"allow":["GET"]}}],"collection":[{"href":"https:\/\/middleeasttransparent.com\/fr\/wp-json\/wp\/v2\/posts"}],"about":[{"href":"https:\/\/middleeasttransparent.com\/fr\/wp-json\/wp\/v2\/types\/post"}],"author":[{"embeddable":true,"href":"https:\/\/middleeasttransparent.com\/fr\/wp-json\/wp\/v2\/users\/679"}],"replies":[{"embeddable":true,"href":"https:\/\/middleeasttransparent.com\/fr\/wp-json\/wp\/v2\/comments?post=49839"}],"version-history":[{"count":0,"href":"https:\/\/middleeasttransparent.com\/fr\/wp-json\/wp\/v2\/posts\/49839\/revisions"}],"wp:featuredmedia":[{"embeddable":true,"href":"https:\/\/middleeasttransparent.com\/fr\/wp-json\/wp\/v2\/media\/49843"}],"wp:attachment":[{"href":"https:\/\/middleeasttransparent.com\/fr\/wp-json\/wp\/v2\/media?parent=49839"}],"wp:term":[{"taxonomy":"category","embeddable":true,"href":"https:\/\/middleeasttransparent.com\/fr\/wp-json\/wp\/v2\/categories?post=49839"},{"taxonomy":"post_tag","embeddable":true,"href":"https:\/\/middleeasttransparent.com\/fr\/wp-json\/wp\/v2\/tags?post=49839"}],"curies":[{"name":"wp","href":"https:\/\/api.w.org\/{rel}","templated":true}]}}