{"id":49833,"date":"2020-09-18T19:52:34","date_gmt":"2020-09-18T18:52:34","guid":{"rendered":"https:\/\/middleeasttransparent.com\/?p=49833"},"modified":"2020-09-18T19:52:34","modified_gmt":"2020-09-18T18:52:34","slug":"un-ancien-d-haaretz-choisi-pour-diriger-liberation","status":"publish","type":"post","link":"https:\/\/middleeasttransparent.com\/fr\/un-ancien-d-haaretz-choisi-pour-diriger-liberation\/","title":{"rendered":"Un ancien d\u2019\u00ab\u00a0Haaretz\u00a0\u00bb choisi pour diriger \u00ab\u00a0Lib\u00e9ration\u00a0\u00bb"},"content":{"rendered":"<h1><\/h1>\n<div dir=\"auto\">\n<div>\n<p><span style=\"color: #0000ff;\">Sandrine Cassini Avec Louis Imbert (\u00c0 J\u00e9rusalem)<\/span><\/p>\n<\/div>\n<div>\n<p><strong>Dov Alfon, \u00e9lu \u00e0 90\u00a0% par les salari\u00e9s, succ\u00e8de \u00e0 Laurent Joffrin. Le journaliste franco-isra\u00e9lien va r\u00e9organiser le journal en profondeur<\/strong><\/p>\n<p>&nbsp;<\/p>\n<\/div>\n<div>\n<div>\n<p>Lib\u00e9ration\u00a0entame un nouveau chapitre de sa longue et tumultueuse existence. Les salari\u00e9s du quotidien de gauche fond\u00e9 par Jean-Paul Sartre et Serge July en\u00a01973 ont \u00e9lu mercredi 16\u00a0septembre leur nouveau directeur de la r\u00e9daction, Dov Alfon. Le journaliste vient remplacer Laurent Joffrin, parti cet \u00e9t\u00e9 cr\u00e9er son mouvement politique, Les Engag\u00e9.e.s. Avec cet ancien d\u2019Haaretz,\u00a0le grand quotidien de la gauche isra\u00e9lienne, la r\u00e9daction s\u2019appr\u00eate \u00e0 vivre une nouvelle r\u00e9volution.<\/p>\n<p>A 59\u00a0ans, l\u2019homme qui a grandi entre la France et Isra\u00ebl a fait grande impression aux salari\u00e9s de\u00a0Lib\u00e9ration,\u00a0lorsqu\u2019il a prononc\u00e9 son discours de campagne le 9\u00a0septembre. Mercredi, il a obtenu 90\u00a0% de suffrages favorables, un score qualifi\u00e9 de\u00a0\u00ab\u00a0sovi\u00e9tique\u00a0\u00bb\u00a0en interne.\u00a0\u00ab\u00a0Eh oui, c\u2019est bien moi il n\u2019y a pas si longtemps (septembre\u00a01985), lisant @libe en r\u00eavant de pouvoir y \u00e9crire un jour. Merci \u00e0 l\u2019ensemble de la r\u00e9daction pour cette formidable marque de confiance, on ne va pas s\u2019ennuyer\u00a0!\u00a0\u00bb,\u00a0a-t-il twitt\u00e9 mercredi dans la soir\u00e9e, photo \u00e0 l\u2019appui.<\/p>\n<h2>Acc\u00e9l\u00e9ration num\u00e9rique<\/h2>\n<p>En Isra\u00ebl, Dov Alfon est un journaliste respect\u00e9 au parcours atypique. R\u00e9put\u00e9 exigeant, talentueux au risque de la dispersion, aimable mais \u00e0 sang froid, ses anciens collaborateurs louent, \u00e0 l\u2019image du journaliste d\u2019investigation <strong>Ronen Bergman,\u00a0\u00ab\u00a0sa culture d\u2019intellectuel \u00e0 l\u2019europ\u00e9enne\u00a0\u00bb<\/strong>. Tr\u00e8s t\u00f4t engag\u00e9 dans le journalisme en ligne, apr\u00e8s <strong>avoir fait son service militaire dans une unit\u00e9 d\u2019\u00e9lite de renseignement (l\u2019unit\u00e9 8200)<\/strong>, il a \u00e9t\u00e9 \u00e0\u00a0Haaretz\u00a0un directeur de suppl\u00e9ments magazines innovant. Apr\u00e8s un passage \u00e0 la t\u00eate d\u2019une grande maison d\u2019\u00e9dition, Kinneret Zmora-Bitan Dvir, il prend la direction du quotidien en\u00a02008, \u00e0 46\u00a0ans. Nomm\u00e9 pour emmener dans l\u2019\u00e8re num\u00e9rique cette institution bilingue (h\u00e9breu et anglais), aux \u00e9quilibres de pouvoir enracin\u00e9s, son mandat de trois ans ne laisse pas une marque profonde. Correspondant \u00e0 Paris depuis 2016, il y publie une chronique enlev\u00e9e de la vie fran\u00e7aise et un roman d\u2019espionnage \u00e0 succ\u00e8s (<em>Unit\u00e9 8200<\/em>,\u00a0Liana Levi), sans couvrir exhaustivement l\u2019actualit\u00e9 locale.<\/p>\n<p>C\u2019est d\u2019ailleurs pour lui parler d\u2019Unit\u00e9 8200,\u00a0dont la version fran\u00e7aise a \u00e9t\u00e9 publi\u00e9e quelques mois plus t\u00f4t, que Denis Olivennes le contacte d\u00e9but 2020. A l\u2019\u00e9poque, le futur directeur g\u00e9n\u00e9ral de\u00a0Lib\u00e9\u00a0officie encore chez CMI (Elle, Marianne, T\u00e9l\u00e9\u00a07\u00a0Jours), le groupe de presse de Daniel Kretinsky, actionnaire minoritaire du\u00a0Monde. Quand le dirigeant est recrut\u00e9 en juin par Patrick Drahi, propri\u00e9taire de\u00a0Lib\u00e9\u00a0via Altice, il a d\u00e9j\u00e0 l\u2019id\u00e9e de remplacer Laurent Joffrin par Dov Alfon, m\u00eame si officiellement, au d\u00e9part, il lui confie une simple mission sur le num\u00e9rique.<\/p>\n<p>En pr\u00e9sentant son plan \u00e0 la r\u00e9daction, le Franco-Isra\u00e9lien a d\u2019ailleurs pris soin de se poser en anti-Joffrin, \u00e9ditorialiste brillant courant les plateaux t\u00e9l\u00e9, mais qui ne mettait pas les mains dans la fabrication quotidienne du journal. Il a ainsi averti qu\u2019il serait un directeur de la r\u00e9daction\u00a0\u00ab\u00a0pr\u00e9sent\u00a0\u00bb\u00a0voire\u00a0\u00ab\u00a0<wbr \/>omnipr\u00e9sent\u00a0\u00bb,\u00a0rapportent des t\u00e9moins. Pas question donc, contrairement \u00e0 son pr\u00e9d\u00e9cesseur,\u00a0\u00ab\u00a0d\u2019<wbr \/>\u00e9ditorialiser sur tout\u00a0\u00bb. \u00ab\u00a0Ce n\u2019est de toute fa\u00e7on pas ce que l\u2019on attend de lui\u00a0\u00bb,\u00a0t\u00e9moigne une journaliste.<\/p>\n<h2>Investigation<\/h2>\n<p>Au c\u0153ur de son projet, une acc\u00e9l\u00e9ration sur le num\u00e9rique, accompagn\u00e9e d\u2019une r\u00e9forme profonde de l\u2019organisation. Pendant trois mois, l\u2019ancien correspondant d\u2019Haaretz\u00a0a arpent\u00e9 les couloirs de la r\u00e9daction, d\u00e9jeun\u00e9 avec les journalistes, et assist\u00e9 aux conf\u00e9rences de r\u00e9daction. Il en a tir\u00e9 certains enseignements\u00a0:\u00a0\u00ab\u00a0Il trouve que nous sommes trop tourn\u00e9s vers le \u201cprint\u201d\u00a0[le journal papier]\u00a0: les gens arrivent \u00e0 10\u00a0heures, partent \u00e0 19\u00a0heures. Le samedi est mort \u00e0 Lib\u00e9\u00a0\u00bb,\u00a0t\u00e9moigne un r\u00e9dacteur.\u00a0\u00ab\u00a0Dans sa r\u00e9forme, il veut cr\u00e9er un service d\u2019actualit\u00e9 de 20 \u00e0 30 personnes, qui traiterait rapidement l\u2019actualit\u00e9 afin de permettre aux autres journalistes de travailler sur d\u2019autres sujets\u00a0\u00bb,\u00a0corrobore un autre. Dov Alfon, qui consid\u00e8re que le site Internet actuel remplit mal sa mission d\u2019information en temps r\u00e9el, souhaite \u00e9galement que le journal se concentre sur l\u2019investigation, capable \u00e0 son sens d\u2019attirer plus d\u2019abonn\u00e9s. A l\u2019image de l\u2019enqu\u00eate sur le harc\u00e8lement chez l\u2019\u00e9diteur de jeux Ubisoft, publi\u00e9e le 1er\u00a0juillet, qui a pouss\u00e9 \u00e0 la d\u00e9mission de plusieurs dirigeants. Celui qui a cor\u00e9alis\u00e9 des enqu\u00eates avec Fabrice Arfi, figure de l\u2019investigation chez\u00a0Mediapart,\u00a0compte s\u2019inspirer des recettes du site fond\u00e9 par Edwy Plenel, qui publie, \u00e0 la mani\u00e8re d\u2019une s\u00e9rie, ses bonnes histoires par \u00e9pisode.\u00a0\u00ab\u00a0A chaque fois, il nous demande comment rebondir, faire une suite, quand on a un bon sujet\u00a0\u00bb,\u00a0dit un salari\u00e9.<\/p>\n<p>S\u2019il a impressionn\u00e9 la r\u00e9daction, Dov Alfon n\u2019est pas non plus un tendre.\u00a0\u00ab\u00a0Il peut aussi \u00eatre sans \u00e9tat d\u2019\u00e2me et dire ce qu\u2019il pense\u00a0\u00bb,\u00a0t\u00e9moigne un vieux routier de la maison. Sa t\u00e2che s\u2019annonce ardue. Plac\u00e9 depuis d\u00e9but septembre dans un fonds de dotation \u00e0 but non lucratif,\u00a0Lib\u00e9ration,\u00a0qui perdait encore 8\u00a0millions d\u2019euros en\u00a02019, n\u2019a plus qu\u2019entre 15 millions et 20\u00a0millions d\u2019euros en caisse pour sortir la t\u00eate de l\u2019eau. C\u2019est en tout cas la somme maximale qu\u2019a pr\u00e9vu d\u2019injecter son ancien propri\u00e9taire Altice. Pour survivre, le quotidien doit multiplier par cinq le chiffre des abonnements num\u00e9riques d\u2019ici \u00e0\u00a02023. Un d\u00e9fi que Dov Alfon juge\u00a0\u00ab\u00a0tenable\u00a0\u00bb.<\/p>\n<p><a href=\"https:\/\/www.lemonde.fr\/economie\/article\/2020\/09\/17\/un-ancien-d-haaretz-choisi-pour-diriger-liberation_6052567_3234.html\">LE MONDE<\/a><\/p>\n<\/div>\n<\/div>\n<\/div>\n","protected":false},"excerpt":{"rendered":"<p>Sandrine Cassini Avec Louis Imbert (\u00c0 J\u00e9rusalem) Dov Alfon, \u00e9lu \u00e0 90\u00a0% par les salari\u00e9s, succ\u00e8de \u00e0 Laurent Joffrin. Le journaliste franco-isra\u00e9lien va r\u00e9organiser le journal en profondeur &nbsp; Lib\u00e9ration\u00a0entame un nouveau chapitre de sa longue et tumultueuse existence. Les salari\u00e9s du quotidien de gauche fond\u00e9 par Jean-Paul Sartre et Serge July en\u00a01973 ont \u00e9lu<\/p>\n","protected":false},"author":134,"featured_media":49837,"comment_status":"open","ping_status":"open","sticky":false,"template":"","format":"standard","meta":{"_uf_show_specific_survey":0,"_uf_disable_surveys":false,"footnotes":""},"categories":[22],"tags":[],"class_list":{"0":"post-49833","1":"post","2":"type-post","3":"status-publish","4":"format-standard","5":"has-post-thumbnail","7":"category-actualites-fr"},"aioseo_notices":[],"_links":{"self":[{"href":"https:\/\/middleeasttransparent.com\/fr\/wp-json\/wp\/v2\/posts\/49833","targetHints":{"allow":["GET"]}}],"collection":[{"href":"https:\/\/middleeasttransparent.com\/fr\/wp-json\/wp\/v2\/posts"}],"about":[{"href":"https:\/\/middleeasttransparent.com\/fr\/wp-json\/wp\/v2\/types\/post"}],"author":[{"embeddable":true,"href":"https:\/\/middleeasttransparent.com\/fr\/wp-json\/wp\/v2\/users\/134"}],"replies":[{"embeddable":true,"href":"https:\/\/middleeasttransparent.com\/fr\/wp-json\/wp\/v2\/comments?post=49833"}],"version-history":[{"count":0,"href":"https:\/\/middleeasttransparent.com\/fr\/wp-json\/wp\/v2\/posts\/49833\/revisions"}],"wp:featuredmedia":[{"embeddable":true,"href":"https:\/\/middleeasttransparent.com\/fr\/wp-json\/wp\/v2\/media\/49837"}],"wp:attachment":[{"href":"https:\/\/middleeasttransparent.com\/fr\/wp-json\/wp\/v2\/media?parent=49833"}],"wp:term":[{"taxonomy":"category","embeddable":true,"href":"https:\/\/middleeasttransparent.com\/fr\/wp-json\/wp\/v2\/categories?post=49833"},{"taxonomy":"post_tag","embeddable":true,"href":"https:\/\/middleeasttransparent.com\/fr\/wp-json\/wp\/v2\/tags?post=49833"}],"curies":[{"name":"wp","href":"https:\/\/api.w.org\/{rel}","templated":true}]}}