{"id":49569,"date":"2020-09-07T12:40:47","date_gmt":"2020-09-07T11:40:47","guid":{"rendered":"https:\/\/middleeasttransparent.com\/?p=49569"},"modified":"2020-09-07T12:40:47","modified_gmt":"2020-09-07T11:40:47","slug":"comment-deraciner-le-crime-organise","status":"publish","type":"post","link":"https:\/\/middleeasttransparent.com\/fr\/comment-deraciner-le-crime-organise\/","title":{"rendered":"\u00ab Comment d\u00e9raciner le crime organis\u00e9 ? \u00bb"},"content":{"rendered":"<h3><span style=\"color: #666699;\">Telle est la question que formule J.F Gayraud, fin connaisseur du monde des mafias, dans son essai sur la \u00ab G\u00e9opolitique du crime organis\u00e9 \u00bb, qui pourrait servir de grille de lecture \u00e9clairante \u00e0 la situation libanaise. Il est d\u00e9sormais \u00e9tabli, sans nul doute possible, que l\u2019\u00c9tat libanais est otage d\u2019un tel r\u00e9seau criminel tentaculaire qu\u2019on surnomme \u00e0 tort \u00ab classe politique \u00bb mais qu\u2019on devrait plut\u00f4t appeler \u00ab caste dirigeante \u00bb, car ce qui rel\u00e8ve du politique est noble par d\u00e9finition.<\/span><\/h3>\n<p>&nbsp;<\/p>\n<p>La r\u00e9cente visite du pr\u00e9sident fran\u00e7ais \u00e0 Beyrouth a \u00e9tal\u00e9 au grand jour un fait indiscutable : <strong>le Liban est dans le statut \u00e9trange de \u00ab Non-\u00c9tat \u00bb<\/strong> <strong>que se partagent ce que le droit p\u00e9nal appelle \u00ab associations de malfaiteurs \u00bb.<\/strong> Dans le monde actuel, les mafias n\u2019ont jamais \u00e9t\u00e9 aussi puissantes. Certes, quelques arrestations individuelles ont un impact m\u00e9diatique qui peut laisser croire que les \u00c9tats parviennent \u00e0 se ressaisir. Il n\u2019en est rien. Le Liban en est une preuve \u00e9clatante. Des mafias diverses y ont pignon sur rue. Elles n\u2019ont m\u00eame pas besoin de clandestinit\u00e9 tant elles sont parvenues \u00e0 phagocyter le param\u00e8tre \u00ab confessionnel \u00bb qui leur sert de couverture, et auquel nul n\u2019ose toucher au Liban. \u00c0 cause de cela, elles sont beaucoup plus redoutables et plus nocives que les mod\u00e8les italiens classiques de toute mafia. Elles n\u2019h\u00e9sitent pas, le cas \u00e9ch\u00e9ant, \u00e0 usurper la repr\u00e9sentativit\u00e9 d\u2019une communaut\u00e9 religieuse au service de leurs activit\u00e9s qui rel\u00e8vent du droit p\u00e9nal.<\/p>\n<p><strong>Pour se constituer en mafia, il existe des pr\u00e9requis : <\/strong><br \/>\n\u2022 Un groupe local gr\u00e9gaire soud\u00e9 dans un esprit de corps (assabiya)<\/p>\n<p>\u2022 Une figure de chef dont l\u2019autorit\u00e9 sur le groupe est absolue. C\u2019est le Parrain, le notable camoristo ou homme d\u2019honneur, membre d\u2019une onorat\u00e0 societ\u00e0 qui sert et prot\u00e8ge son groupe tout en s\u2019opposant \u00e0 l\u2019autorit\u00e9 centrale de l\u2019\u00c9tat. Ainsi, la relation de tout membre du groupe avec l\u2019\u00c9tat, dont il est citoyen, est toujours indirecte car elle passe n\u00e9cessairement par le notable camoristo qu\u2019on peut comparer au <em><strong>za\u00efm<\/strong><\/em>.<\/p>\n<p>\u00c0 l\u2019origine, de tels groupes locaux n\u2019\u00e9taient pas n\u00e9cessairement criminels. Ils sont apparus au sein de soci\u00e9t\u00e9s paysannes siciliennes en tant que \u00ab clans \u00bb, parfois qualifi\u00e9s de \u00ab sectes \u00bb avant que le gouvernement italien n\u2019associe formellement le terme \u00ab mafia \u00bb \u00e0 l\u2019industrie de la violence et au crime organis\u00e9, \u00e0 la fin du XIX\u00b0 si\u00e8cle. La situation libanaise se pr\u00e9sente comme une mixture de ces aspects. Toute mafia libanaise est n\u00e9cessairement adapt\u00e9e au syst\u00e8me confessionnel libanais qui lui sert de tremplin pour sa propre expansion \u00e9conomique. Elle est r\u00e9sistante \u00e0 la r\u00e9pression soit parce qu\u2019elle poss\u00e8de une milice arm\u00e9e, soit parce qu\u2019elle contr\u00f4le les instances du pouvoir ; mais surtout parce qu\u2019elle contr\u00f4le des leviers de commande au sein de la magistrature et\/ou du minist\u00e8re public. Son trait le plus marquant demeure sa capacit\u00e9 d\u2019enfouissement politico-m\u00e9diatique.<\/p>\n<p>Certes, l\u2019\u00c9tat demeure capable de r\u00e9pression des d\u00e9lits mineurs et de certains crimes de droit commun. Quant \u00e0 la lutte contre le crime organis\u00e9 de haut niveau, c\u2019est une autre paire de manches. Ceci exige une condition imp\u00e9rative en amont : la prise de conscience intellectuelle et politique, le plus pr\u00e9cocement possible. Toute l\u2019histoire r\u00e9cente de tels r\u00e9seaux nous enseigne que le crime organis\u00e9, de type mafieux, est toujours tardivement per\u00e7u par la soci\u00e9t\u00e9 qui en est victime et complice \u00e0 la fois. Le meilleur alli\u00e9 de ces mafias (peu importent les noms qu\u2019on leur donne) est l\u2019aveugl\u00e9ment politico-m\u00e9diatique qui enracine une telle culture dans des soci\u00e9t\u00e9s traditionnelles.<\/p>\n<p>Certes, on peut toujours arr\u00eater bruyamment quelques comparses. Mais \u00ab d\u00e9capiter \u00bb de tels groupes est insuffisant car le crime organis\u00e9 doit \u00eatre \u00ab d\u00e9racin\u00e9 \u00bb. Tel est l\u2019enjeu qui se profile au Liban apr\u00e8s le 17 octobre 2019 et le 4 ao\u00fbt 2020. Il ne suffit pas de d\u00e9loger les imposteurs et les usurpateurs, encore faut-il gu\u00e9rir pour toujours de cette culture.<\/p>\n<p>Le citoyen s\u2019est tardivement r\u00e9veill\u00e9 et a pris conscience de la nature mafieuse de la caste dirigeante. Il sait qu\u2019il n\u2019est pas prot\u00e9g\u00e9 par un \u00c9tat que le crime organis\u00e9 a kidnapp\u00e9. Il est seul, sans d\u00e9fense et sans recours possible \u00e0 une justice musel\u00e9e par cet \u00c9tat. Il exprime sa col\u00e8re par le slogan \u00ab <strong>Dressez les potences<\/strong> \u00bb. Ceci n\u2019est pas un appel au lynchage ni \u00e0 l\u2019application sauvage de la peine de mort. Ceci refl\u00e8te une situation d\u2019avant l\u2019\u00c9tat et exprime donc le droit naturel de tout \u00eatre humain \u00e0 la l\u00e9gitime d\u00e9fense face aux forces criminelles qui lui ont tout pris, jusqu\u2019\u00e0 la vie.<\/p>\n<p>acourban@gmail.com<\/p>\n<p>*Beyrouth<\/p>\n<p><a href=\"https:\/\/www.lorientlejour.com\/article\/1231695\/-comment-deraciner-le-crime-organise-.html\">OLJ<\/a><\/p>\n","protected":false},"excerpt":{"rendered":"<p>Telle est la question que formule J.F Gayraud, fin connaisseur du monde des mafias, dans son essai sur la \u00ab G\u00e9opolitique du crime organis\u00e9 \u00bb, qui pourrait servir de grille de lecture \u00e9clairante \u00e0 la situation libanaise. Il est d\u00e9sormais \u00e9tabli, sans nul doute possible, que l\u2019\u00c9tat libanais est otage d\u2019un tel r\u00e9seau criminel tentaculaire<\/p>\n","protected":false},"author":33,"featured_media":49573,"comment_status":"open","ping_status":"open","sticky":false,"template":"","format":"standard","meta":{"_uf_show_specific_survey":0,"_uf_disable_surveys":false,"footnotes":""},"categories":[37],"tags":[],"class_list":{"0":"post-49569","1":"post","2":"type-post","3":"status-publish","4":"format-standard","5":"has-post-thumbnail","7":"category-alaune-fr"},"aioseo_notices":[],"_links":{"self":[{"href":"https:\/\/middleeasttransparent.com\/fr\/wp-json\/wp\/v2\/posts\/49569","targetHints":{"allow":["GET"]}}],"collection":[{"href":"https:\/\/middleeasttransparent.com\/fr\/wp-json\/wp\/v2\/posts"}],"about":[{"href":"https:\/\/middleeasttransparent.com\/fr\/wp-json\/wp\/v2\/types\/post"}],"author":[{"embeddable":true,"href":"https:\/\/middleeasttransparent.com\/fr\/wp-json\/wp\/v2\/users\/33"}],"replies":[{"embeddable":true,"href":"https:\/\/middleeasttransparent.com\/fr\/wp-json\/wp\/v2\/comments?post=49569"}],"version-history":[{"count":0,"href":"https:\/\/middleeasttransparent.com\/fr\/wp-json\/wp\/v2\/posts\/49569\/revisions"}],"wp:featuredmedia":[{"embeddable":true,"href":"https:\/\/middleeasttransparent.com\/fr\/wp-json\/wp\/v2\/media\/49573"}],"wp:attachment":[{"href":"https:\/\/middleeasttransparent.com\/fr\/wp-json\/wp\/v2\/media?parent=49569"}],"wp:term":[{"taxonomy":"category","embeddable":true,"href":"https:\/\/middleeasttransparent.com\/fr\/wp-json\/wp\/v2\/categories?post=49569"},{"taxonomy":"post_tag","embeddable":true,"href":"https:\/\/middleeasttransparent.com\/fr\/wp-json\/wp\/v2\/tags?post=49569"}],"curies":[{"name":"wp","href":"https:\/\/api.w.org\/{rel}","templated":true}]}}