{"id":49423,"date":"2020-08-31T21:36:17","date_gmt":"2020-08-31T20:36:17","guid":{"rendered":"https:\/\/middleeasttransparent.com\/?p=49423"},"modified":"2020-08-31T22:53:37","modified_gmt":"2020-08-31T21:53:37","slug":"liban-leurope-doit-designer-le-hezbollah-comme-une-organisation-terroriste","status":"publish","type":"post","link":"https:\/\/middleeasttransparent.com\/fr\/liban-leurope-doit-designer-le-hezbollah-comme-une-organisation-terroriste\/","title":{"rendered":"Liban: l\u2019Europe doit d\u00e9signer le Hezbollah comme une organisation terroriste"},"content":{"rendered":"<header class=\"css-1abuj4a e8mzd9n1\">\n<h3 class=\"css-135rrsm edox7vr0\"><span style=\"color: #666699;\">EXCLUSIF &#8211;\u00a0Dans une tribune collective au<i>\u00a0Figaro<\/i>, 27 signataires* demandent \u00e0 Emmanuel Macron que la France consid\u00e8re le Hezbollah comme une organisation terroriste et invite l\u2019Union europ\u00e9enne \u00e0 faire de m\u00eame. Sans ce signe de fermet\u00e9, aucun Liban souverain ne sera possible, jugent-ils.<\/span><\/h3>\n<\/header>\n<p>&nbsp;<\/p>\n<header class=\"css-1abuj4a e8mzd9n1\">\n<div id=\"blogAuthor\" class=\"css-17xdmhb e1fytymd0\"><strong>Par Tribune collective<\/strong><\/div>\n<div><\/div>\n<\/header>\n<div class=\"css-10460lt ey7xkwt0\" data-component=\"fig-content-body\">\n<p class=\"css-s6jpj4 ekabp3u0\">Apr\u00e8s l\u2019explosion\u00a0<a class=\"css-15ezjzi esdb6og5\" href=\"https:\/\/www.lefigaro.fr\/international\/explosions-a-beyrouth-le-point-sur-la-catastrophe-20200805\" data-fig-id=\"bGVmaWdhcm8uZnJfXzc4NWFhMTk4LWQ3MDItMTFlYS04ZmYwLWEwMzY5ZjkxZjMwNF9fTmV3c0ZsYXNo\" data-fig-type=\"NewsFlash\" data-gtm-custom-categorie=\"navigation\" data-gtm-custom-action=\"crossclick\" data-gtm-custom-label=\"Contextuel\" data-gtm-event=\"customEventSPE\">qui a co\u00fbt\u00e9 la vie \u00e0 presque deux cents personnes<\/a>\u00a0et en a mutil\u00e9 des milliers d\u2019autres, alors que le c\u0153ur de Beyrouth sinistr\u00e9 continue\u00a0<a class=\"css-15ezjzi esdb6og5\" href=\"https:\/\/www.lefigaro.fr\/flash-actu\/explosion-a-beyrouth-sept-personnes-toujours-portees-disparues-20200829\" data-fig-id=\"bGVmaWdhcm8uZnJfX2Y5NWU3OTM5LWU5ZmMtMTFlYS04ZmYwLWEwMzY5ZjkxZjMwNF9fTmV3c0ZsYXNo\" data-fig-type=\"NewsFlash\" data-gtm-custom-categorie=\"navigation\" data-gtm-custom-action=\"crossclick\" data-gtm-custom-label=\"Contextuel\" data-gtm-event=\"customEventSPE\">de chercher ses disparus<\/a>, \u00e0 l\u2019heure o\u00f9 le FMI pr\u00e9pare un plan de sauvetage du Liban, il nous semble que le seul soutien financier \u00e0 l\u2019\u00c9tat libanais souhaitable est un soutien conditionn\u00e9 \u00e0 quelques exigences politiques.<\/p>\n<p class=\"css-s6jpj4 ekabp3u0\">D\u00e8s le mois de juillet, lorsque\u00a0<a class=\"css-15ezjzi esdb6og5\" href=\"https:\/\/www.lefigaro.fr\/flash-actu\/liban-le-drian-pense-que-les-exigences-de-paris-ont-ete-entendues-20200724\" data-fig-id=\"bGVmaWdhcm8uZnJfXzFjY2RhYzJhLWNkYTYtMTFlYS04ZmYwLWEwMzY5ZjkxZjMwNF9fTmV3c0ZsYXNo\" data-fig-type=\"NewsFlash\" data-gtm-custom-categorie=\"navigation\" data-gtm-custom-action=\"crossclick\" data-gtm-custom-label=\"Contextuel\" data-gtm-event=\"customEventSPE\">le ministre des Affaires \u00e9trang\u00e8res Jean-Yves Le Drian s\u2019est rendu au pays du C\u00e8dre<\/a>, un soutien massif apparaissait d\u00e9j\u00e0 indispensable. Et les citoyens libanais avaient exprim\u00e9 leur ras-le-bol d\u00e8s l\u2019automne 2019 lors de manifestations lanc\u00e9es autour du slogan:\u00a0<em>\u00abTous, cela veut dire tous.\u00bb<\/em>\u00a0C\u2019est en effet au niveau alarmant de\u00a0<a class=\"css-15ezjzi esdb6og5\" href=\"https:\/\/www.lefigaro.fr\/international\/liban-apres-le-drame-la-corruption-et-l-impunite-de-la-classe-politique-en-accusation-20200805\" data-fig-id=\"bGVmaWdhcm8uZnJfX2MyOGI3Yjg2LWQ3M2MtMTFlYS05NzNlLTI0ZTI4NDA3ZTlkN19fQXJ0aWNsZQ==\" data-fig-type=\"Article\" data-gtm-custom-categorie=\"navigation\" data-gtm-custom-action=\"crossclick\" data-gtm-custom-label=\"Contextuel\" data-gtm-event=\"customEventSPE\">corruption qui gangr\u00e8ne les institutions<\/a>\u00a0et la classe politique libanaise qu\u2019il faut largement attribuer cette gabegie.<\/p>\n<p class=\"css-s6jpj4 ekabp3u0\">Sans assainissement profond de l\u2019\u00c9tat libanais, aucune solidarit\u00e9 ext\u00e9rieure ne saura apporter un soutien r\u00e9el et efficace. Il faut donc conditionner l\u2019aide aux r\u00e9formes mais aussi au respect plein et entier du droit international.<\/p>\n<p class=\"css-s6jpj4 ekabp3u0\">En effet, le Hezbollah exerce son pouvoir de nuisance au Liban de fa\u00e7on croissante et d\u00e9complex\u00e9e, en m\u00eame temps qu\u2019il p\u00e8se sur la s\u00e9curit\u00e9 r\u00e9gionale, europ\u00e9enne et internationale. Au cours des vingt derni\u00e8res ann\u00e9es, de son propre aveu public, le Hezbollah, organisation terroriste,\u00a0<a class=\"css-15ezjzi esdb6og5\" href=\"https:\/\/www.lefigaro.fr\/international\/liban-etat-dans-l-etat-le-hezbollah-reste-un-obstacle-majeur-aux-reformes-20200813\" data-fig-id=\"bGVmaWdhcm8uZnJfXzU1YzRiNDc4LWRkODUtMTFlYS1hZGQyLWJkNWVmNmEyYWJlZV9fQXJ0aWNsZQ==\" data-fig-type=\"Article\" data-gtm-custom-categorie=\"navigation\" data-gtm-custom-action=\"crossclick\" data-gtm-custom-label=\"Contextuel\" data-gtm-event=\"customEventSPE\">a su cr\u00e9er un \u00c9tat dans l\u2019\u00c9tat libanais<\/a> et supplanter l\u2019arm\u00e9e libanaise. Le Hezbollah intervient en Syrie pour le compte du r\u00e9gime iranien qui le finance et en appui du r\u00e9gime Assad coupable de crimes contre l\u2019humanit\u00e9, tandis qu\u2019il a perp\u00e9tr\u00e9 des attentats en Europe et ailleurs dans le monde.<\/p>\n<p class=\"css-s6jpj4 ekabp3u0\">\u00c0 l\u2019heure de v\u00e9rit\u00e9 pour le Liban, la communaut\u00e9 internationale doit reconna\u00eetre le probl\u00e8me majeur que constitue le Hezbollah dans la reconstruction du pays. La mainmise qu\u2019il exerce sur la sc\u00e8ne politique libanaise aujourd\u2019hui paralyse toute possibilit\u00e9 de transition politique profonde.<\/p>\n<p class=\"css-s6jpj4 ekabp3u0\">Si le Hezbollah n\u2019a pas \u00e9t\u00e9 le seul responsable d\u2019un syst\u00e8me \u00e9conomique d\u00e9ficitaire, il en est finalement devenu le garant. Toutes les grandes factions au pouvoir s\u2019opposent aux r\u00e9formes et le statut arm\u00e9 du Hezbollah, capable d\u2019intimider et d\u2019assassiner \u00e0 volont\u00e9 et sans cons\u00e9quence les opposants politiques nationaux, a toujours fix\u00e9 les limites de la transparence et de la responsabilit\u00e9 et a fondamentalement emp\u00each\u00e9 l\u2019\u00e9tablissement de l\u2019\u00c9tat de droit.<\/p>\n<p class=\"css-s6jpj4 ekabp3u0\">Le Hezbollah est un acteur aux ambitions r\u00e9gionales, dont la puissance et les ressources viennent de l\u2019ext\u00e9rieur et notamment de l\u2019Iran. Ce statut de vassal rend \u00e9galement caduque toute volont\u00e9 d\u2019ind\u00e9pendance et de neutralit\u00e9 du pays.<\/p>\n<p class=\"css-s6jpj4 ekabp3u0\">C\u2019est pourquoi nous demandons au pr\u00e9sident de la R\u00e9publique que la France ne fasse plus obstacle \u00e0 la d\u00e9signation du Hezbollah comme organisation terroriste par l\u2019Union europ\u00e9enne. Ce n\u2019est pas d\u2019ing\u00e9rence qu\u2019il s\u2019agit &#8211; la clef d\u2019une solution politique au Liban r\u00e9side bel et bien dans les mains des Libanais &#8211; mais du combat global que nous menons contre le terrorisme.<\/p>\n<p class=\"css-s6jpj4 ekabp3u0\">Aussi,\u00a0<a class=\"css-15ezjzi esdb6og5\" href=\"https:\/\/www.lefigaro.fr\/flash-actu\/liban-guterres-reclame-a-nouveau-un-desarmement-du-hezbollah-20190503\" data-fig-id=\"bGVmaWdhcm8uZnJfX2NhYjQ5OTM1LTZkYmItMTFlOS04NzUwLTUyNTQwMGYyMzBmNV9fTmV3c0ZsYXNo\" data-fig-type=\"NewsFlash\" data-gtm-custom-categorie=\"navigation\" data-gtm-custom-action=\"crossclick\" data-gtm-custom-label=\"Contextuel\" data-gtm-event=\"customEventSPE\">comme l\u2019a r\u00e9clam\u00e9 le secr\u00e9taire g\u00e9n\u00e9ral des Nations unies Antonio Guterres<\/a>, le Hezbollah doit imp\u00e9rativement \u00eatre d\u00e9sarm\u00e9, en vertu de la r\u00e9solution 1559 adopt\u00e9e en 2004 (mais aussi des accords inter-arabes de Taef de 1989, lesquels prohibaient toute milice arm\u00e9e).<em>\u00a0\u00abL\u2019omnipr\u00e9sence d\u2019armes \u00e9chappant au contr\u00f4le de l\u2019\u00c9tat, \u00e0 laquelle s\u2019ajoute l\u2019existence des milices arm\u00e9es, continue de compromettre la s\u00e9curit\u00e9 et la stabilit\u00e9 du Liban. Le fait que le Hezbollah dispose toujours d\u2019importants moyens militaires de pointe \u00e9chappant au contr\u00f4le de l\u2019\u00c9tat libanais reste tr\u00e8s pr\u00e9occupant\u00bb<\/em>, avait-il alors rappel\u00e9.<\/p>\n<p class=\"css-s6jpj4 ekabp3u0\">Les \u00c9tats-Unis, les pays du Golfe mais aussi les Pays-Bas, l\u2019Allemagne, le Royaume-Uni et la Lituanie ont d\u00e9j\u00e0 proc\u00e9d\u00e9 \u00e0 la d\u00e9signation du Hezbollah pour ce qu\u2019il est: une organisation terroriste. \u00c0 l\u2019heure de v\u00e9rit\u00e9 pour le Liban, c\u2019est l\u2019opportunit\u00e9 pour la France de construire une position europ\u00e9enne commune.<\/p>\n<p class=\"css-s6jpj4 ekabp3u0\">En d\u00e9fendant une telle position, celle d\u2019un soutien massif mais conditionn\u00e9, la France jouerait pleinement son r\u00f4le unique de m\u00e9diateur au Moyen-Orient.\u00a0<a class=\"css-15ezjzi esdb6og5\" href=\"https:\/\/www.lefigaro.fr\/international\/notre-reportage-avec-emmanuel-macron-au-chevet-d-un-liban-meurtri-20200806\" data-fig-id=\"bGVmaWdhcm8uZnJfX2U4NjkxYzJhLWQ4MDctMTFlYS05ZTY5LWU2ZjEzZjM0NTk4Ml9fQXJ0aWNsZQ==\" data-fig-type=\"Article\" data-gtm-custom-categorie=\"navigation\" data-gtm-custom-action=\"crossclick\" data-gtm-custom-label=\"Contextuel\" data-gtm-event=\"customEventSPE\">Lors de son d\u00e9placement \u00e0 Beyrouth le 6 ao\u00fbt dernier<\/a>, le pr\u00e9sident Macron avait insist\u00e9:\u00a0<em>\u00abLa crise ici est grave et implique une responsabilit\u00e9 historique des dirigeants en place.\u00bb<\/em>\u00a0Sans condamnation ferme du Hezbollah, l\u2019action de la France, au rendez-vous pour porter secours \u00e0 son plus vieil ami de la r\u00e9gion, risque d\u2019\u00eatre vaine.<\/p>\n<div class=\"css-0 e9ckzge0\">\n<hr \/>\n<\/div>\n<p class=\"css-s6jpj4 ekabp3u0\"><em>* Parmi les personnalit\u00e9s signataires figurent\u00a0<b>Pascal Bruckner<\/b>, romancier et philosophe ;\u00a0<b>Michel Brugi\u00e8re<\/b>, ancien directeur g\u00e9n\u00e9ral de M\u00e9decins du Monde ;\u00a0<b>Huguette Chomski-Magnis<\/b>, coordinatrice du Collectif contre le terrorisme ;\u00a0<b>Brice Couturier<\/b>, journaliste et essayiste ;\u00a0<b>Philippe Douste-Blazy<\/b>, ancien ministre des Affaires \u00e9trang\u00e8res et ancien ministre de la Sant\u00e9 ;\u00a0<b>Bernice Dubois<\/b>, pr\u00e9sidente d\u2019honneur de la Coordination fran\u00e7aise pour le Lobby Europ\u00e9en des Femmes ;<b>\u00a0Agn\u00e8s Firmin le Bodo<\/b>, d\u00e9put\u00e9e (Agir) du Havre ;\u00a0<b>David Gakunzi<\/b>, \u00e9crivain, journaliste, directeur du Paris Global Forum ;\u00a0<b>Annie Genevard,<\/b>\u00a0vice-pr\u00e9sidente (LR) de l\u2019Assembl\u00e9e nationale ;\u00a0<b>Pierre Henry<\/b>, directeur g\u00e9n\u00e9ral de France Terre d\u2019asile ;\u00a0<b>Roger Karoutchi<\/b>, s\u00e9nateur LR des Hauts-de-Seine ;\u00a0<b>Maya Khadra,\u00a0<\/b>journaliste franco-libanaise, enseignante ;\u00a0<b>Mimi Khoriati Abdo<\/b>, citoyenne franco-libanaise, militante f\u00e9ministe et membre du Mouvement pour la Paix et contre le Terrorisme (MPCT) ;\u00a0<b>Patrick Klugman<\/b>, avocat ;\u00a0<b>Constance Le Grip<\/b>, d\u00e9put\u00e9e (LR) des Hauts-de-Seine ;\u00a0<b>Corinne Lepage<\/b>, pr\u00e9sidente du Rassemblement citoyen, ancienne ministre de l\u2019Environnement ;<b>\u00a0Jacky Mamou<\/b>, pr\u00e9sident du Collectif Urgence Darfour ;\u00a0<b>Thibault de Montbrial<\/b>, avocat, sp\u00e9cialiste des questions de s\u00e9curit\u00e9 ;\u00a0<b>Adrien Morenas<\/b>, ancien d\u00e9put\u00e9 du Vaucluse ;\u00a0<b>Ana Pak<\/b>, Tribune Azad Iran La\u00efque ;\u00a0<b>Astrid Panosyan<\/b>, co-fondatrice d\u2019En Marche ;\u00a0<b>Fran\u00e7oise Rudetzki<\/b>, Fondatrice de SOS attentats ;\u00a0<b>Ari Sebag<\/b>, ancien Pr\u00e9sident de MedBridge Strategy Center ;\u00a0<b>Mohamed Sifaoui<\/b>, journaliste et \u00e9crivain franco-alg\u00e9rien ;\u00a0<b>B\u00e9atrice Szwec<\/b>, pr\u00e9sidente du Mouvement pour la Paix et contre le Terrorisme ;\u00a0<b>Nicolas Tenzer<\/b>, philosophe politique et essayiste ;<b>\u00a0Philippe Val<\/b>, \u00e9crivain, ancien r\u00e9dacteur en chef de Charlie Hebdo ;\u00a0<b>Manuel Valls<\/b>, ancien Premier ministre.<\/em><\/p>\n<\/div>\n<p><a href=\"https:\/\/www.lefigaro.fr\/vox\/monde\/liban-l-europe-doit-designer-le-hezbollah-comme-une-organisation-terroriste-20200831\">LE FIGARO<\/a><\/p>\n","protected":false},"excerpt":{"rendered":"<p>EXCLUSIF &#8211;\u00a0Dans une tribune collective au\u00a0Figaro, 27 signataires* demandent \u00e0 Emmanuel Macron que la France consid\u00e8re le Hezbollah comme une organisation terroriste et invite l\u2019Union europ\u00e9enne \u00e0 faire de m\u00eame. Sans ce signe de fermet\u00e9, aucun Liban souverain ne sera possible, jugent-ils. &nbsp; Par Tribune collective Apr\u00e8s l\u2019explosion\u00a0qui a co\u00fbt\u00e9 la vie \u00e0 presque deux<\/p>\n","protected":false},"author":152,"featured_media":49425,"comment_status":"open","ping_status":"open","sticky":false,"template":"","format":"standard","meta":{"_uf_show_specific_survey":0,"_uf_disable_surveys":false,"footnotes":""},"categories":[37],"tags":[],"class_list":{"0":"post-49423","1":"post","2":"type-post","3":"status-publish","4":"format-standard","5":"has-post-thumbnail","7":"category-alaune-fr"},"aioseo_notices":[],"_links":{"self":[{"href":"https:\/\/middleeasttransparent.com\/fr\/wp-json\/wp\/v2\/posts\/49423","targetHints":{"allow":["GET"]}}],"collection":[{"href":"https:\/\/middleeasttransparent.com\/fr\/wp-json\/wp\/v2\/posts"}],"about":[{"href":"https:\/\/middleeasttransparent.com\/fr\/wp-json\/wp\/v2\/types\/post"}],"author":[{"embeddable":true,"href":"https:\/\/middleeasttransparent.com\/fr\/wp-json\/wp\/v2\/users\/152"}],"replies":[{"embeddable":true,"href":"https:\/\/middleeasttransparent.com\/fr\/wp-json\/wp\/v2\/comments?post=49423"}],"version-history":[{"count":0,"href":"https:\/\/middleeasttransparent.com\/fr\/wp-json\/wp\/v2\/posts\/49423\/revisions"}],"wp:featuredmedia":[{"embeddable":true,"href":"https:\/\/middleeasttransparent.com\/fr\/wp-json\/wp\/v2\/media\/49425"}],"wp:attachment":[{"href":"https:\/\/middleeasttransparent.com\/fr\/wp-json\/wp\/v2\/media?parent=49423"}],"wp:term":[{"taxonomy":"category","embeddable":true,"href":"https:\/\/middleeasttransparent.com\/fr\/wp-json\/wp\/v2\/categories?post=49423"},{"taxonomy":"post_tag","embeddable":true,"href":"https:\/\/middleeasttransparent.com\/fr\/wp-json\/wp\/v2\/tags?post=49423"}],"curies":[{"name":"wp","href":"https:\/\/api.w.org\/{rel}","templated":true}]}}