{"id":49418,"date":"2020-08-31T21:20:56","date_gmt":"2020-08-31T20:20:56","guid":{"rendered":"https:\/\/middleeasttransparent.com\/?p=49418"},"modified":"2020-08-31T21:20:56","modified_gmt":"2020-08-31T20:20:56","slug":"macron-revient-au-liban-face-aux-chefs-de-clan","status":"publish","type":"post","link":"https:\/\/middleeasttransparent.com\/fr\/macron-revient-au-liban-face-aux-chefs-de-clan\/","title":{"rendered":"Macron revient au Liban, face aux chefs de clan"},"content":{"rendered":"<header class=\"css-1abuj4a e8mzd9n1\">\n<h3 class=\"css-135rrsm edox7vr0\"><span style=\"color: #666699;\">Pour la deuxi\u00e8me fois en un mois, le pr\u00e9sident se rend \u00e0 Beyrouth ce lundi, o\u00f9 il esp\u00e8re arracher \u00abun gouvernement de mission\u00bb pour sauver le pays.<\/span><\/h3>\n<\/header>\n<p>&nbsp;<\/p>\n<figure class=\"css-ojz01a e109d7m50\"><\/figure>\n<div class=\"css-10460lt ey7xkwt0\" data-component=\"fig-content-body\">\n<p class=\"css-s6jpj4 ekabp3u0\"><em>Envoy\u00e9 sp\u00e9cial \u00e0 Beyrouth<\/em><\/p>\n<p class=\"css-s6jpj4 ekabp3u0\">\u00ab<em>Je ne vous l\u00e2cherai pas<\/em>.\u00bb Trois semaines apr\u00e8s avoir fait ce serment de fid\u00e9lit\u00e9 aux Libanais, Emmanuel Macron revient \u00e0 Beyrouth.\u00a0<a class=\"css-15ezjzi esdb6og5\" href=\"https:\/\/www.lefigaro.fr\/international\/notre-reportage-avec-emmanuel-macron-au-chevet-d-un-liban-meurtri-20200806\" data-fig-id=\"bGVmaWdhcm8uZnJfX2U4NjkxYzJhLWQ4MDctMTFlYS05ZTY5LWU2ZjEzZjM0NTk4Ml9fQXJ0aWNsZQ==\" data-fig-type=\"Article\" data-gtm-custom-categorie=\"navigation\" data-gtm-custom-action=\"crossclick\" data-gtm-custom-label=\"Contextuel\" data-gtm-event=\"customEventSPE\">Sa premi\u00e8re visite\u00a0<\/a>d\u00e9but ao\u00fbt, 48 heures apr\u00e8s\u00a0<a class=\"css-15ezjzi esdb6og5\" href=\"https:\/\/www.lefigaro.fr\/international\/dossier\/liban-explosions-4-aout-nitrate-d-ammonium-port-beyrouth\" data-fig-id=\"bGVmaWdhcm8uZnJfX1RITS05ZDEwZTVkMi1kYWY0LTExZWEtOGZmMC1hMDM2OWY5MWYzMDRfX1RvcGlj\" data-fig-type=\"Topic\" data-gtm-custom-categorie=\"navigation\" data-gtm-custom-action=\"crossclick\" data-gtm-custom-label=\"Contextuel\" data-gtm-event=\"customEventSPE\">la tragique explosion qui tua 190 personnes<\/a>\u00a0au port de la capitale et d\u00e9vasta des quartiers entiers de la ville, a \u00e9t\u00e9 un succ\u00e8s. Se pla\u00e7ant d\u00e9lib\u00e9r\u00e9ment aux c\u00f4t\u00e9s d\u2019un peuple traumatis\u00e9 et r\u00e9vuls\u00e9 par l\u2019incomp\u00e9tence de ses dirigeants, il appela ces derniers \u00e0 un sursaut pour sauver un pays au bord de la faillite.<\/p>\n<p class=\"css-s6jpj4 ekabp3u0\">Dans une indiscr\u00e9tion au\u00a0<em>Figaro\u00a0<\/em>\u00e0 la fin de sa visite \u00e9clair, le 6 ao\u00fbt dernier, le pr\u00e9sident fran\u00e7ais a brandi la menace d\u2019imposer des sanctions aux leaders politiques, r\u00e9fractaires aux r\u00e9formes et au \u00ab<em>nouveau contrat<\/em>\u00bb qu\u2019il appelle de ses v\u0153ux au Liban. Cette \u00e9p\u00e9e de Damocl\u00e8s incitera-t-elle les parrains d\u2019un syst\u00e8me \u00e9puis\u00e9 et min\u00e9 par la corruption \u00e0 enfin bouger? Le d\u00e9placement du chef de l\u2019\u00c9tat, qui commence ce lundi soir par une rencontre chez une ic\u00f4ne, la chanteuse Fayrouz, s\u2019annonce ardu.<\/p>\n<h2 class=\"css-1trbs3s e197bajz0\">Capacit\u00e9 d\u2019entraver les r\u00e9formes<\/h2>\n<p class=\"css-s6jpj4 ekabp3u0\">La France veut \u00ab<em>un gouvernement de mission\u00bb, \u00abun gouvernement propre, efficace, capable de mettre en \u0153uvre les r\u00e9formes souhait\u00e9es par les Libanais<\/em>\u00bb, dit-on \u00e0 l\u2019\u00c9lys\u00e9e. R\u00e9forme des secteurs de l\u2019\u00e9lectricit\u00e9 et des t\u00e9l\u00e9communications (pompes \u00e0 finances de certains partis), audit de la Banque centrale (bo\u00eete noire de la corruption), ouverture des n\u00e9gociations avec le FMI\u2026 La liste est longue au-del\u00e0 m\u00eame de la lutte anticorruption &#8211; cr\u00e9ation d\u2019un S\u00e9nat, autorisation du mariage civil &#8211; dans un pays o\u00f9 la moiti\u00e9 de la population vit d\u00e9sormais sous le seuil de la pauvret\u00e9. Gr\u00e2ce \u00e0 la majorit\u00e9 dont ils disposent au Parlement, les principaux chefs de parti ont encore la capacit\u00e9 d\u2019entraver le chemin des r\u00e9formes.<\/p>\n<p class=\"css-s6jpj4 ekabp3u0\">Pour contourner cet obstacle &#8211; sans vouloir revenir sur le pacte national de 1943 qui partage le pouvoir entre confessions &#8211; l\u2019id\u00e9e d\u2019Emmanuel Macron est de \u00ab<em>geler le temps politique jusqu\u2019au rendez-vous des prochaines \u00e9lections l\u00e9gislatives, que les partis traditionnels fassent un pas de c\u00f4t\u00e9 pendant un temps n\u00e9cessaire<\/em>\u00bb, selon l\u2019entourage du chef de l\u2019\u00c9tat. Il s\u2019agit d\u2019obtenir \u00ab<em>un gouvernement de mission fort, d\u2019une douzaine de techniciens avec des pouvoirs exceptionnels octroy\u00e9s par le Parlement, afin de lui donner le temps de r\u00e9aliser des r\u00e9formes et d\u2019engranger ensuite une victoire \u00e9lectorale<\/em>\u00bb, d\u00e9crypte Alain Bifani, directeur g\u00e9n\u00e9ral du minist\u00e8re libanais des Finances, jusqu\u2019\u00e0 sa d\u00e9mission en juin.<\/p>\n<p class=\"css-s6jpj4 ekabp3u0\">Ce sera l\u2019objectif de la rencontre mardi soir \u00e0 la r\u00e9sidence des Pins avec les chefs de ces principaux partis, qu\u2019Emmanuel Macron a d\u00e9j\u00e0 houspill\u00e9s, le 6 ao\u00fbt. \u00ab<em>Obtenir, \u00e0 d\u00e9faut de majorit\u00e9 au Parlement, une couverture politique pour avancer\u00bb<\/em>, ajoute une source libanaise \u00e0 Beyrouth. \u00ab<em>Macron n\u2019est pas sorti de l\u2019auberge<\/em>, pr\u00e9vient-elle.<em>\u00a0Il va demander aux partis de se saborder alors qu\u2019ils vont se faire cracher dessus au cours des prochains mois, car on est au fond de l\u2019ab\u00eeme. Son voyage est risqu\u00e9.\u00bb \u00abC\u2019est vrai<\/em>, r\u00e9pond un proche du chef de l\u2019\u00c9tat,\u00a0<em>mais les leaders libanais n\u2019ont plus le choix, ils couleront avec le\u00a0<\/em>Titanic<em>, s\u2019ils n\u2019acceptent pas de mettre de l\u2019huile dans les rouages.<\/em>\u00bb<\/p>\n<h2 class=\"css-1trbs3s e197bajz0\">Pression multiforme<\/h2>\n<p class=\"css-s6jpj4 ekabp3u0\">Les chefs de parti ont compris que le serment de fid\u00e9lit\u00e9 d\u2019Emmanuel Macron \u00e9tait \u00e0 double tranchant: amical certes, mais intimidant aussi. \u00ab<em>Oui, on pense aux sanctions, mais il faut le faire avec les Am\u00e9ricains pour que ce soit efficace\u00bb<\/em>, nous confiait le chef de l\u2019\u00c9tat, le soir de sa premi\u00e8re visite \u00e0 Beyrouth. \u00ab<em>Brandir l\u2019arme des sanctions a fait fr\u00e9mir beaucoup de gens<\/em>, constate Alain Bifani.\u00a0<em>Il y a eu comme une onde de choc chez les politiques.<\/em>\u00bb \u00ab<em>Est-ce vrai qu\u2019il vous a dit envisager de sanctionner des responsables, s\u2019ils ne coop\u00e9raient pas?<\/em>\u00bb, t\u00e9l\u00e9phonait, inquiet, Simon Abiramia, un d\u00e9put\u00e9 proche du pr\u00e9sident de la R\u00e9publique, Michel Aoun, peu apr\u00e8s la mise en garde du chef de l\u2019\u00c9tat fran\u00e7ais. De fait, \u00ab<em>Macron a commenc\u00e9 de travailler avec Donald Trump sur un r\u00e9gime de sanctions avec d\u00e9j\u00e0 des noms<\/em>\u00bb, confirme une source inform\u00e9e.<\/p>\n<p class=\"css-s6jpj4 ekabp3u0\">Quelques jours apr\u00e8s l\u2019appel t\u00e9l\u00e9phonique du pr\u00e9sident de la R\u00e9publique \u00e0 Donald Trump, dans la foul\u00e9e de son premier d\u00e9placement au Liban, la visite \u00e0 Beyrouth le 13 ao\u00fbt du secr\u00e9taire d\u2019\u00c9tat adjoint pour le Proche-Orient, David Hale, s\u2019inscrivait dans cette \u00e9pure de sanctions \u00e0 mettre en place. Oui mais lesquelles? \u00ab<em>Il faut que sur la premi\u00e8re liste figurent des noms de toutes confessions et de toutes les mouvances, sinon elle ne sera pas cr\u00e9dible<\/em>\u00bb, recommande un connaisseur du dossier.<\/p>\n<p class=\"css-s6jpj4 ekabp3u0\">\u00ab<em>La liste est facile \u00e0 faire<\/em>, confie un expert \u00e9conomique.\u00a0<em>Si vous dites \u00e0 Gebran Bassil<\/em>, (ex-ministre chr\u00e9tien des Affaires \u00e9trang\u00e8res et gendre de Michel Aoun),\u00a0<em>Nabih Berri\u00a0<\/em>(pr\u00e9sident chiite du Parlement)\u00a0<em>et \u00e0 Saad Hariri\u00a0<\/em>(ex-premier ministre sunnite)\u00a0<em>que s\u2019ils persistent \u00e0 ne rien faire, ils ne pourront plus se d\u00e9placer dans aucun pays de l\u2019OCDE et que leurs avoirs \u00e0 l\u2019\u00e9tranger, financiers et immobiliers, seront gel\u00e9s, \u00e7a devrait porter, car il n\u2019y a qu\u2019en tapant au portefeuille qu\u2019ils comprendront\u00bb<\/em>, ajoute cet expert, familier du Liban.<\/p>\n<p class=\"css-s6jpj4 ekabp3u0\">Le message commence \u00e0 \u00eatre re\u00e7u par certains.\u00a0<em>\u00abJ\u2019irai jusqu\u2019au bout dans la lutte contre la corruption. Tous les responsables devront r\u00e9pondre de leurs agissements. La justice tranchera. Il n\u2019y aura ni concession ni exception\u00bb,<\/em>\u00a0d\u00e9clare le pr\u00e9sident libanais au\u00a0<em>Figaro.\u00a0<\/em>\u00ab<em>Ce n\u2019est pas Michel Aoun qu\u2019il faut sanctionner c\u2019est le clan,<\/em>\u00a0avertit l\u2019expert \u00e9conomique:<em>\u00a0Gebran Bassil, Mireille et Claudine<\/em>\u00a0(deux filles du pr\u00e9sident, NDLR),\u00a0<em>S\u00e9lim Jreissati\u00a0<\/em>(ex-ministre des Affaires pr\u00e9sidentielles)\u00a0<em>et surtout Cedrus Bank, la banque de leur parti, le Courant patriotique libre (CPL), c\u2019est l\u00e0 que sont tous les comptes de la famille Aoun<\/em>\u00bb.<\/p>\n<p class=\"css-s6jpj4 ekabp3u0\">La pression multiforme porte ses fruits. Vendredi, apr\u00e8s plus de deux semaines de tergiversations, la pr\u00e9sidence libanaise s\u2019est finalement d\u00e9cid\u00e9e \u00e0 fixer \u00e0 lundi &#8211; soit quelques heures avant l\u2019arriv\u00e9e de Macron &#8211; la date des consultations parlementaires \u00e0 l\u2019issue desquelles devrait \u00eatre d\u00e9sign\u00e9 un nouveau premier ministre. C\u2019est la premi\u00e8re \u00e9tape du processus de d\u00e9signation du chef de gouvernement. Elle pourrait durer 48 heures, c\u2019est-\u00e0-dire jusqu\u2019au d\u00e9part d\u2019Emmanuel Macron. Arracher aux partis le nom d\u2019un chef de gouvernement (sunnite) au cours de sa visite serait un premier succ\u00e8s. Le plus dur &#8211; composer un gouvernement &#8211; restera \u00e0 faire.<\/p>\n<h2 class=\"css-1trbs3s e197bajz0\">La fin des ch\u00e8ques en blanc<\/h2>\n<p class=\"css-s6jpj4 ekabp3u0\">L\u2019ex-ministre de l\u2019Int\u00e9rieur, M<sup>me<\/sup>\u00a0Raya al-Hassan, est sur la liste, Tammam Salam et Najib Mikati, eux, ont d\u00e9clin\u00e9 le poste, tandis que le Hezbollah s\u2019oppose \u00e0 Nawwaf Salam\u2026 mais verrait d\u2019un bon \u0153il le retour aux affaires de Saad Hariri, ex-chef de gouvernement faible que le parti chiite pro-iranien contr\u00f4le. L\u2019int\u00e9ress\u00e9 a, lui, d\u00e9clin\u00e9 un poste qu\u2019il a d\u00e9j\u00e0 occup\u00e9 \u00e0 trois reprises, sans grand succ\u00e8s. Dimanche soir, les anciens Premiers ministres, dont Saad Hariri, ont annonc\u00e9 \u00e0 l\u2019issue d\u2019une r\u00e9union \u00eatre parvenus \u00e0\u00a0<a class=\"css-15ezjzi esdb6og5\" href=\"https:\/\/www.lefigaro.fr\/international\/liban-le-prochain-premier-ministre-devrait-etre-un-ambassadeur-moustapha-adib-20200830\" data-fig-id=\"bGVmaWdhcm8uZnJfXzQ2OGZlZGJjLWVhZTktMTFlYS04ZmYwLWEwMzY5ZjkxZjMwNF9fTmV3c0ZsYXNo\" data-fig-type=\"NewsFlash\" data-gtm-custom-categorie=\"navigation\" data-gtm-custom-action=\"crossclick\" data-gtm-custom-label=\"Contextuel\" data-gtm-event=\"customEventSPE\">s\u2019entendre sur le nom de Moustapha Adib<\/a>, ambassadeur du Liban en Allemagne.<\/p>\n<p class=\"css-s6jpj4 ekabp3u0\">\u00ab<em>Saad Hariri a \u00e9t\u00e9 chass\u00e9 par le peuple avec la r\u00e9volte d\u2019octobre 2019<\/em>, rappelle un diplomate fran\u00e7ais,\u00a0<em>si Paris, qui assure \u00e9couter le peuple, le soutenait, ce serait \u00e0 n\u2019y rien comprendre<\/em>\u00bb. Le fils de Rafic Hariri, l\u2019ancien premier ministre assassin\u00e9 en 2005, n\u2019est plus en odeur de saintet\u00e9 \u00e0 l\u2019\u00c9lys\u00e9e, depuis le 20 septembre 2019, date de son dernier entretien en t\u00eate-\u00e0-t\u00eate avec Emmanuel Macron. Le chef de l\u2019\u00c9tat venait de le sauver des griffes du prince h\u00e9ritier saoudien Mohammed Ben Salman qui l\u2019avait d\u00e9tenu deux ans plus t\u00f4t \u00e0 Riyad, et tan\u00e7a alors le premier ministre de n\u2019avoir rien fait, depuis que la communaut\u00e9 internationale s\u2019\u00e9tait engag\u00e9e, seize mois plus t\u00f4t, \u00e0 offrir 11 milliards de dollars \u00e0 son pays, en \u00e9change de r\u00e9formes. \u00ab<em>Ils n\u2019ont m\u00eame pas \u00e9t\u00e9 fichus d\u2019\u00e9tablir un site internet<\/em>\u00bb, fustige un autre diplomate, au c\u0153ur du dossier de financement de 280 projets au profit du Liban.<\/p>\n<h2 class=\"css-1trbs3s e197bajz0\">Pr\u00e9dation<\/h2>\n<p class=\"css-s6jpj4 ekabp3u0\">\u00c9c\u0153ur\u00e9 par la pr\u00e9dation \u00e0 laquelle les parrains du syst\u00e8me ont \u00e0 l\u2019\u00e9poque voulu se livrer, un autre expert t\u00e9moigne, anonymement: \u00ab<em>Ces 11 milliards promis au Liban ont fait l\u2019objet d\u2019un partage entre les partis politiques et les structures qui devaient en b\u00e9n\u00e9ficier. Des projets devaient aller \u00e0 Amal, le parti chiite de Nabih Berri, d\u2019autres au Courant du futur de Saad Hariri et d\u2019autres enfin au CPL de Gebran Bassil. Ils se disaient: il y a onze milliards \u00e0 la cl\u00e9, on peut esp\u00e9rer en r\u00e9cup\u00e9rer 20 % en surfacturant d\u2019autant, et ces 20 % iront dans notre poche. Deux milliards que les trois grands partis devaient r\u00e9cup\u00e9rer, donc 700 millions chacun<\/em>.\u00bb Et dans les n\u00e9gociations face aux Fran\u00e7ais, l\u2019homme de Saad Hariri ne se g\u00eanait absolument pas pour r\u00e9clamer cette commission de 20 %.<em>\u00a0\u00abHeureusement<\/em>, se r\u00e9jouit le t\u00e9moin de ces manigances,\u00a0<em>la communaut\u00e9 internationale n\u2019a pas march\u00e9 dans la combine.\u00bb<\/em><\/p>\n<p class=\"css-s6jpj4 ekabp3u0\">Emmanuel Macron n\u2019ignore rien de ces turpitudes. Fini l\u2019\u00e8re des ch\u00e8ques en blanc, initi\u00e9e du temps de Jacques Chirac, grand ami du Liban et de Rafic Hariri. Mais le chef de l\u2019\u00c9tat parviendra-t-il \u00e0 imposer ses vues aux dinosaures libanais? \u00ab<em>Les partis ont toujours bloqu\u00e9. Mais avec la menace de leur taper sur les doigts, \u00e7a pourrait marcher cette fois<\/em>\u00bb, veut croire Alain Bifani.<\/p>\n<p class=\"css-s6jpj4 ekabp3u0\">\u00ab<em>Ils r\u00eavent tous que Zorro va une nouvelle fois arriver pour les sauver<\/em>, temp\u00e8re un diplomate fran\u00e7ais qui les conna\u00eet tr\u00e8s bien.\u00a0<em>Comme dans le pass\u00e9 avec Jacques Chirac ou les pays du Golfe, ils pensent qu\u2019un g\u00e9n\u00e9reux bienfaiteur va d\u00e9barquer. Maintenant ils misent sur le gaz d\u00e9couvert au large du Liban ou sur la g\u00e9opolitique, en nous r\u00e9p\u00e9tant que le Liban est central au Moyen-Orient et que sinon, tout va s\u2019\u00e9crouler. Mais tout s\u2019est d\u00e9j\u00e0 \u00e9croul\u00e9!<\/em>\u00bb, constate ce diplomate.<\/p>\n<\/div>\n<p><a href=\"https:\/\/www.lefigaro.fr\/international\/macron-revient-au-liban-face-aux-chefs-de-clan-20200830\">LE FIGARO<\/a><\/p>\n","protected":false},"excerpt":{"rendered":"<p>Pour la deuxi\u00e8me fois en un mois, le pr\u00e9sident se rend \u00e0 Beyrouth ce lundi, o\u00f9 il esp\u00e8re arracher \u00abun gouvernement de mission\u00bb pour sauver le pays. &nbsp; Envoy\u00e9 sp\u00e9cial \u00e0 Beyrouth \u00abJe ne vous l\u00e2cherai pas.\u00bb Trois semaines apr\u00e8s avoir fait ce serment de fid\u00e9lit\u00e9 aux Libanais, Emmanuel Macron revient \u00e0 Beyrouth.\u00a0Sa premi\u00e8re visite\u00a0d\u00e9but<\/p>\n","protected":false},"author":34,"featured_media":49422,"comment_status":"open","ping_status":"open","sticky":false,"template":"","format":"standard","meta":{"_uf_show_specific_survey":0,"_uf_disable_surveys":false,"footnotes":""},"categories":[37],"tags":[],"class_list":{"0":"post-49418","1":"post","2":"type-post","3":"status-publish","4":"format-standard","5":"has-post-thumbnail","7":"category-alaune-fr"},"aioseo_notices":[],"_links":{"self":[{"href":"https:\/\/middleeasttransparent.com\/fr\/wp-json\/wp\/v2\/posts\/49418","targetHints":{"allow":["GET"]}}],"collection":[{"href":"https:\/\/middleeasttransparent.com\/fr\/wp-json\/wp\/v2\/posts"}],"about":[{"href":"https:\/\/middleeasttransparent.com\/fr\/wp-json\/wp\/v2\/types\/post"}],"author":[{"embeddable":true,"href":"https:\/\/middleeasttransparent.com\/fr\/wp-json\/wp\/v2\/users\/34"}],"replies":[{"embeddable":true,"href":"https:\/\/middleeasttransparent.com\/fr\/wp-json\/wp\/v2\/comments?post=49418"}],"version-history":[{"count":0,"href":"https:\/\/middleeasttransparent.com\/fr\/wp-json\/wp\/v2\/posts\/49418\/revisions"}],"wp:featuredmedia":[{"embeddable":true,"href":"https:\/\/middleeasttransparent.com\/fr\/wp-json\/wp\/v2\/media\/49422"}],"wp:attachment":[{"href":"https:\/\/middleeasttransparent.com\/fr\/wp-json\/wp\/v2\/media?parent=49418"}],"wp:term":[{"taxonomy":"category","embeddable":true,"href":"https:\/\/middleeasttransparent.com\/fr\/wp-json\/wp\/v2\/categories?post=49418"},{"taxonomy":"post_tag","embeddable":true,"href":"https:\/\/middleeasttransparent.com\/fr\/wp-json\/wp\/v2\/tags?post=49418"}],"curies":[{"name":"wp","href":"https:\/\/api.w.org\/{rel}","templated":true}]}}