{"id":49404,"date":"2020-08-31T19:05:24","date_gmt":"2020-08-31T18:05:24","guid":{"rendered":"https:\/\/middleeasttransparent.com\/?p=49404"},"modified":"2020-08-31T19:14:21","modified_gmt":"2020-08-31T18:14:21","slug":"m-macron-le-liban-vit-une-crise-liee-au-projet-dexpansion-iranienne-et-non-pas-une-crise-constitutionnelle","status":"publish","type":"post","link":"https:\/\/middleeasttransparent.com\/fr\/m-macron-le-liban-vit-une-crise-liee-au-projet-dexpansion-iranienne-et-non-pas-une-crise-constitutionnelle\/","title":{"rendered":"M. Macron, le Liban vit une crise li\u00e9e au projet d&rsquo;expansion iranienne et non pas une crise constitutionnelle"},"content":{"rendered":"<h3>La rencontre\u00a0de\u00a0Saydet\u00a0al-Jabal \u00a0souligne que la crise que traverse le Liban au moment de la celebration de son premier centenaire est la m\u00eame que celle de la perte de souverainet\u00e9 qui dure depuis pr\u00e8s de cinquante ans, laquelle s&rsquo;est aggrav\u00e9e avec les armes du Hezbollah.<\/h3>\n<p>&nbsp;<\/p>\n<div dir=\"auto\">\n<p>Le Liban vit une crise de pr\u00e9sence d\u2019armes ill\u00e9gale li\u00e9e au projet d\u2019expansion iranienne dans la r\u00e9gion, et non une crise constitutionnelle.<\/p>\n<p><strong>Les armes de ce parti ont fait imploser la constitution<\/strong> et emp\u00each\u00e9 son application, tout comme le comportement des anciens chefs de gouvernement qui ont, malheureusement, accept\u00e9 de se soumettre \u00e0 un \u00abConseil Milli\u00bb au lieu de d\u00e9fendre la constitution et l\u2019Accord de Taif.<\/p>\n<p><a href=\"https:\/\/middleeasttransparent.com\/fr\/m-macron-le-liban-vit-une-crise-liee-au-projet-dexpansion-iranienne-et-non-pas-une-crise-constitutionnelle\/drak-2\/\" rel=\"attachment wp-att-49415\"><img fetchpriority=\"high\" decoding=\"async\" class=\"size-full wp-image-49415 aligncenter\" src=\"https:\/\/middleeasttransparent.com\/wp-content\/uploads\/2020\/08\/DRAK-1.png\" alt=\"\" width=\"703\" height=\"364\" \/><\/a><\/p>\n<p>L<strong>a rencontre regrette que le pr\u00e9sident fran\u00e7ais Macron parle de changement de r\u00e9gime tout comme le fait M. Hassan Nasrallah<\/strong>, bien qu\u2019il sache pr\u00e9cis\u00e9ment que le probl\u00e8me est que le Liban est sous occupation iranienne, tout comme Paris \u00e9tait tomb\u00e9 sous l\u2019occupation nazie pendant la seconde guerre mondiale. Ceci impose une approche compl\u00e8tement diff\u00e9rente par rapport \u00e0 la situation.<\/p>\n<p><strong>La rencontre Saydet El Jabal r\u00e9pondra \u00e0 cette tentative de changement de r\u00e9gime un lors d\u2019un s\u00e9minaire auquel participera des personnalit\u00e9s libres lesquels exprimeront l\u2019adh\u00e9sion \u00e0 un Liban libre et ind\u00e9pendant.<\/strong><\/p>\n<\/div>\n","protected":false},"excerpt":{"rendered":"<p>La rencontre\u00a0de\u00a0Saydet\u00a0al-Jabal \u00a0souligne que la crise que traverse le Liban au moment de la celebration de son premier centenaire est la m\u00eame que celle de la perte de souverainet\u00e9 qui dure depuis pr\u00e8s de cinquante ans, laquelle s&rsquo;est aggrav\u00e9e avec les armes du Hezbollah. &nbsp; Le Liban vit une crise de pr\u00e9sence d\u2019armes ill\u00e9gale li\u00e9e<\/p>\n","protected":false},"author":702,"featured_media":49408,"comment_status":"open","ping_status":"open","sticky":false,"template":"","format":"standard","meta":{"_uf_show_specific_survey":0,"_uf_disable_surveys":false,"footnotes":""},"categories":[37],"tags":[],"class_list":{"0":"post-49404","1":"post","2":"type-post","3":"status-publish","4":"format-standard","5":"has-post-thumbnail","7":"category-alaune-fr"},"aioseo_notices":[],"_links":{"self":[{"href":"https:\/\/middleeasttransparent.com\/fr\/wp-json\/wp\/v2\/posts\/49404","targetHints":{"allow":["GET"]}}],"collection":[{"href":"https:\/\/middleeasttransparent.com\/fr\/wp-json\/wp\/v2\/posts"}],"about":[{"href":"https:\/\/middleeasttransparent.com\/fr\/wp-json\/wp\/v2\/types\/post"}],"author":[{"embeddable":true,"href":"https:\/\/middleeasttransparent.com\/fr\/wp-json\/wp\/v2\/users\/702"}],"replies":[{"embeddable":true,"href":"https:\/\/middleeasttransparent.com\/fr\/wp-json\/wp\/v2\/comments?post=49404"}],"version-history":[{"count":0,"href":"https:\/\/middleeasttransparent.com\/fr\/wp-json\/wp\/v2\/posts\/49404\/revisions"}],"wp:featuredmedia":[{"embeddable":true,"href":"https:\/\/middleeasttransparent.com\/fr\/wp-json\/wp\/v2\/media\/49408"}],"wp:attachment":[{"href":"https:\/\/middleeasttransparent.com\/fr\/wp-json\/wp\/v2\/media?parent=49404"}],"wp:term":[{"taxonomy":"category","embeddable":true,"href":"https:\/\/middleeasttransparent.com\/fr\/wp-json\/wp\/v2\/categories?post=49404"},{"taxonomy":"post_tag","embeddable":true,"href":"https:\/\/middleeasttransparent.com\/fr\/wp-json\/wp\/v2\/tags?post=49404"}],"curies":[{"name":"wp","href":"https:\/\/api.w.org\/{rel}","templated":true}]}}