{"id":49255,"date":"2020-08-24T19:58:45","date_gmt":"2020-08-24T18:58:45","guid":{"rendered":"https:\/\/middleeasttransparent.com\/?p=49255"},"modified":"2020-08-24T19:58:45","modified_gmt":"2020-08-24T18:58:45","slug":"cest-lequivalent-dune-destruction-en-turquie-leglise-saint-sauveur-in-chora-reconvertie-en-mosquee","status":"publish","type":"post","link":"https:\/\/middleeasttransparent.com\/fr\/cest-lequivalent-dune-destruction-en-turquie-leglise-saint-sauveur-in-chora-reconvertie-en-mosquee\/","title":{"rendered":"\u00abC&rsquo;est l&rsquo;\u00e9quivalent d&rsquo;une destruction\u00bb\u00a0: en Turquie, l&rsquo;\u00e9glise Saint-Sauveur-in-Chora reconvertie en mosqu\u00e9e"},"content":{"rendered":"<header class=\"css-1abuj4a e8mzd9n1\">\n<h3 class=\"css-135rrsm edox7vr0\"><span style=\"color: #666699;\">Apr\u00e8s la basilique Sainte-Sophie en juillet, c&rsquo;est le deuxi\u00e8me \u00e9difice d&rsquo;Istanbul que le pr\u00e9sident Erdogan reconvertit en lieu de culte musulman cet \u00e9t\u00e9. Il \u00e9tait tr\u00e8s pris\u00e9 des touristes pour ses remarquables fresques et mosa\u00efques byzantines.<\/span><\/h3>\n<p>&nbsp;<\/p>\n<div id=\"blogAuthor\" class=\"css-17xdmhb e1fytymd0\"><span style=\"color: #0000ff;\"><em>Par\u00a0AFP agence\u00a0et\u00a0<a class=\"css-ipllfy esdb6og8\" style=\"color: #0000ff;\" href=\"https:\/\/plus.lefigaro.fr\/page\/uid\/3956541\" rel=\"author\">Maud Cazabet<\/a><\/em><\/span><\/div>\n<\/header>\n<div class=\"css-10460lt ey7xkwt0\" data-component=\"fig-content-body\">\n<p class=\"css-s6jpj4 ekabp3u0\">Recep Tayyip Erdogan poursuit sur sa lanc\u00e9e. En l&rsquo;espace d&rsquo;un mois, voil\u00e0 une deuxi\u00e8me \u00e9glise byzantine reconvertie en mosqu\u00e9e dans la capitale \u00e9conomique du pays. Dans un d\u00e9cret publi\u00e9 vendredi au Journal officiel, le pr\u00e9sident turc ordonne d&rsquo;<em>\u00abouvrir au culte\u00bb<\/em>\u00a0musulman l&rsquo;\u00e9glise Saint-Sauveur-in-Chora, s&rsquo;appuyant sur une d\u00e9cision du Conseil d&rsquo;\u00c9tat rendue en ce sens l&rsquo;an dernier. Une annonce qui intervient quelques semaines apr\u00e8s\u00a0<a class=\"css-15ezjzi esdb6og5\" href=\"https:\/\/www.lefigaro.fr\/international\/turquie-erdogan-prie-a-sainte-sophie-reconvertie-en-mosquee-20200724\" target=\"_blank\" rel=\"noopener noreferrer\" data-fig-id=\"bGVmaWdhcm8uZnJfXzlkYWQwMWMyLWNkNzUtMTFlYS04ZmYwLWEwMzY5ZjkxZjMwNF9fTmV3c0ZsYXNo\" data-fig-type=\"NewsFlash\" data-gtm-custom-categorie=\"navigation\" data-gtm-custom-action=\"crossclick\" data-gtm-custom-label=\"Contextuel\" data-gtm-event=\"customEventSPE\">la reconversion similaire et controvers\u00e9e de l&rsquo;ex-basilique Sainte-Sophie, class\u00e9e au patrimoine mondial de l&rsquo;humanit\u00e9.<\/a><\/p>\n<p class=\"css-s6jpj4 ekabp3u0\">Bien moins connue que Sainte-Sophie, l&rsquo;\u00e9glise de la Chora est tr\u00e8s importante d&rsquo;un point de vue historique et artistique. Construite par les Byzantins au Ve si\u00e8cle, elle a \u00e9t\u00e9 convertie en mosqu\u00e9e apr\u00e8s la prise de Constantinople par les Ottomans en 1453. Outre son histoire mill\u00e9naire rivalisant avec celle de Sainte-Sophie, le monument est surtout connu pour ses magnifiques mosa\u00efques et fresques datant du XIVe si\u00e8cle, dont une immense composition du Jugement dernier. Au lendemain de la Seconde Guerre mondiale, l&rsquo;\u00e9difice a subi une longue restauration men\u00e9e par une \u00e9quipe d&rsquo;historiens de l&rsquo;art am\u00e9ricains et \u00e9t\u00e9 ouvert au public en tant que mus\u00e9e en 1958.<\/p>\n<h2 class=\"css-1trbs3s e197bajz0\">Que vont devenir les fresques\u00a0?<\/h2>\n<figure class=\"css-ojz01a e109d7m50\">\n<div class=\"placeholder-print css-8eax7a e1xprl8r0\">\n<div class=\"css-upe1zs e9ckzge0\"><img class=\"css-1ggccuu ewz1ycu0\" sizes=\"\" srcset=\"https:\/\/i.f1g.fr\/media\/cms\/768x\/2020\/08\/24\/c0f9eef6d87acf0179a065f7d499627e704546085985e1fe520db467ce7f344a.jpeg\" alt=\"La religion musulmane interdit les repr\u00e9sentations figuratives, or les murs et plafonds de l'\u00e9difice byzantin en sont couverts.\" \/><\/div>\n<\/div><figcaption class=\"css-1midx83 emwtels0\"><em><em>La religion musulmane interdit les repr\u00e9sentations figuratives, or les murs et plafonds de l&rsquo;\u00e9difice byzantin en sont couverts.\u00a0<span class=\"css-ctenq2 emwtels1\">BULENT KILIC \/ AFP<\/span><\/em><\/em>&nbsp;<\/p>\n<\/figcaption><\/figure>\n<p class=\"css-s6jpj4 ekabp3u0\">Les fresques et mosa\u00efques de l&rsquo;\u00e9glise de la Chora font partie des joyaux de l&rsquo;art byzantin les mieux conserv\u00e9s au monde. L&rsquo;annonce de la reconversion en mosqu\u00e9e a suscit\u00e9 des craintes pour leur survie, l&rsquo;islam interdisant les repr\u00e9sentations figuratives.\u00a0<em>\u00abOn dit que certaines mosa\u00efques vont \u00eatre recouvertes parce qu&rsquo;elles ne sont pas islamiques. Cela pourrait poser probl\u00e8me aux gens qui aiment ce genre de choses et qui, par cons\u00e9quent, ne viendront plus ici\u00bb<\/em>, souligne \u00e0 l&rsquo;AFP Anna Naumova, une touriste russe \u00e2g\u00e9e de 25 ans. En effet, sur les murs et les d\u00f4mes du monument sont d\u00e9clin\u00e9s plusieurs th\u00e8mes bibliques comme la Dormition de la Vierge ou la R\u00e9surrection.<\/p>\n<p class=\"css-s6jpj4 ekabp3u0\">Plusieurs pistes pourraient \u00eatre envisag\u00e9es\u00a0: les cacher avec des rideaux et des jeux de lumi\u00e8re pendant que les musulmans prient, comme c&rsquo;est actuellement le cas \u00e0 Sainte-Sophie. Ou, de mani\u00e8re plus radicale, les recouvrir de chaux, pour les masquer sans les d\u00e9truire.\u00a0<a class=\"css-15ezjzi esdb6og5\" href=\"https:\/\/www.lefigaro.fr\/vox\/monde\/l-obliteration-des-fresques-de-sainte-sophie-sans-les-alterer-parait-impossible-20200724\" target=\"_blank\" rel=\"noopener noreferrer\" data-fig-id=\"bGVmaWdhcm8uZnJfX2Q2MzVhZWYyLWNjZmQtMTFlYS1hZGViLTJjNTEyYmY3ZGJhYl9fQXJ0aWNsZQ==\" data-fig-type=\"Article\" data-gtm-custom-categorie=\"navigation\" data-gtm-custom-action=\"crossclick\" data-gtm-custom-label=\"Contextuel\" data-gtm-event=\"customEventSPE\">L&rsquo;historien Fabrice Monnier, rappelait au<em>\u00a0Figaro<\/em>\u00a0il y a quelques semaines que la Turquie compte plusieurs exemples de fresques chr\u00e9tiennes dissimul\u00e9es de fa\u00e7on diff\u00e9rente au cours de l&rsquo;histoire.\u00a0<\/a>Rien n&rsquo;a \u00e9t\u00e9 annonc\u00e9 sur ce point et l&rsquo;incertitude r\u00e8gne. Pour Zeynep Turkyilmaz, historienne et sp\u00e9cialiste de l&rsquo;Empire ottoman, il sera impossible de les dissimuler temporairement lors des heures de pri\u00e8re comme \u00e0 Sainte-Sophie, car elles d\u00e9corent l&rsquo;ensemble de l&rsquo;\u00e9difice.\u00a0<em>\u00abC&rsquo;est l&rsquo;\u00e9quivalent d&rsquo;une destruction, car il est impossible de transformer cette architecture int\u00e9rieure en la pr\u00e9servant\u00bb<\/em>, s&rsquo;alarme-t-elle.<\/p>\n<h2 class=\"css-1trbs3s e197bajz0\"><em>\u00abEffacer les traces de la civilisation grecque\u00bb<\/em><\/h2>\n<p class=\"css-s6jpj4 ekabp3u0\">Pour nombre d&rsquo;observateurs, les r\u00e9centes reconversions d&rsquo;anciennes \u00e9glises byzantines visent \u00e0 galvaniser la base \u00e9lectorale conservatrice et nationaliste du pr\u00e9sident Erdogan, dans un contexte de difficult\u00e9s \u00e9conomiques aggrav\u00e9es par la pand\u00e9mie. Les tensions avec la Gr\u00e8ce y jouent aussi un r\u00f4le, selon Mme Turkyilmaz.\u00a0<em>\u00abIl y a une volont\u00e9 d&rsquo;effacer les traces de la civilisation grecque et chr\u00e9tienne\u00bb<\/em>, estime l&rsquo;historienne.\u00a0<em>\u00abEn mettant la main sur un lieu appartenant \u00e0 la civilisation grecque, on rappelle aussi \u00e0 la Gr\u00e8ce sa place d&rsquo;ancien membre de l&#8217;empire que les Turcs dominaient\u00bb<\/em>. La Gr\u00e8ce a d&rsquo;ailleurs vivement d\u00e9nonc\u00e9 vendredi la reconversion de l&rsquo;\u00e9glise de la Chora, y voyant\u00a0<em>\u00abune autre provocation envers les croyants et la communaut\u00e9 internationale\u00bb<\/em>.\u00a0<em>\u00abUn autre symbole de l&rsquo;histoire multiculturelle de notre pays a \u00e9t\u00e9 sacrifi\u00e9\u00bb<\/em>, a critiqu\u00e9 Garo Paylan, d\u00e9put\u00e9 d&rsquo;opposition du Parti d\u00e9mocratique des peuples (HDP, prokurde).<\/p>\n<p class=\"css-s6jpj4 ekabp3u0\">Selon une journaliste de l&rsquo;AFP qui a visit\u00e9 le site juste apr\u00e8s la publication vendredi du d\u00e9cret de M. Erdogan, l&rsquo;\u00e9difice \u00e9tait toujours ouvert aux visiteurs, contrairement \u00e0 Sainte-Sophie qui avait imm\u00e9diatement \u00e9t\u00e9 ferm\u00e9e avec l&rsquo;annonce de sa reconversion.<\/p>\n<p><a href=\"https:\/\/www.lefigaro.fr\/culture\/c-est-l-equivalent-d-une-destruction-en-turquie-l-eglise-saint-sauveur-in-chora-reconvertit-en-mosquee-20200824\">LE FIGARO<\/a><\/p>\n<\/div>\n","protected":false},"excerpt":{"rendered":"<p>Apr\u00e8s la basilique Sainte-Sophie en juillet, c&rsquo;est le deuxi\u00e8me \u00e9difice d&rsquo;Istanbul que le pr\u00e9sident Erdogan reconvertit en lieu de culte musulman cet \u00e9t\u00e9. Il \u00e9tait tr\u00e8s pris\u00e9 des touristes pour ses remarquables fresques et mosa\u00efques byzantines. &nbsp; Par\u00a0AFP agence\u00a0et\u00a0Maud Cazabet Recep Tayyip Erdogan poursuit sur sa lanc\u00e9e. En l&rsquo;espace d&rsquo;un mois, voil\u00e0 une deuxi\u00e8me \u00e9glise<\/p>\n","protected":false},"author":152,"featured_media":49259,"comment_status":"open","ping_status":"open","sticky":false,"template":"","format":"standard","meta":{"_uf_show_specific_survey":0,"_uf_disable_surveys":false,"footnotes":""},"categories":[37],"tags":[],"class_list":{"0":"post-49255","1":"post","2":"type-post","3":"status-publish","4":"format-standard","5":"has-post-thumbnail","7":"category-alaune-fr"},"aioseo_notices":[],"_links":{"self":[{"href":"https:\/\/middleeasttransparent.com\/fr\/wp-json\/wp\/v2\/posts\/49255","targetHints":{"allow":["GET"]}}],"collection":[{"href":"https:\/\/middleeasttransparent.com\/fr\/wp-json\/wp\/v2\/posts"}],"about":[{"href":"https:\/\/middleeasttransparent.com\/fr\/wp-json\/wp\/v2\/types\/post"}],"author":[{"embeddable":true,"href":"https:\/\/middleeasttransparent.com\/fr\/wp-json\/wp\/v2\/users\/152"}],"replies":[{"embeddable":true,"href":"https:\/\/middleeasttransparent.com\/fr\/wp-json\/wp\/v2\/comments?post=49255"}],"version-history":[{"count":0,"href":"https:\/\/middleeasttransparent.com\/fr\/wp-json\/wp\/v2\/posts\/49255\/revisions"}],"wp:featuredmedia":[{"embeddable":true,"href":"https:\/\/middleeasttransparent.com\/fr\/wp-json\/wp\/v2\/media\/49259"}],"wp:attachment":[{"href":"https:\/\/middleeasttransparent.com\/fr\/wp-json\/wp\/v2\/media?parent=49255"}],"wp:term":[{"taxonomy":"category","embeddable":true,"href":"https:\/\/middleeasttransparent.com\/fr\/wp-json\/wp\/v2\/categories?post=49255"},{"taxonomy":"post_tag","embeddable":true,"href":"https:\/\/middleeasttransparent.com\/fr\/wp-json\/wp\/v2\/tags?post=49255"}],"curies":[{"name":"wp","href":"https:\/\/api.w.org\/{rel}","templated":true}]}}