{"id":49013,"date":"2020-08-15T20:15:58","date_gmt":"2020-08-15T19:15:58","guid":{"rendered":"https:\/\/middleeasttransparent.com\/?p=49013"},"modified":"2020-08-15T20:15:58","modified_gmt":"2020-08-15T19:15:58","slug":"la-communaute-maronite-du-liban-ebranlee-par-le-drame","status":"publish","type":"post","link":"https:\/\/middleeasttransparent.com\/fr\/la-communaute-maronite-du-liban-ebranlee-par-le-drame\/","title":{"rendered":"La communaut\u00e9 maronite du Liban \u00e9branl\u00e9e par le drame"},"content":{"rendered":"<article id=\"fig-article\" class=\"css-79elbk e8mzd9n0\">\n<header class=\"css-1abuj4a e8mzd9n1\"><em>Des chr\u00e9tiens maronites libanais sont rassembl\u00e9s dimanche, sur les hauts plateaux de Qurnat al-Sawda (altitude\u200e: \u200e3 088 m), pour c\u00e9l\u00e9brer une messe d\u2019hommage aux victimes de l\u2019explosion qui a d\u00e9vast\u00e9 Beyrouth. <span class=\"css-ctenq2 emwtels1\">Aram Abdo.<\/span><\/em><\/header>\n<h2 style=\"text-align: center;\">*<\/h2>\n<p>&nbsp;<\/p>\n<header class=\"css-1abuj4a e8mzd9n1\">\n<h2><\/h2>\n<h2 class=\"css-135rrsm edox7vr0\"><span style=\"color: #666699;\">L\u2019explosion ayant d\u00e9vast\u00e9 les rues de Beyrouth il y a plus d\u2019une semaine a touch\u00e9 des quartiers majoritairement chr\u00e9tiens.<\/span><\/h2>\n<\/header>\n<figure class=\"css-ojz01a e109d7m50\">\n<div class=\"placeholder-print css-b81xd7 e1xprl8r0\"><\/div><figcaption class=\"css-1midx83 emwtels0\"><\/figcaption><\/figure>\n<div class=\"css-10460lt ey7xkwt0\" data-component=\"fig-content-body\">\n<p class=\"css-s6jpj4 ekabp3u0\"><span style=\"color: #0000ff;\"><em>Bcharr\u00e9<\/em><\/span><\/p>\n<p class=\"css-s6jpj4 ekabp3u0\">La sc\u00e8ne \u00e9tait presque biblique. Sur le plus haut sommet du Moyen-Orient, une cinquantaine de chr\u00e9tiens issus de la communaut\u00e9 maronite libanaise ont pri\u00e9 dimanche pour les 171 morts dans l\u2019explosion qui a d\u00e9vast\u00e9 Beyrouth, le 4 ao\u00fbt dernier. Depuis plus de mille ans, les habitants de Bcharr\u00e9, bastion historique des maronites dans le nord du Liban, se r\u00e9unissent d\u00e9but ao\u00fbt pour f\u00eater la transfiguration de J\u00e9sus au cours d\u2019une messe en plein air sur les hauts plateaux de Qurnat al-Sawda, \u00e0 plus de 3 000 m\u00e8tres d\u2019altitude.<\/p>\n<p class=\"css-s6jpj4 ekabp3u0\">Cette ann\u00e9e, le pr\u00eatre Hani Tawk a d\u00e9di\u00e9 la messe \u00e0<em>\u00a0\u00abtous les innocents qui sont tomb\u00e9s, victimes de ceux qui n\u2019ont aucun respect pour la vie humaine\u00bb<\/em>. Debout devant une simple croix construite avec trois planches de bois, le pr\u00eatre a appel\u00e9 ses fid\u00e8les, assis sur le sol encore tapiss\u00e9 de neige, \u00e0 l\u2019unit\u00e9 face au d\u00e9sastre.<\/p>\n<div class=\"hide-print css-1v9n76q e110xajs0\"><span class=\"css-vkk3j1 e110xajs1\">\u00c0 LIRE AUSSI\u00a0:\u00a0<\/span><a class=\"css-1dtv9cv esdb6og6\" href=\"https:\/\/www.lefigaro.fr\/vox\/monde\/joseph-yacoub-les-communautes-chretiennes-du-liban-parmi-les-plus-anciennes-du-monde-20200813\" data-fig-id=\"bGVmaWdhcm8uZnJfXzVhZTFkMzI4LWRkODUtMTFlYS1hOWIxLTQzOTcxZGZlZTdmY19fQXJ0aWNsZQ==\" data-fig-type=\"Article\" data-gtm-custom-categorie=\"navigation\" data-gtm-custom-action=\"crossclick\" data-gtm-custom-label=\"Contextuel\" data-gtm-event=\"customEventSPE\" data-fig-domain=\"LEFIGARO\"><b>Joseph Yacoub: \u00abLes communaut\u00e9s chr\u00e9tiennes du Liban parmi les plus anciennes du monde\u00bb<\/b><\/a><\/div>\n<p class=\"css-s6jpj4 ekabp3u0\">L\u2019unit\u00e9. Dans le petit pays aux 18 communaut\u00e9s religieuses, o\u00f9 le pouvoir est divis\u00e9 suivant des lignes confessionnelles, le concept n\u2019est pas toujours facile \u00e0 appliquer. Par hasard, l\u2019explosion du 4 ao\u00fbt a surtout touch\u00e9 des quartiers chr\u00e9tiens. Les silos \u00e0 grain g\u00e9ants du port ont prot\u00e9g\u00e9 les quartiers musulmans situ\u00e9s en face. Le d\u00e9bat s\u2019est rapidement envenim\u00e9. Quelques jours apr\u00e8s l\u2019explosion, l\u2019homme politique chr\u00e9tien Nadim Gemayel confiait \u00e0 une cha\u00eene de t\u00e9l\u00e9vision r\u00e9gionale que<em>\u00a0\u00abla douleur est d\u2019abord chr\u00e9tienne, puis beyrouthine, puis libanaise\u00bb<\/em>. Ses propos ont suscit\u00e9 la col\u00e8re.<em>\u00a0\u00abMais dans quel monde vivent-ils, quelle est cette logique! a tweet\u00e9 l\u2019activiste Adham Hassanieh, tr\u00e8s critique du gouvernement. Ils nous divisent pour nous tuer!\u00bb\u00ab Le pr\u00e9sentateur m\u2019avait demand\u00e9 pourquoi seulement les d\u00e9put\u00e9s chr\u00e9tiens ont d\u00e9missionn\u00e9\u00bb<\/em>, se d\u00e9fend Nadim Gemayel au t\u00e9l\u00e9phone.<\/p>\n<p class=\"css-s6jpj4 ekabp3u0\">Sept d\u00e9put\u00e9s chr\u00e9tiens et un druze ont pr\u00e9sent\u00e9 leur d\u00e9mission.<em>\u00a0\u00abAujourd\u2019hui, il n\u2019y a pas de r\u00e9gion \u00e9pargn\u00e9e par la douleur\u00bb<\/em>, conclut-il. <strong>Le pr\u00e9sident Michel Aoun ne s\u2019est pas risqu\u00e9 \u00e0 une visite de terrain et a rejet\u00e9 toute responsabilit\u00e9 dans l\u2019explosion. Un autre dirigeant chr\u00e9tien, Samir Geagea, a \u00e9t\u00e9 accueilli aux cris de<em>\u00a0\u00abcriminel\u00bb<\/em><\/strong> dans un des quartiers d\u00e9vast\u00e9s par le drame.<\/p>\n<p class=\"css-s6jpj4 ekabp3u0\">Les Libanais manifestent depuis presque un an pour r\u00e9clamer, entre autres, la fin du syst\u00e8me confessionnel de partage de pouvoir, point\u00e9 du doigt pour son r\u00f4le dans la corruption qui gangr\u00e8ne l\u2019\u00c9tat en faillite. Caus\u00e9e, semble-t-il, par le stockage de 2 750 tonnes de nitrate d\u2019ammonium sans mesures de s\u00e9curit\u00e9 ad\u00e9quates, l\u2019explosion du 4 ao\u00fbt est \u00e9rig\u00e9e comme un \u00e9ni\u00e8me exemple de la gabegie des dirigeants libanais.<\/p>\n<div class=\"hide-print css-hgrcdz e110xajs0\"><span class=\"css-vkk3j1 e110xajs1\">LIRE LE DOSSIER\u00a0:\u00a0<\/span><a class=\"css-1dtv9cv esdb6og6\" href=\"https:\/\/www.lefigaro.fr\/international\/dossier\/liban-explosions-4-aout-nitrate-d-ammonium-port-beyrouth\" data-fig-id=\"bGVmaWdhcm8uZnJfX1RITS05ZDEwZTVkMi1kYWY0LTExZWEtOGZmMC1hMDM2OWY5MWYzMDRfX1RvcGlj\" data-fig-type=\"Topic\" data-gtm-custom-categorie=\"navigation\" data-gtm-custom-action=\"crossclick\" data-gtm-custom-label=\"Contextuel\" data-gtm-event=\"customEventSPE\" data-fig-domain=\"LEFIGARO\"><b>Notre dossier: explosions dans le port de Beyrouth, un drame national au Liban<\/b><\/a><\/div>\n<p class=\"css-s6jpj4 ekabp3u0\">Le p\u00e8re Hani Tawk, qui c\u00e9l\u00e8bre la messe de la transfiguration de J\u00e9sus \u00e0 Qurnat al-Sawda depuis quatorze ans, a manifest\u00e9 dans les rues de Beyrouth le week-end dernier. Apr\u00e8s avoir distribu\u00e9 des centaines de d\u00e9jeuners gratuits samedi dans le quartier de Gemmayz\u00e9 pr\u00e8s du port, il a \u00e9t\u00e9 touch\u00e9, comme des milliers d\u2019autres, par du gaz lacrymog\u00e8ne tir\u00e9 par la police anti-\u00e9meute.<em>\u00a0\u00ab<strong>Le pr\u00eatre maronite a l\u2019odeur de son peuple. S\u2019ils sont bergers, il sera berger. S\u2019ils sont agriculteurs, il sera agriculteur. S\u2019ils veulent se battre, il sera soldat avec eux<\/strong>\u00bb<\/em>, confie-t-il, au volant d\u2019un 4\u00d74 sur les rudes chemins montagneux.<em>\u00a0\u00ab<strong>Il y a des musulmans, des sunnites, des chiites, des druzes qui sont d\u00e9c\u00e9d\u00e9s, et nous allons prier pour eux aussi<\/strong>.\u00bb<\/em><\/p>\n<h2 class=\"css-1trbs3s e197bajz0\">La col\u00e8re des habitants<\/h2>\n<p class=\"css-s6jpj4 ekabp3u0\">Des op\u00e9rations de solidarit\u00e9 ont commenc\u00e9 tout de suite apr\u00e8s l\u2019explosion. Des familles sinistr\u00e9es ont \u00e9t\u00e9 mises \u00e0 l\u2019abri dans des \u00e9glises. Elles ont aussi re\u00e7u de la nourriture et des m\u00e9dicaments gratuits. L\u2019\u00e9glise soutient \u00e9galement les h\u00f4pitaux d\u00e9truits dans les quartiers proches du port de Beyrouth.<em>\u00a0\u00abToutes les organisations de jeunes, de scouts, de groupes missionnaires sont sur le site pour nettoyer et r\u00e9parer les d\u00e9g\u00e2ts\u00bb<\/em>, raconte Mgr Joseph Nafaa.<em>\u00a0\u00ab Effectivement, les quartiers les plus touch\u00e9s sont chr\u00e9tiens, mais il ne faut pas oublier que des maisons musulmanes ont \u00e9t\u00e9 d\u00e9truites\u00bb<\/em>, souligne-t-il. Les vitres de l\u2019imposante mosqu\u00e9e al-Amine du centre-ville ont aussi \u00e9t\u00e9 souffl\u00e9es par l\u2019explosion.<\/p>\n<div class=\"hide-print css-1v9n76q e110xajs0\"><span class=\"css-vkk3j1 e110xajs1\">\u00c0 LIRE AUSSI\u00a0:\u00a0<\/span><a class=\"css-1dtv9cv esdb6og6\" href=\"https:\/\/www.lefigaro.fr\/international\/liban-l-entraide-beyrouthine-s-organise-autour-des-sinistres-20200806\" data-fig-id=\"bGVmaWdhcm8uZnJfXzM0YzViZmM4LWQ4MDQtMTFlYS05YTM5LWJlMWY3MzI2MTdhMV9fQXJ0aWNsZQ==\" data-fig-type=\"Article\" data-gtm-custom-categorie=\"navigation\" data-gtm-custom-action=\"crossclick\" data-gtm-custom-label=\"Contextuel\" data-gtm-event=\"customEventSPE\" data-fig-domain=\"LEFIGARO\"><b>Liban: l\u2019entraide beyrouthine s\u2019organise autour des sinistr\u00e9s<\/b><\/a><\/div>\n<p class=\"css-s6jpj4 ekabp3u0\">Mardi, les cloches des \u00e9glises et les appels \u00e0 la pri\u00e8re des muezzins ont retenti ensemble dans la capitale en deuil pour marquer la minute de l\u2019explosion, une semaine apr\u00e8s. Pour l\u2019Assomption, le 15 ao\u00fbt, une c\u00e9l\u00e9bration est pr\u00e9vue dans l\u2019ancien patriarcat de Qannoubine, dans la vall\u00e9e sainte de la Qadisha. Le patriarche Bechara Boutros Rahi sera pr\u00e9sent. L\u2019ann\u00e9e derni\u00e8re, des centaines de personnes s\u2019\u00e9taient d\u00e9plac\u00e9es, ainsi que des d\u00e9put\u00e9s locaux.<em>\u00a0\u00abMais cette ann\u00e9e, avec l\u2019enfer que l\u2019on vit, je ne sais pas combien de personnes auront envie de prendre le bus pour aller prier \u00e0 Qannoubine\u00bb<\/em>, explique le p\u00e8re Hani Tawk.<\/p>\n<p class=\"css-s6jpj4 ekabp3u0\"><strong>\u00c0 Bcharr\u00e9, la col\u00e8re des habitants contre leurs dirigeants \u00e9tait palpable<\/strong>. R\u00e9unie pour un d\u00e9jeuner apr\u00e8s la messe de dimanche, la famille Tawk les vilipendait tous, <strong>du pr\u00e9sident chr\u00e9tien<\/strong>, au pr\u00e9sident du Parlement chiite, au premier ministre sunnite. Mais certaines craintes, anciennes, persistent.<em>\u00a0\u00abLe partage du pouvoir est n\u00e9cessaire, sinon nous tombons dans un syst\u00e8me totalitaire\u00bb<\/em>, argumente le p\u00e8re Tawk.<em>\u00a0\u00abSans partage, nous finirons comme les Kurdes en Syrie ou les minorit\u00e9s [religieuses pers\u00e9cut\u00e9es, NDLR]en Iran, en Irak, au Y\u00e9men, et en \u00c9gypte\u00bb<\/em>.<\/p>\n<p><a href=\"https:\/\/www.lefigaro.fr\/international\/la-communaute-maronite-du-liban-ebranlee-par-le-drame-20200813\">LE FIGARO<\/a><\/p>\n<\/div>\n<\/article>\n","protected":false},"excerpt":{"rendered":"<p>Des chr\u00e9tiens maronites libanais sont rassembl\u00e9s dimanche, sur les hauts plateaux de Qurnat al-Sawda (altitude\u200e: \u200e3 088 m), pour c\u00e9l\u00e9brer une messe d\u2019hommage aux victimes de l\u2019explosion qui a d\u00e9vast\u00e9 Beyrouth. Aram Abdo. * &nbsp; L\u2019explosion ayant d\u00e9vast\u00e9 les rues de Beyrouth il y a plus d\u2019une semaine a touch\u00e9 des quartiers majoritairement chr\u00e9tiens. Bcharr\u00e9<\/p>\n","protected":false},"author":692,"featured_media":49018,"comment_status":"open","ping_status":"open","sticky":false,"template":"","format":"standard","meta":{"_uf_show_specific_survey":0,"_uf_disable_surveys":false,"footnotes":""},"categories":[37],"tags":[],"class_list":{"0":"post-49013","1":"post","2":"type-post","3":"status-publish","4":"format-standard","5":"has-post-thumbnail","7":"category-alaune-fr"},"aioseo_notices":[],"_links":{"self":[{"href":"https:\/\/middleeasttransparent.com\/fr\/wp-json\/wp\/v2\/posts\/49013","targetHints":{"allow":["GET"]}}],"collection":[{"href":"https:\/\/middleeasttransparent.com\/fr\/wp-json\/wp\/v2\/posts"}],"about":[{"href":"https:\/\/middleeasttransparent.com\/fr\/wp-json\/wp\/v2\/types\/post"}],"author":[{"embeddable":true,"href":"https:\/\/middleeasttransparent.com\/fr\/wp-json\/wp\/v2\/users\/692"}],"replies":[{"embeddable":true,"href":"https:\/\/middleeasttransparent.com\/fr\/wp-json\/wp\/v2\/comments?post=49013"}],"version-history":[{"count":0,"href":"https:\/\/middleeasttransparent.com\/fr\/wp-json\/wp\/v2\/posts\/49013\/revisions"}],"wp:featuredmedia":[{"embeddable":true,"href":"https:\/\/middleeasttransparent.com\/fr\/wp-json\/wp\/v2\/media\/49018"}],"wp:attachment":[{"href":"https:\/\/middleeasttransparent.com\/fr\/wp-json\/wp\/v2\/media?parent=49013"}],"wp:term":[{"taxonomy":"category","embeddable":true,"href":"https:\/\/middleeasttransparent.com\/fr\/wp-json\/wp\/v2\/categories?post=49013"},{"taxonomy":"post_tag","embeddable":true,"href":"https:\/\/middleeasttransparent.com\/fr\/wp-json\/wp\/v2\/tags?post=49013"}],"curies":[{"name":"wp","href":"https:\/\/api.w.org\/{rel}","templated":true}]}}