{"id":48945,"date":"2020-08-12T21:17:09","date_gmt":"2020-08-12T20:17:09","guid":{"rendered":"https:\/\/middleeasttransparent.com\/?p=48945"},"modified":"2020-08-12T21:17:09","modified_gmt":"2020-08-12T20:17:09","slug":"florence-parly-attendue-jeudi-au-liban","status":"publish","type":"post","link":"https:\/\/middleeasttransparent.com\/fr\/florence-parly-attendue-jeudi-au-liban\/","title":{"rendered":"Florence Parly attendue jeudi au Liban"},"content":{"rendered":"<header class=\"css-1abuj4a e8mzd9n1\">\n<h3 class=\"css-135rrsm edox7vr0\"><span style=\"color: #0000ff;\"><strong>Le porte-h\u00e9licopt\u00e8res Tonnerre, avec \u00e0 son bord une centaine de tonnes d\u2019aide et 750 hommes, doit arriver \u00e0 Beyrouth le m\u00eame jour que la ministre des Arm\u00e9es.<\/strong><\/span><\/h3>\n<p>&nbsp;<\/p>\n<\/header>\n<div class=\"css-pqa0o8 e590w5o1\"><\/div>\n<div><\/div>\n<figure class=\"css-ojz01a e109d7m50\">\n<div class=\"placeholder-print css-b81xd7 e1xprl8r0\"><\/div><figcaption class=\"css-1midx83 emwtels0\"><\/figcaption><\/figure>\n<div class=\"css-10460lt ey7xkwt0\" data-component=\"fig-content-body\">\n<p class=\"css-s6jpj4 ekabp3u0\"><strong>La ministre des Arm\u00e9es Florence Parly se rendra jeudi et vendredi au Liban. Cette visite, qui suit celle d\u2019Emmanuel Macron, a pour objet de \u00abr\u00e9affirmer l\u2019amiti\u00e9 de la France pour le Liban\u00bb, selon son cabinet, alors que le pays vit dans un \u00abcontexte particuli\u00e8rement troubl\u00e9\u00bb par l\u2019immense explosion qui a ravag\u00e9 Beyrouth le 4 ao\u00fbt.<\/strong><\/p>\n<p class=\"css-s6jpj4 ekabp3u0\">Le choix de la date du voyage de la ministre ne doit rien au hasard. Il correspond avec celui de l\u2019arriv\u00e9e attendue du porte-h\u00e9licopt\u00e8res amphibie (PHA) Tonnerre, dont l\u2019envoi au Liban avait \u00e9t\u00e9 annonc\u00e9 par le pr\u00e9sident de la R\u00e9publique. Le b\u00e2timent a \u00e0 son bord une centaine de tonnes d\u2019aide, notamment de la farine, du verre et du ciment offerts par des entreprises fran\u00e7aises ainsi que 75.000 rations de combat. Il a aussi et surtout des bras.<\/p>\n<p class=\"css-s6jpj4 ekabp3u0\">Outre les 250 membres d\u2019\u00e9quipage, <strong>le navire d\u00e9barquera 500 hommes de l\u2019arm\u00e9e de terre, des sp\u00e9cialistes de la reconstruction du g\u00e9nie<\/strong>. Des engins lourds les rejoindront dans les jours suivants dans le Calao, un roulier attendu samedi, afin d\u2019aider au d\u00e9blaiement du port. \u00abUne op\u00e9ration qui s\u2019annonce compliqu\u00e9e et longue\u00bb, dit-on au minist\u00e8re, qui ne donne d\u2019ailleurs pas de date de fin pour cette mission.<\/p>\n<h2 class=\"css-1trbs3s e197bajz0\">Une attention particuli\u00e8re port\u00e9e \u00e0 l\u2019aide<\/h2>\n<p class=\"css-s6jpj4 ekabp3u0\">Ils pourront aussi venir en appui des Forces arm\u00e9es libanaises (FAL) en \u00abfonction de l\u2019urgence imm\u00e9diate\u00bb. Les FAL ont \u00e9t\u00e9 charg\u00e9es par le gouvernement de coordonner l\u2019ensemble de l\u2019aide internationale. Paris assure qu\u2019une attention particuli\u00e8re sera port\u00e9e pour que l\u2019aide \u00abarrive bien aux Libanais\u00bb. \u00abLa vigilance exig\u00e9e par le pr\u00e9sident est toujours \u00e0 l\u2019ordre du jour\u00bb, souligne-t-on.<\/p>\n<p class=\"css-s6jpj4 ekabp3u0\"><strong>Depuis plusieurs jours, une \u00e9quipe de plongeurs militaires est \u00e0 Beyrouth afin d\u2019inspecter les fonds du port et de v\u00e9rifier si le Tonnerre, un b\u00e2timent imposant avec ses 200 m\u00e8tres de long, peut arriver \u00e0 quai<\/strong>. \u00abIl faut sonder les fonds pour voir s\u2019il n\u2019y a pas de morceaux de b\u00e9tons ou des \u00e9paves. Il faut aussi v\u00e9rifier si l\u2019explosion n\u2019a pas entra\u00een\u00e9 des mouvements de terrains qui auraient chang\u00e9 la configuration des fonds\u00bb, explique un officier.<\/p>\n<p class=\"css-s6jpj4 ekabp3u0\">Florence Parly doit \u00e9galement visiter la ville sinistr\u00e9e et rencontrer le pr\u00e9sident libanais Michel Aoun ainsi que son homologue Zeina Akar, pour \u00e9voquer \u00ables coop\u00e9rations futures\u00bb.<\/p>\n<\/div>\n<p><a href=\"https:\/\/www.lefigaro.fr\/international\/florence-parly-attendue-jeudi-au-liban-20200812\">LE FIGARO<\/a><\/p>\n","protected":false},"excerpt":{"rendered":"<p>Le porte-h\u00e9licopt\u00e8res Tonnerre, avec \u00e0 son bord une centaine de tonnes d\u2019aide et 750 hommes, doit arriver \u00e0 Beyrouth le m\u00eame jour que la ministre des Arm\u00e9es. &nbsp; La ministre des Arm\u00e9es Florence Parly se rendra jeudi et vendredi au Liban. Cette visite, qui suit celle d\u2019Emmanuel Macron, a pour objet de \u00abr\u00e9affirmer l\u2019amiti\u00e9 de<\/p>\n","protected":false},"author":698,"featured_media":48947,"comment_status":"open","ping_status":"open","sticky":false,"template":"","format":"standard","meta":{"_uf_show_specific_survey":0,"_uf_disable_surveys":false,"footnotes":""},"categories":[37],"tags":[],"class_list":{"0":"post-48945","1":"post","2":"type-post","3":"status-publish","4":"format-standard","5":"has-post-thumbnail","7":"category-alaune-fr"},"aioseo_notices":[],"_links":{"self":[{"href":"https:\/\/middleeasttransparent.com\/fr\/wp-json\/wp\/v2\/posts\/48945","targetHints":{"allow":["GET"]}}],"collection":[{"href":"https:\/\/middleeasttransparent.com\/fr\/wp-json\/wp\/v2\/posts"}],"about":[{"href":"https:\/\/middleeasttransparent.com\/fr\/wp-json\/wp\/v2\/types\/post"}],"author":[{"embeddable":true,"href":"https:\/\/middleeasttransparent.com\/fr\/wp-json\/wp\/v2\/users\/698"}],"replies":[{"embeddable":true,"href":"https:\/\/middleeasttransparent.com\/fr\/wp-json\/wp\/v2\/comments?post=48945"}],"version-history":[{"count":0,"href":"https:\/\/middleeasttransparent.com\/fr\/wp-json\/wp\/v2\/posts\/48945\/revisions"}],"wp:featuredmedia":[{"embeddable":true,"href":"https:\/\/middleeasttransparent.com\/fr\/wp-json\/wp\/v2\/media\/48947"}],"wp:attachment":[{"href":"https:\/\/middleeasttransparent.com\/fr\/wp-json\/wp\/v2\/media?parent=48945"}],"wp:term":[{"taxonomy":"category","embeddable":true,"href":"https:\/\/middleeasttransparent.com\/fr\/wp-json\/wp\/v2\/categories?post=48945"},{"taxonomy":"post_tag","embeddable":true,"href":"https:\/\/middleeasttransparent.com\/fr\/wp-json\/wp\/v2\/tags?post=48945"}],"curies":[{"name":"wp","href":"https:\/\/api.w.org\/{rel}","templated":true}]}}