{"id":48660,"date":"2020-07-27T22:39:06","date_gmt":"2020-07-27T21:39:06","guid":{"rendered":"https:\/\/middleeasttransparent.com\/?p=48660"},"modified":"2020-07-27T22:39:26","modified_gmt":"2020-07-27T21:39:26","slug":"erdogan-un-sultan-agressif-qui-defie-lunion-europeenne","status":"publish","type":"post","link":"https:\/\/middleeasttransparent.com\/fr\/erdogan-un-sultan-agressif-qui-defie-lunion-europeenne\/","title":{"rendered":"Erdogan, un sultan agressif qui d\u00e9fie l\u2019Union europ\u00e9enne"},"content":{"rendered":"<header class=\"css-1abuj4a e8mzd9n1\">\n<h2 class=\"css-135rrsm edox7vr0\"><strong>ANALYSE &#8211; Le pr\u00e9sident turc met sans doute le point final \u00e0 une \u00e9poque o\u00f9 il \u00e9tait facile d\u2019emprunter le pont entre l\u2019Orient et l\u2019Occident.<\/strong><\/h2>\n<\/header>\n<figure class=\"css-ojz01a e109d7m50\"><\/figure>\n<div class=\"css-10460lt ey7xkwt0\" data-component=\"fig-content-body\">\n<p class=\"css-s6jpj4 ekabp3u0\">Les r\u00eaves europ\u00e9ens d\u2019une Turquie lib\u00e9rale,\u00a0<a class=\"css-15ezjzi esdb6og5\" href=\"https:\/\/www.lefigaro.fr\/vox\/monde\/la-fin-d-ataturk-20200724\" data-fig-id=\"bGVmaWdhcm8uZnJfXzAyMzJlZDY0LWNkZDgtMTFlYS1iNDliLTdhMDA3MjgzYTkwOF9fQXJ0aWNsZQ==\" data-fig-type=\"Article\" data-gtm-custom-categorie=\"navigation\" data-gtm-custom-action=\"crossclick\" data-gtm-custom-label=\"Contextuel\" data-gtm-event=\"customEventSPE\">h\u00e9riti\u00e8re d\u2019Atat\u00fcrk<\/a> et de ses convictions la\u00efques, appartiennent d\u00e9sormais au jardin des illusions. Le projet n\u00e9o-ottoman de Recep Tayyip Erdogan, le chemin nationaliste, islamiste et autoritaire qu\u2019il emprunte depuis plusieurs ann\u00e9es, l\u2019affirmation de ses ambitions n\u00e9o-imp\u00e9riales autour de la M\u00e9diterran\u00e9e et son combat men\u00e9 contre la culture occidentale l\u2019ont \u00e9loign\u00e9 de ses alli\u00e9s traditionnels. Le grand perturbateur du Moyen-Orient est, avec la Russie de Vladimir Poutine et la Chine de Xi Jinping, l\u2019un des principaux trublions internationaux.<\/p>\n<\/div>\n<div class=\"css-10460lt ey7xkwt0\" data-component=\"fig-content-body\">\n<p class=\"css-s6jpj4 ekabp3u0\">Erdogan est devenu le principal probl\u00e8me de l\u2019Union europ\u00e9enne. Son chantage aux migrants, son combat contre les forces kurdes de Syrie alli\u00e9es \u00e0 la coalition internationale anti-Daech, les forages ill\u00e9gaux en M\u00e9diterran\u00e9e orientale, dans la zone \u00e9conomique de Chypre, son style autocrate et les violations des droits de l\u2019homme qui se multiplient depuis la tentative de coup d\u2019\u00c9tat en 2016: la plupart des actions de la Turquie posent un probl\u00e8me de s\u00e9curit\u00e9 au continent europ\u00e9en ou bien heurtent de front les valeurs de l\u2019Union. En transformant l\u2019ancienne basilique Sainte-Sophie en mosqu\u00e9e, en faisant appel au pass\u00e9 ottoman pour nourrir sa volont\u00e9 de revanchisme identitaire, le pr\u00e9sident turc met sans doute le point final \u00e0 une \u00e9poque o\u00f9 il \u00e9tait facile d\u2019emprunter le pont entre l\u2019Orient et l\u2019Occident. \u00ab<em>Il fait un pas suppl\u00e9mentaire dans l\u2019engrenage qui pourrait nous mener vers une guerre des civilisations et des religions<\/em>\u00bb, commente un diplomate fran\u00e7ais.<\/p>\n<p class=\"css-s6jpj4 ekabp3u0\"><a class=\"css-15ezjzi esdb6og5\" href=\"https:\/\/www.lefigaro.fr\/international\/erdogan-seme-la-zizanie-au-sein-de-l-otan-20200702\" data-fig-id=\"bGVmaWdhcm8uZnJfXzE4ZDZhM2VjLWJjODctMTFlYS1hMThhLTFiYzgyMjczOTE5NV9fQXJ0aWNsZQ==\" data-fig-type=\"Article\" data-gtm-custom-categorie=\"navigation\" data-gtm-custom-action=\"crossclick\" data-gtm-custom-label=\"Contextuel\" data-gtm-event=\"customEventSPE\">La Turquie est aussi devenue le probl\u00e8me des alli\u00e9s de l\u2019Otan<\/a>. Pendant longtemps ils avaient ferm\u00e9 les yeux et fait silence sur les provocations d\u2019Erdogan, notamment sur l\u2019achat par la Turquie de missiles S400 \u00e0 la Russie, qui consid\u00e8re l\u2019Alliance atlantique comme un ennemi. Ce temps-l\u00e0 a \u00e9t\u00e9 renvoy\u00e9 \u00e0 l\u2019histoire par Emmanuel Macron, qui a secou\u00e9 le cocotier en annon\u00e7ant la \u00ab<em>mort c\u00e9r\u00e9brale de l\u2019Otan<\/em>\u00bb. Les propos du pr\u00e9sident fran\u00e7ais ont bris\u00e9 le tabou turc et rendu public le malaise des alli\u00e9s vis-\u00e0-vis de ce partenaire qui a longtemps gard\u00e9 le flanc sud-est de l\u2019Otan. Au sein de l\u2019Alliance comme vis-\u00e0-vis de l\u2019UE, la Turquie d\u2019Erdogan est devenue un alli\u00e9 de moins en moins fiable, qui joue sa propre partition et m\u00e8ne une politique de la force et du fait accompli. Mais si l\u2019Union europ\u00e9enne peut facilement abandonner son projet de rapprochement avec la Turquie, l\u2019Otan, qui fonctionne par consensus, ne peut ni exclure un membre, ni lui imposer des sanctions.<\/p>\n<h3 style=\"text-align: center;\"><strong>Erdogan joue de l\u2019indiff\u00e9rence am\u00e9ricaine et des<\/strong><\/h3>\n<h3 style=\"text-align: center;\"><strong> h\u00e9sitations europ\u00e9ennes pour profiter de l\u2019appel d\u2019air<\/strong><\/h3>\n<h3 style=\"text-align: center;\"><strong> et s\u2019implanter sur la rive sud de la M\u00e9diterran\u00e9e.<\/strong><\/h3>\n<p class=\"css-s6jpj4 ekabp3u0\">En transformant Sainte-Sophie en mosqu\u00e9e, Erdogan se compare indirectement au sultan Mehmet II qui, avec la conqu\u00eate de Constantinople en 1453, avait d\u00e9j\u00e0 islamis\u00e9 une premi\u00e8re fois la basilique chr\u00e9tienne du IV<sup>e<\/sup>\u00a0si\u00e8cle, symbole de l\u2019Empire romain d\u2019Orient. En convoquant le pass\u00e9 et en r\u00e9\u00e9crivant l\u2019histoire, il d\u00e9molit tous les symboles d\u2019Atat\u00fcrk, dont il discr\u00e9dite sans cesse la politique la\u00efque. Ce faisant, il d\u00e9tourne l\u2019attention populaire de ses \u00e9checs en politique int\u00e9rieure: crise \u00e9conomique, inflation, m\u00e9contentement populaire li\u00e9 aux 3,6 millions de r\u00e9fugi\u00e9s syriens accueillis par la Turquie. Erdogan joue de l\u2019indiff\u00e9rence am\u00e9ricaine et des h\u00e9sitations europ\u00e9ennes pour profiter de l\u2019appel d\u2019air et s\u2019implanter sur la rive sud de la M\u00e9diterran\u00e9e.<\/p>\n<p class=\"css-s6jpj4 ekabp3u0\"><strong>Mais c\u2019est avec la France que les relations sont les plus tendues. Paris a d\u00e9plor\u00e9 la transformation de Sainte-Sophie. \u00ab<em>Ces d\u00e9cisions remettent en cause l\u2019un des actes les plus symboliques de la Turquie moderne et la\u00efque<\/em>\u00bb, a regrett\u00e9 Jean-Yves Le Drian<\/strong>. Emmanuel Macron voudrait aussi \u00ab<em>sortir de l\u2019hypocrisie<\/em>\u00bb les relations entretenues entre l\u2019UE et la Turquie, dont \u00ab<em>le projet panislamique est r\u00e9guli\u00e8rement pr\u00e9sent\u00e9 comme anti-europ\u00e9en<\/em>\u00bb. Il d\u00e9nonce les ing\u00e9rences du pouvoir turc, qui veut promouvoir l\u2019agenda nationaliste et religieux d\u2019Ankara dans la diaspora en France. Mais c\u2019est surtout l\u2019intervention militaire en Libye qui a mis la France hors d\u2019elle. En apportant son soutien au gouvernement de Sarraj \u00e0 Tripoli, y compris en faisant venir de Syrie des milices islamistes et en violant l\u2019embargo sur les armes de l\u2019ONU, la Turquie a chang\u00e9 le cours de la guerre. \u00ab<em>C\u2019est une responsabilit\u00e9 historique et criminelle pour qui pr\u00e9tend \u00eatre membre de l\u2019Otan<\/em>\u00bb, a affirm\u00e9 Emmanuel Macron. En for\u00e7ant le mar\u00e9chal Haftar \u00e0 se replier dans son fief, l\u2019op\u00e9ration turque a rebattu les cartes du jeu libyen en d\u00e9faveur de Paris. La France avait un temps mis\u00e9 sur le mar\u00e9chal Haftar au nom de la lutte contre le terrorisme. Il \u00e9tait aussi cens\u00e9 verrouiller la fronti\u00e8re m\u00e9ridionale et emp\u00eacher les groupes djihadistes de rejoindre le Sahel o\u00f9 l\u2019arm\u00e9e fran\u00e7aise est engag\u00e9e. Les tensions franco-turques ont connu leur paroxysme en juin, quand une fr\u00e9gate fran\u00e7aise a \u00e9t\u00e9 prise \u00e0 partie par un navire turc accompagnant un cargo soup\u00e7onn\u00e9 de livrer des armes \u00e0 la Libye.<\/p>\n<p class=\"css-s6jpj4 ekabp3u0\"><strong>Mais dans son opposition \u00e0 la Turquie, la France s\u2019est trouv\u00e9e bien seule. Elle a saisi l\u2019Alliance atlantique mais n\u2019a pas vraiment r\u00e9ussi \u00e0 convaincre, puisque 8 pays sur 30 seulement ont soutenu sa d\u00e9marche<\/strong>. Malgr\u00e9 le diff\u00e9rend sur les S400, les \u00c9tats-Unis continuent de consid\u00e9rer la Turquie comme un alli\u00e9 et Donald Trump est s\u00e9duit par Erdogan. Certains ont \u00e9t\u00e9 agac\u00e9s par les propos d\u2019Emmanuel Macron. \u00ab<em>Nous avons besoin de garder la Turquie dans l\u2019Alliance occidentale. Ce serait un vrai probl\u00e8me si elle se jetait dans les bras de la Russie. Sur le fond, le point de vue britannique rejoint celui d\u2019Emmanuel Macron. Mais nous avons des diff\u00e9rences tactiques avec la France<\/em>\u00bb, explique un diplomate britannique. L\u2019Allemagne, m\u00eame si elle encore d\u00e9nonc\u00e9 cette semaine les \u00ab<em>provocations turques<\/em>\u00bb en M\u00e9diterran\u00e9e orientale, reste elle aussi sur la r\u00e9serve, notamment \u00e0 cause de l\u2019importante minorit\u00e9 d\u2019origine turque qui vit sur son sol. Quand aux pays d\u2019Europe orientale et occidentale, ils suivent comme de coutume la position am\u00e9ricaine. La France a r\u00e9pondu au manque de soutien de l\u2019Alliance en suspendant sa participation \u00e0 une op\u00e9ration de l\u2019Otan. \u00ab<em>Si bien qu\u2019il y a d\u00e9sormais deux probl\u00e8mes au sein de l\u2019Alliance: le probl\u00e8me turc et le probl\u00e8me fran\u00e7ais<\/em>\u00bb, commente un diplomate.<\/p>\n<p class=\"css-s6jpj4 ekabp3u0\">Cela ne cr\u00e9e pas forc\u00e9ment un boulevard diplomatique \u00e0 Erdogan. Le jeu g\u00e9opolitique du pr\u00e9sident turc au Moyen-Orient est dangereux. Il a \u00e9cart\u00e9 ses alli\u00e9s traditionnels. Il s\u2019est rapproch\u00e9 de la Russie mais sans r\u00e9duire son approche contradictoire avec le Kremlin: en Libye comme en Syrie, Ankara et Moscou soutiennent des camps oppos\u00e9s. La position turque est d\u2019autant plus risqu\u00e9e que depuis la purge qui a suivi la tentative de putsch de 2016, <strong>l\u2019arm\u00e9e a \u00e9t\u00e9 d\u00e9capit\u00e9e. Selon certains sp\u00e9cialistes, \u00ab<em>elle n\u2019est plus que l\u2019ombre d\u2019elle-m\u00eame<\/em>\u00bb<\/strong>. Mais la Turquie n\u2019est pour l\u2019instant gu\u00e8re d\u00e9fi\u00e9e par l\u2019Union europ\u00e9enne. Emmanuel Macron ne cesse pourtant de le dire: \u00ab<em>Il est crucial que l\u2019Europe s\u2019empare des dossiers g\u00e9opolitiques m\u00e9diterran\u00e9ens et reste ma\u00eetre de son destin sans le laisser \u00e0 d\u2019autres puissances.<\/em>\u00bb<\/p>\n<p>LE FIGARO<\/p>\n<\/div>\n","protected":false},"excerpt":{"rendered":"<p>ANALYSE &#8211; Le pr\u00e9sident turc met sans doute le point final \u00e0 une \u00e9poque o\u00f9 il \u00e9tait facile d\u2019emprunter le pont entre l\u2019Orient et l\u2019Occident. Les r\u00eaves europ\u00e9ens d\u2019une Turquie lib\u00e9rale,\u00a0h\u00e9riti\u00e8re d\u2019Atat\u00fcrk et de ses convictions la\u00efques, appartiennent d\u00e9sormais au jardin des illusions. Le projet n\u00e9o-ottoman de Recep Tayyip Erdogan, le chemin nationaliste, islamiste et<\/p>\n","protected":false},"author":570,"featured_media":48663,"comment_status":"open","ping_status":"open","sticky":false,"template":"","format":"standard","meta":{"_uf_show_specific_survey":0,"_uf_disable_surveys":false,"footnotes":""},"categories":[37],"tags":[],"class_list":{"0":"post-48660","1":"post","2":"type-post","3":"status-publish","4":"format-standard","5":"has-post-thumbnail","7":"category-alaune-fr"},"aioseo_notices":[],"_links":{"self":[{"href":"https:\/\/middleeasttransparent.com\/fr\/wp-json\/wp\/v2\/posts\/48660","targetHints":{"allow":["GET"]}}],"collection":[{"href":"https:\/\/middleeasttransparent.com\/fr\/wp-json\/wp\/v2\/posts"}],"about":[{"href":"https:\/\/middleeasttransparent.com\/fr\/wp-json\/wp\/v2\/types\/post"}],"author":[{"embeddable":true,"href":"https:\/\/middleeasttransparent.com\/fr\/wp-json\/wp\/v2\/users\/570"}],"replies":[{"embeddable":true,"href":"https:\/\/middleeasttransparent.com\/fr\/wp-json\/wp\/v2\/comments?post=48660"}],"version-history":[{"count":0,"href":"https:\/\/middleeasttransparent.com\/fr\/wp-json\/wp\/v2\/posts\/48660\/revisions"}],"wp:featuredmedia":[{"embeddable":true,"href":"https:\/\/middleeasttransparent.com\/fr\/wp-json\/wp\/v2\/media\/48663"}],"wp:attachment":[{"href":"https:\/\/middleeasttransparent.com\/fr\/wp-json\/wp\/v2\/media?parent=48660"}],"wp:term":[{"taxonomy":"category","embeddable":true,"href":"https:\/\/middleeasttransparent.com\/fr\/wp-json\/wp\/v2\/categories?post=48660"},{"taxonomy":"post_tag","embeddable":true,"href":"https:\/\/middleeasttransparent.com\/fr\/wp-json\/wp\/v2\/tags?post=48660"}],"curies":[{"name":"wp","href":"https:\/\/api.w.org\/{rel}","templated":true}]}}