{"id":48611,"date":"2020-07-25T22:44:34","date_gmt":"2020-07-25T21:44:34","guid":{"rendered":"https:\/\/middleeasttransparent.com\/?p=48611"},"modified":"2020-07-25T22:44:34","modified_gmt":"2020-07-25T21:44:34","slug":"paris-au-secours-de-lenseignement-francophone-au-liban","status":"publish","type":"post","link":"https:\/\/middleeasttransparent.com\/fr\/paris-au-secours-de-lenseignement-francophone-au-liban\/","title":{"rendered":"Paris au secours de l\u2019enseignement francophone au Liban"},"content":{"rendered":"<header class=\"css-1abuj4a e8mzd9n1\">\n<h2 class=\"css-135rrsm edox7vr0\"><strong>\u00c0 Beyrouth vendredi, Jean-Yves Le Drian a invit\u00e9 les responsables du pays \u00e0 n\u00e9gocier avec le FMI.<\/strong><\/h2>\n<\/header>\n<div class=\"css-17xdmhb e1fytymd0\"><\/div>\n<header class=\"css-1abuj4a e8mzd9n1\"><\/header>\n<figure class=\"css-ojz01a e109d7m50\"><\/figure>\n<p>&nbsp;<\/p>\n<div class=\"css-10460lt ey7xkwt0\" data-component=\"fig-content-body\">\n<p class=\"css-s6jpj4 ekabp3u0\"><em>Beyrouth<\/em><\/p>\n<p class=\"css-s6jpj4 ekabp3u0\">Au terme de sa visite de deux jours au Liban,\u00a0<a class=\"css-15ezjzi esdb6og5\" href=\"https:\/\/www.lefigaro.fr\/flash-actu\/liban-le-drian-pense-que-les-exigences-de-paris-ont-ete-entendues-20200724\" data-fig-id=\"bGVmaWdhcm8uZnJfXzFjY2RhYzJhLWNkYTYtMTFlYS04ZmYwLWEwMzY5ZjkxZjMwNF9fTmV3c0ZsYXNo\" data-fig-type=\"NewsFlash\" data-gtm-custom-categorie=\"navigation\" data-gtm-custom-action=\"crossclick\" data-gtm-custom-label=\"Contextuel\" data-gtm-event=\"customEventSPE\">le ministre fran\u00e7ais des Affaires \u00e9trang\u00e8res, Jean-Yves Le Drian<\/a>, a annonc\u00e9 vendredi un soutien de 15 millions d\u2019euros aux \u00e9coles priv\u00e9es francophones au Liban, un pays \u00ab<em>au bord de l\u2019ab\u00eeme<\/em>\u00bb, selon lui. Ce montant repr\u00e9sente un dixi\u00e8me des fonds du programme d\u2019urgence post-Covid-19 lanc\u00e9 par la France pour soutenir la francophonie dans le monde.\u00a0<em>\u00abEt cela, parce que c\u2019est le Liban!<\/em>\u00bb<em>,<\/em>\u00a0a soulign\u00e9 Jean-Yves Le Drian, sous les applaudissements de la foule r\u00e9unie pour l\u2019\u00e9couter \u00e0 l\u2019\u00e9cole du Carmel Saint-Joseph, \u00e0 Mechref, au sud de Beyrouth.<\/p>\n<p class=\"css-s6jpj4 ekabp3u0\">Malgr\u00e9 sa petite taille, Le Liban occupe une place \u00e0 part dans la francophonie: le r\u00e9seau libanais des \u00e9coles homologu\u00e9es est le plus important au monde. Avec 60.000 \u00e9l\u00e8ves, il se place loin devant le num\u00e9ro deux, le Maroc, qui compte pourtant une population sept fois plus importante. Au total,\u00a0<a class=\"css-15ezjzi esdb6og5\" href=\"https:\/\/www.lefigaro.fr\/vox\/monde\/il-faut-preserver-la-presence-d-ecoles-francaises-au-liban-20200716\" data-fig-id=\"bGVmaWdhcm8uZnJfXzZiZjI0MmJhLWM2N2UtMTFlYS05Y2IyLTNjMWFlYzhhMGY3N19fQXJ0aWNsZQ==\" data-fig-type=\"Article\" data-gtm-custom-categorie=\"navigation\" data-gtm-custom-action=\"crossclick\" data-gtm-custom-label=\"Contextuel\" data-gtm-event=\"customEventSPE\">plus d\u2019un demi-million d\u2019enfants au Liban sont scolaris\u00e9s dans des \u00e9coles francophones<\/a>, soit l\u2019\u00e9quivalent de la moiti\u00e9 des effectifs nationaux.<\/p>\n<p class=\"css-s6jpj4 ekabp3u0\">Mais ce n\u2019est pas tout. Le Liban b\u00e9n\u00e9ficiera aussi \u00e0 hauteur d\u2019environ 75 % d\u2019un fonds sp\u00e9cial de 2 millions d\u2019euros annonc\u00e9 par l\u2019\u00c9lys\u00e9e en d\u00e9but d\u2019ann\u00e9e. L\u2019ONG L\u2019\u0152uvre d\u2019Orient a contribu\u00e9 \u00e0 la moiti\u00e9 des fonds et s\u2019occupera de leur suivi sur le terrain, qui devrait concerner une soixantaine d\u2019\u00e9coles chr\u00e9tiennes.<\/p>\n<p class=\"css-s6jpj4 ekabp3u0\"><em>\u00abNous allons devoir accompagner la restructuration de nombreuses \u00e9coles\u00bb<\/em>, confie Vincent Gelot, directeur de L\u2019\u0152uvre d\u2019Orient \u00e0 Beyrouth. Entre autres, le but est \u00ab<em>d\u2019aider les \u00e9coles pauvres en zones isol\u00e9es qui accueillent des enfants de toutes les confessions\u00bb<\/em>, explique-t-il.<\/p>\n<p class=\"css-s6jpj4 ekabp3u0\">Les \u00e9coles publiques, o\u00f9 sont scolaris\u00e9s seulement 30 % des enfants au Liban, re\u00e7oivent de l\u2019aide de la France via les Nations unies et l\u2019Agence fran\u00e7aise de d\u00e9veloppement, selon une source de l\u2019ambassade de France \u00e0 Beyrouth.<\/p>\n<h2 class=\"css-1trbs3s e197bajz0\">Message ferme<\/h2>\n<p class=\"css-s6jpj4 ekabp3u0\">Les \u00e9coles souffrent de la crise \u00e9conomique profonde que traverse le pays, aggrav\u00e9 par la pand\u00e9mie du coronavirus. Fin mai, le secr\u00e9taire g\u00e9n\u00e9ral des \u00e9coles catholiques, Boutros Azar, avait tir\u00e9 la sonnette d\u2019alarme, en annon\u00e7ant la fermeture prochaine de 80 % des 329 \u00e9coles catholiques. Interrog\u00e9 par\u00a0<em>Le Figaro<\/em>, ce dernier affirme que, depuis, la situation s\u2019est am\u00e9lior\u00e9e, notamment gr\u00e2ce \u00e0 la d\u00e9cision du gouvernement libanais d\u2019allouer 500 milliards de livres libanaises &#8211; 284 millions d\u2019euros au taux officiel, tr\u00e8s peu utilis\u00e9, ou 53 millions d\u2019euros au taux parall\u00e8le &#8211; aux \u00e9coles publiques et priv\u00e9es.<\/p>\n<p class=\"css-s6jpj4 ekabp3u0\">Reste que le gouvernement a eu de nombreuses difficult\u00e9s ces derniers mois \u00e0 d\u00e9bourser des plans d\u2019aide. Rien ne prouve qu\u2019il s\u2019en sortira mieux cette fois-ci.\u00a0<em>\u00abSi l\u2019\u00c9tat ne nous paie pas cette bourse-l\u00e0, nous n\u2019allons pas aller de l\u2019avant avec l\u2019ouverture des \u00e9coles\u00bb<\/em>, met en garde Boutros Azar.<\/p>\n<p class=\"css-s6jpj4 ekabp3u0\"><em>\u00abLe Liban est au bord de l\u2019ab\u00eeme\u00bb<\/em>, a r\u00e9p\u00e9t\u00e9 Jean-Yves Le Drian pendant sa visite. Son message aux autorit\u00e9s libanaises a \u00e9t\u00e9 ferme: elles doivent continuer les n\u00e9gociations avec le FMI et mettre en \u0153uvre des r\u00e9formes concr\u00e8tes, sinon ni la communaut\u00e9 internationale, ni la France ne viendront \u00e0 son secours. En attendant, la France se cantonnera \u00e0 de l\u2019aide humanitaire et au secteur \u00e9ducatif.<\/p>\n<p><a href=\"https:\/\/www.lefigaro.fr\/international\/paris-au-secours-de-l-enseignement-francophone-au-liban-20200724\">LE FIGARO<\/a><\/p>\n<\/div>\n","protected":false},"excerpt":{"rendered":"<p>\u00c0 Beyrouth vendredi, Jean-Yves Le Drian a invit\u00e9 les responsables du pays \u00e0 n\u00e9gocier avec le FMI. &nbsp; Beyrouth Au terme de sa visite de deux jours au Liban,\u00a0le ministre fran\u00e7ais des Affaires \u00e9trang\u00e8res, Jean-Yves Le Drian, a annonc\u00e9 vendredi un soutien de 15 millions d\u2019euros aux \u00e9coles priv\u00e9es francophones au Liban, un pays \u00abau<\/p>\n","protected":false},"author":692,"featured_media":48614,"comment_status":"open","ping_status":"open","sticky":false,"template":"","format":"standard","meta":{"_uf_show_specific_survey":0,"_uf_disable_surveys":false,"footnotes":""},"categories":[22],"tags":[],"class_list":{"0":"post-48611","1":"post","2":"type-post","3":"status-publish","4":"format-standard","5":"has-post-thumbnail","7":"category-actualites-fr"},"aioseo_notices":[],"_links":{"self":[{"href":"https:\/\/middleeasttransparent.com\/fr\/wp-json\/wp\/v2\/posts\/48611","targetHints":{"allow":["GET"]}}],"collection":[{"href":"https:\/\/middleeasttransparent.com\/fr\/wp-json\/wp\/v2\/posts"}],"about":[{"href":"https:\/\/middleeasttransparent.com\/fr\/wp-json\/wp\/v2\/types\/post"}],"author":[{"embeddable":true,"href":"https:\/\/middleeasttransparent.com\/fr\/wp-json\/wp\/v2\/users\/692"}],"replies":[{"embeddable":true,"href":"https:\/\/middleeasttransparent.com\/fr\/wp-json\/wp\/v2\/comments?post=48611"}],"version-history":[{"count":0,"href":"https:\/\/middleeasttransparent.com\/fr\/wp-json\/wp\/v2\/posts\/48611\/revisions"}],"wp:featuredmedia":[{"embeddable":true,"href":"https:\/\/middleeasttransparent.com\/fr\/wp-json\/wp\/v2\/media\/48614"}],"wp:attachment":[{"href":"https:\/\/middleeasttransparent.com\/fr\/wp-json\/wp\/v2\/media?parent=48611"}],"wp:term":[{"taxonomy":"category","embeddable":true,"href":"https:\/\/middleeasttransparent.com\/fr\/wp-json\/wp\/v2\/categories?post=48611"},{"taxonomy":"post_tag","embeddable":true,"href":"https:\/\/middleeasttransparent.com\/fr\/wp-json\/wp\/v2\/tags?post=48611"}],"curies":[{"name":"wp","href":"https:\/\/api.w.org\/{rel}","templated":true}]}}