{"id":48605,"date":"2020-07-25T22:13:32","date_gmt":"2020-07-25T21:13:32","guid":{"rendered":"https:\/\/middleeasttransparent.com\/?p=48605"},"modified":"2020-07-25T22:13:32","modified_gmt":"2020-07-25T21:13:32","slug":"ca-a-ete-rude-le-drian-leur-a-passe-un-savon","status":"publish","type":"post","link":"https:\/\/middleeasttransparent.com\/fr\/ca-a-ete-rude-le-drian-leur-a-passe-un-savon\/","title":{"rendered":"\u00ab\u00a0\u00c7a a \u00e9t\u00e9 rude, Le Drian leur a pass\u00e9 un savon\u00a0\u00bb"},"content":{"rendered":"<h1><\/h1>\n<div dir=\"auto\">\n<div>\n<p><em>Beyrouth, Correspondant<\/em><\/p>\n<\/div>\n<div>\n<p>Il avait promis\u00a0de transmettre aux autorit\u00e9s libanaises un message de fermet\u00e9. Jean-Yves Le Drian, qui a quitt\u00e9 Beyrouth vendredi 24\u00a0juillet dans l\u2019apr\u00e8s-midi, apr\u00e8s trente-six\u00a0heures dans un pays en pleine d\u00e9liquescence, a tenu parole. Que ce soit avec le pr\u00e9sident, Michel Aoun, le premier ministre, Hassan Diab, le chef du Parlement, Nabih Berri, ou le ministre des affaires \u00e9trang\u00e8res, Nassif Hitti, le chef de la diplomatie fran\u00e7aise n\u2019a pas pris de gants.<\/p>\n<p>Il s\u2019est exprim\u00e9 en des termes inhabituellement directs, \u00e0 la mesure du cataclysme \u00e9conomique qui ravage le pays. Un ton qui est aussi r\u00e9v\u00e9lateur de l\u2019agacement que les atermoiements des dirigeants libanais suscitent \u00e0 Paris, o\u00f9 l\u2019on ne compte plus le nombre de r\u00e9formes promises qui n\u2019ont jamais vu le jour.<\/p>\n<p>\u00ab\u00a0\u00c7a a \u00e9t\u00e9 rude, Le Drian leur a pass\u00e9 un savon,\u00a0relate une source au courant de l\u2019entretien avec le chef du gouvernement, auquel plusieurs autres ministres ont assist\u00e9.\u00a0Il leur a dit de se reprendre en main. Ce n\u2019\u00e9tait pas un ultimatum, mais ce n\u2019\u00e9tait pas le moment des amabilit\u00e9s.\u00a0\u00bb\u00a0Aupr\u00e8s de tous ses interlocuteurs, M.\u00a0Le Drian a martel\u00e9 que la France ne faisait pas une croix sur le Liban et qu\u2019elle demeurait \u00e0 ses c\u00f4t\u00e9s, preuve en est l\u2019aide de 15\u00a0millions d\u2019euros allou\u00e9e aux \u00e9coles francophones, pilier du secteur \u00e9ducatif, particuli\u00e8rement \u00e9branl\u00e9 par la crise.<\/p>\n<h2>\u00ab\u00a0Au bord de l\u2019ab\u00eeme\u00a0\u00bb<\/h2>\n<p>Mais le ministre a ajout\u00e9 que le temps des ch\u00e8ques en blanc \u00e9tait r\u00e9volu et que, en l\u2019absence d\u2019un accord avec le Fonds mon\u00e9taire international (FMI), garantissant la mise en \u0153uvre des r\u00e9formes, les 11\u00a0milliards de dollars (9,4\u00a0milliards d\u2019euros) d\u2019aide promis \u00e0 la conf\u00e9rence Cedre, organis\u00e9e \u00e0 Paris en\u00a02018, ne seraient pas d\u00e9bloqu\u00e9s.\u00a0\u00ab\u00a0Le Drian a \u00e9t\u00e9 tr\u00e8s franc, tr\u00e8s frontal. Il a dit la v\u00e9rit\u00e9 telle qu\u2019elle est, ce qui est important\u00a0\u00bb, ajoute un participant \u00e0 un autre entretien.<\/p>\n<p>Aupr\u00e8s d\u2019Hassan Diab, le chef du Quai d\u2019Orsay a insist\u00e9 sur l\u2019urgence de la mise en place d\u2019une autorit\u00e9 de r\u00e9gulation dans le secteur de l\u2019\u00e9lectricit\u00e9, gouffre financier bien connu\u00a0\u00ab\u00a0o\u00f9 ce qui a \u00e9t\u00e9 fait n\u2019est gu\u00e8re encourageant\u00a0\u00bb, a-t-il pr\u00e9cis\u00e9 dans un discours public. Aupr\u00e8s de Nabih Berri, le chef du parti chiite Amal, l\u2019\u00e9missaire fran\u00e7ais a soulign\u00e9 l\u2019importance de passer une loi sur\u00a0le contr\u00f4le des capitaux, une mesure \u00e0 laquelle le chef du Parlement ne fait pas myst\u00e8re de s\u2019opposer.<\/p>\n<p>Reste \u00e0 savoir si ce traitement de choc aura un quelconque effet.\u00a0\u00ab\u00a0Le Drian nous a r\u00e9p\u00e9t\u00e9 que le Liban est au bord de l\u2019ab\u00eeme,\u00a0t\u00e9moigne une repr\u00e9sentante de la soci\u00e9t\u00e9\u00a0civile, invit\u00e9e \u00e0 un d\u00eener, jeudi soir, en compagnie du ministre.\u00a0Mais on fait\u00a0quoi, si le Liban tombe dedans\u00a0? Personne n\u2019a de r\u00e9ponse \u00e0 \u00e7a. En septembre, ce sera peut-\u00eatre le Venezuela, ici. \u00c7a laisse tr\u00e8s peu de temps.\u00a0\u00bb<\/p>\n<p><a href=\"https:\/\/www.lemonde.fr\/international\/article\/2020\/07\/25\/en-visite-dans-un-liban-en-crise-jean-yves-le-drian-s-est-montre-tres-franc-tres-frontal_6047275_3210.html\">LE MONDE<\/a><\/p>\n<\/div>\n<\/div>\n","protected":false},"excerpt":{"rendered":"<p>Beyrouth, Correspondant Il avait promis\u00a0de transmettre aux autorit\u00e9s libanaises un message de fermet\u00e9. Jean-Yves Le Drian, qui a quitt\u00e9 Beyrouth vendredi 24\u00a0juillet dans l\u2019apr\u00e8s-midi, apr\u00e8s trente-six\u00a0heures dans un pays en pleine d\u00e9liquescence, a tenu parole. Que ce soit avec le pr\u00e9sident, Michel Aoun, le premier ministre, Hassan Diab, le chef du Parlement, Nabih Berri, ou<\/p>\n","protected":false},"author":297,"featured_media":48609,"comment_status":"open","ping_status":"open","sticky":false,"template":"","format":"standard","meta":{"_uf_show_specific_survey":0,"_uf_disable_surveys":false,"footnotes":""},"categories":[37],"tags":[],"class_list":{"0":"post-48605","1":"post","2":"type-post","3":"status-publish","4":"format-standard","5":"has-post-thumbnail","7":"category-alaune-fr"},"aioseo_notices":[],"_links":{"self":[{"href":"https:\/\/middleeasttransparent.com\/fr\/wp-json\/wp\/v2\/posts\/48605","targetHints":{"allow":["GET"]}}],"collection":[{"href":"https:\/\/middleeasttransparent.com\/fr\/wp-json\/wp\/v2\/posts"}],"about":[{"href":"https:\/\/middleeasttransparent.com\/fr\/wp-json\/wp\/v2\/types\/post"}],"author":[{"embeddable":true,"href":"https:\/\/middleeasttransparent.com\/fr\/wp-json\/wp\/v2\/users\/297"}],"replies":[{"embeddable":true,"href":"https:\/\/middleeasttransparent.com\/fr\/wp-json\/wp\/v2\/comments?post=48605"}],"version-history":[{"count":0,"href":"https:\/\/middleeasttransparent.com\/fr\/wp-json\/wp\/v2\/posts\/48605\/revisions"}],"wp:featuredmedia":[{"embeddable":true,"href":"https:\/\/middleeasttransparent.com\/fr\/wp-json\/wp\/v2\/media\/48609"}],"wp:attachment":[{"href":"https:\/\/middleeasttransparent.com\/fr\/wp-json\/wp\/v2\/media?parent=48605"}],"wp:term":[{"taxonomy":"category","embeddable":true,"href":"https:\/\/middleeasttransparent.com\/fr\/wp-json\/wp\/v2\/categories?post=48605"},{"taxonomy":"post_tag","embeddable":true,"href":"https:\/\/middleeasttransparent.com\/fr\/wp-json\/wp\/v2\/tags?post=48605"}],"curies":[{"name":"wp","href":"https:\/\/api.w.org\/{rel}","templated":true}]}}