{"id":48416,"date":"2020-07-16T21:46:19","date_gmt":"2020-07-16T20:46:19","guid":{"rendered":"https:\/\/middleeasttransparent.com\/?p=48416"},"modified":"2020-07-25T22:54:14","modified_gmt":"2020-07-25T21:54:14","slug":"le-cardinal-rai-la-neutralite-du-liban-est-dechiree","status":"publish","type":"post","link":"https:\/\/middleeasttransparent.com\/fr\/le-cardinal-rai-la-neutralite-du-liban-est-dechiree\/","title":{"rendered":"Le cardinal Ra\u00ef :  \u00abla neutralit\u00e9 du Liban est d\u00e9chir\u00e9e\u00bb"},"content":{"rendered":"<header id=\"header-main\" class=\"header-main header-main--fixed\" data-label-close=\"Fermer\">\n<div class=\"header-main__container\">\n<h3 id=\"cookiePolicyPopupHTML\" class=\"vncookie-container layout_bottom\" data-version=\"1_0_0\"><strong style=\"color: #0000ff;\">Le patriarche d\u2019Antioche des maronites appelle la communaut\u00e9 internationale \u00e0 prot\u00e9ger cette \u00abneutralit\u00e9 positive\u00bb qui est la vraie \u00abvocation du Liban\u00bb. Il plaide pour un r\u00e8glement politique de la crise que traverse actuellement le pays, l\u2019une des pires de son histoire.<\/strong><\/h3>\n<\/div>\n<\/header>\n<div id=\"main-container\" class=\"container\">\n<div class=\"content__inner content__inner--hasSidebar\">\n<article class=\"article \">\n<div class=\"title__separator\"><\/div>\n<div class=\"article__text\">\n<p><span style=\"color: #0000ff;\"><b>Entretien r\u00e9alis\u00e9 par Manuella Affejee &#8211; Cit\u00e9 du Vatican<\/b><\/span><\/p>\n<div>\n<div class=\"article__embed article__embed--unwrap article__embed--dark\">\n<div class=\"article__innerTitle\">\n<audio class=\"wp-audio-shortcode\" id=\"audio-48416-1\" preload=\"none\" style=\"width: 100%;\" controls=\"controls\"><source type=\"audio\/mpeg\" src=\"https:\/\/middleeasttransparent.com\/wp-content\/uploads\/2020\/07\/raii.mp3?_=1\" \/><a href=\"https:\/\/middleeasttransparent.com\/wp-content\/uploads\/2020\/07\/raii.mp3\">https:\/\/middleeasttransparent.com\/wp-content\/uploads\/2020\/07\/raii.mp3<\/a><\/audio>\n<\/div>\n<\/div>\n<\/div>\n<p><b>Vous avez toujours d\u00e9fendu le syst\u00e8me confessionnel. Mais aujourd\u2019hui, certains l\u2019interrogent, y voyant la source de tous les probl\u00e8mes du Liban, et \u00e9voquent l\u2019hypoth\u00e8se d\u2019un \u00c9tat la\u00efc. Que leur r\u00e9pondez-vous\u00a0?<\/b><\/p>\n<p>J\u2019ai d\u00e9fendu le vivre-ensemble des chr\u00e9tiens et des musulmans dans un pays qui s\u00e9pare la religion et l\u2019\u00c9tat. Le Liban est un \u00c9tat civil, c\u2019est ce qui le diff\u00e9rencie de tous les pays de ce monde arabe.<\/p>\n<p>Et ce qui le diff\u00e9rencie aussi des pays de l\u2019Occident, c\u2019est que l\u2019\u00c9tat respecte Dieu et la loi divine, r\u00e9v\u00e9l\u00e9e ou naturelle, tout en \u00e9tant s\u00e9par\u00e9 de la religion. C\u2019est l\u00e0 la sp\u00e9cificit\u00e9 du pays.<\/p>\n<p>Ce qu\u2019on appelle confessionnalisme, c\u2019est la traduction du Pacte national du \u00abvivre en commun\u00bb (Pacte non \u00e9crit de 1943, ndlr). Pour donner des garanties aux chr\u00e9tiens et aux musulmans, il partage entre eux les pouvoirs politique et administratif. Car nous avons deux soci\u00e9t\u00e9s, deux civilisations diff\u00e9rentes\u00a0: les musulmans tendent \u00e0 l\u2019islamisation et les chr\u00e9tiens \u00e0 la la\u00efcisation. Ce pacte leur donne donc des garanties, c\u2019est cela le confessionnalisme. Mais c\u2019est le vivre-ensemble comme lieu de dialogue qui reste le plus important.<\/p>\n<p>Mais cette situation est travers\u00e9e par une crise politique. La figure du Liban n\u2019a pas chang\u00e9 en tant que telle, mais \u00e9tant donn\u00e9 que nous sommes d\u00e9laiss\u00e9s par l\u2019Orient et par l\u2019Occident, comment voulez-vous que le pays soit ce lieu de rencontre et de partage ?<\/p>\n<p><b>Vous appelez la communaut\u00e9 internationale et les pays amis \u00e0 vous aider. Comment peuvent-ils concr\u00e8tement le faire\u00a0?<\/b><\/p>\n<p>Par communaut\u00e9 internationale, j\u2019entends l\u2019Organisation des Nations unies. La d\u00e9cision d\u2019un statut de neutralit\u00e9 du Liban devrait \u00eatre de son ressort et il faut aussi qu\u2019il soit accueilli par notre monde arabe. La majorit\u00e9 de la population libanaise, ou presque, aspire \u00e0 ce statut de neutralit\u00e9. C\u2019est en ce sens que j\u2019ai lanc\u00e9 cet appel \u00e0 la communaut\u00e9 internationale.<\/p>\n<p><b>Qu\u2019implique-t-elle, cette neutralit\u00e9\u00a0?<\/b><\/p>\n<p>Que le Liban devienne le d\u00e9fenseur de la paix, sans se m\u00ealer des politiques et conflits r\u00e9gionaux ou internationaux. C\u2019est ce qu\u2019on appelle la \u00abneutralit\u00e9 utile\u00bb ou \u00abpositive\u00bb. Cela ne veut pas dire qu\u2019il ne doit s\u2019int\u00e9resser \u00e0 personne, non\u00a0! Mais plut\u00f4t qu\u2019il soit actif \u00e0 promouvoir les valeurs de paix, de justice, de vivre-ensemble, de libert\u00e9. C\u2019est cela la vraie vocation du Liban. C\u2019est ce que signifiait le saint Pape Jean-Paul II quand il disait que le Liban \u00e9tait \u00abplus qu\u2019un pays\u00bb, qu\u2019il \u00e9tait \u00abun message\u00bb pour l\u2019Orient et l\u2019Occident.<\/p>\n<h2 style=\"text-align: center;\">Le Hezbollah fait ses guerres et entraine le Liban avec lui\u2026 Ce n\u2019est pas normal<\/h2>\n<p><b>Vous insistez beaucoup sur cette neutralit\u00e9. Est-ce \u00e0 dire qu\u2019elle est en danger\u00a0? Qu\u2019est-ce qui la menace\u00a0?<\/b><\/p>\n<p>La neutralit\u00e9 est l\u00e0, en pratique, mais il y a la question du Hezbollah qui fait ses guerres et entraine le Liban avec lui\u00a0en Syrie ou au Y\u00e9men\u2026 Ce n\u2019est pas normal. Cette neutralit\u00e9 du Liban,\u00a0 qui fait partie de son essence, est aujourd\u2019hui d\u00e9chir\u00e9e. Et malheureusement la mainmise du Hezbollah sur la politique et le gouvernement, fait que nous sommes d\u00e9laiss\u00e9s par les pays arabes, par l\u2019Europe et les \u00c9tats-Unis.<\/p>\n<p><b>Craignez-vous que cette crise n\u2019entraine une nouvelle vague d\u2019\u00e9migration, notamment parmi les chr\u00e9tiens\u00a0?<\/b><\/p>\n<p>S\u00fbrement, parce nous vivons dans la famine. C\u2019est la famine maintenant au Liban. C\u2019est la panique du ch\u00f4mage, 50% des Libanais n\u2019ont plus de travail. Nos jeunes sont presque tous \u00e0 l\u2019universit\u00e9, comment voulez-vous qu\u2019ils vivent\u00a0? Chr\u00e9tiens et musulmans\u00a0? Mais \u00e9tant donn\u00e9 que le nombre des chr\u00e9tiens devient de plus en plus mineur\u2026 Oui, en ce moment nous avons une grande vague d\u2019\u00e9migration et il faut y rem\u00e9dier le plus t\u00f4t possible. Nous sommes en train d\u2019aider les familles qui n\u2019ont aucune ressource pour vivre, mais cela ne veut pas dire que nous combattons le ch\u00f4mage\u00a0! Endiguer l\u2019\u00e9migration, c\u2019est une question politique. Quand la question politique sera r\u00e9gl\u00e9e, la question \u00e9conomique le sera aussi, puisqu\u2019elle en est une cons\u00e9quence.<\/p>\n<\/div>\n<\/article>\n<\/div>\n<p><a href=\"https:\/\/www.vaticannews.va\/fr\/eglise\/news\/2020-07\/liban-cardinal-rai-neutralite-dechiree.html\">Vatican News<\/a><\/p>\n<\/div>\n","protected":false},"excerpt":{"rendered":"<p>Le patriarche d\u2019Antioche des maronites appelle la communaut\u00e9 internationale \u00e0 prot\u00e9ger cette \u00abneutralit\u00e9 positive\u00bb qui est la vraie \u00abvocation du Liban\u00bb. Il plaide pour un r\u00e8glement politique de la crise que traverse actuellement le pays, l\u2019une des pires de son histoire. Entretien r\u00e9alis\u00e9 par Manuella Affejee &#8211; Cit\u00e9 du Vatican Vous avez toujours d\u00e9fendu le<\/p>\n","protected":false},"author":689,"featured_media":48419,"comment_status":"open","ping_status":"open","sticky":false,"template":"","format":"standard","meta":{"_uf_show_specific_survey":0,"_uf_disable_surveys":false,"footnotes":""},"categories":[22],"tags":[],"class_list":{"0":"post-48416","1":"post","2":"type-post","3":"status-publish","4":"format-standard","5":"has-post-thumbnail","7":"category-actualites-fr"},"aioseo_notices":[],"_links":{"self":[{"href":"https:\/\/middleeasttransparent.com\/fr\/wp-json\/wp\/v2\/posts\/48416","targetHints":{"allow":["GET"]}}],"collection":[{"href":"https:\/\/middleeasttransparent.com\/fr\/wp-json\/wp\/v2\/posts"}],"about":[{"href":"https:\/\/middleeasttransparent.com\/fr\/wp-json\/wp\/v2\/types\/post"}],"author":[{"embeddable":true,"href":"https:\/\/middleeasttransparent.com\/fr\/wp-json\/wp\/v2\/users\/689"}],"replies":[{"embeddable":true,"href":"https:\/\/middleeasttransparent.com\/fr\/wp-json\/wp\/v2\/comments?post=48416"}],"version-history":[{"count":0,"href":"https:\/\/middleeasttransparent.com\/fr\/wp-json\/wp\/v2\/posts\/48416\/revisions"}],"wp:featuredmedia":[{"embeddable":true,"href":"https:\/\/middleeasttransparent.com\/fr\/wp-json\/wp\/v2\/media\/48419"}],"wp:attachment":[{"href":"https:\/\/middleeasttransparent.com\/fr\/wp-json\/wp\/v2\/media?parent=48416"}],"wp:term":[{"taxonomy":"category","embeddable":true,"href":"https:\/\/middleeasttransparent.com\/fr\/wp-json\/wp\/v2\/categories?post=48416"},{"taxonomy":"post_tag","embeddable":true,"href":"https:\/\/middleeasttransparent.com\/fr\/wp-json\/wp\/v2\/tags?post=48416"}],"curies":[{"name":"wp","href":"https:\/\/api.w.org\/{rel}","templated":true}]}}