{"id":48186,"date":"2020-07-06T22:32:16","date_gmt":"2020-07-06T21:32:16","guid":{"rendered":"https:\/\/middleeasttransparent.com\/?p=48186"},"modified":"2020-07-06T22:35:06","modified_gmt":"2020-07-06T21:35:06","slug":"michel-rousseau-stopper-la-desindustrialisation-doit-etre-la-premiere-urgence-economique","status":"publish","type":"post","link":"https:\/\/middleeasttransparent.com\/fr\/michel-rousseau-stopper-la-desindustrialisation-doit-etre-la-premiere-urgence-economique\/","title":{"rendered":"Michel Rousseau: \u00abStopper la d\u00e9sindustrialisation doit \u00eatre la premi\u00e8re urgence \u00e9conomique\u00bb"},"content":{"rendered":"<header class=\"css-1abuj4a e8mzd9n1\"><\/header>\n<p>FIGAROVOX\/GRAND ENTRETIEN &#8211; La France a atteint un niveau de d\u00e9pendance \u00e9conomique handicapant, affirme le pr\u00e9sident de <a href=\"https:\/\/www.fondationconcorde.com\/\">la fondation Concorde<\/a>, Michel Rousseau, pour qui la r\u00e9industrialisation du pays devient un enjeu majeur pour maintenir le pays dans le peloton de t\u00eate des pays d\u00e9velopp\u00e9s.<\/p>\n<p>&nbsp;<\/p>\n<header class=\"css-1abuj4a e8mzd9n1\">\n<div id=\"blogAuthor\" class=\"css-17xdmhb e1fytymd0\">Par\u00a0<a class=\"css-ipllfy esdb6og8\" href=\"https:\/\/plus.lefigaro.fr\/page\/uid\/2540921\" rel=\"author\">Alexandre Devecchio<\/a><\/div>\n<\/header>\n<div class=\"css-10460lt ey7xkwt0\" data-component=\"fig-content-body\">\n<p class=\"css-s6jpj4 ekabp3u0\"><em>Michel Rousseau est \u00e9conomiste et pr\u00e9sident de la Fondation Concorde, un think tank d\u2019orientation lib\u00e9rale.<\/em><\/p>\n<div class=\"css-0 e9ckzge0\">\n<hr \/>\n<\/div>\n<p class=\"css-s6jpj4 ekabp3u0\"><b>FIGAROVOX.- Depuis 20 ans, \u00e0 la Fondation Concorde, vous vous battez pour la r\u00e9industrialisation de la France. La crise sanitaire du coronavirus a-t-elle fait appara\u00eetre les cons\u00e9quences de la d\u00e9sindustrialisation?<\/b><\/p>\n<p class=\"css-s6jpj4 ekabp3u0\"><b>Michel ROUSSEAU.-<\/b>\u00a0En effet la crise sanitaire a imm\u00e9diatement fait appara\u00eetre notre vuln\u00e9rabilit\u00e9 dans un domaine industriel essentiel, celui des \u00e9quipements, n\u00e9cessaires \u00e0 une politique de sant\u00e9 efficace, en l\u2019occurrence la lutte contre la transmission du coronavirus. Au-del\u00e0 de la p\u00e9nurie de masques et de tests, il faut savoir que de premier producteur de m\u00e9dicaments en Europe voici 20 ans, nous sommes aujourd\u2019hui pass\u00e9 quatri\u00e8me! Notre d\u00e9sindustrialisation g\u00e9n\u00e9rale, dont ce dernier exemple est une illustration, nous rend malheureusement d\u00e9pendants. La perte de nos usines, au-del\u00e0 d\u2019une perte de souverainet\u00e9, impacte toutes les activit\u00e9s dans nos territoires: elle accentue le ch\u00f4mage, creuse notre d\u00e9ficit commercial, affaiblit notre recherche, ce sont les cons\u00e9quences les plus \u00e9videntes. Il s\u2019agit pour nous d\u2019une catastrophe nationale, celle d\u2019un pays dont <strong>le secteur de la production est pass\u00e9 de 24 % \u00e0 10,5 % <\/strong>dans le PIB total en moins de 40 ans!<\/p>\n<p class=\"css-s6jpj4 ekabp3u0\"><b>Quelle est la responsabilit\u00e9 des \u00e9lites dans cette catastrophe?<\/b><\/p>\n<p class=\"css-s6jpj4 ekabp3u0\">Cette chute de notre puissance \u00e9conomique est le fait des diff\u00e9rents gouvernements qui depuis environ 40 ans se sont montr\u00e9s d\u2019une extr\u00eame n\u00e9gligence, vis-\u00e0-vis de l\u2019industrie. La myopie de nos responsables politiques est incompr\u00e9hensible ; ils ont eu pourtant sous les yeux, les perc\u00e9es successives sur le march\u00e9 mondial, du Japon, de la Cor\u00e9e, de la Chine qui se sont ainsi rapproch\u00e9s, et parfois ont atteints notre niveau de vie par leur seule capacit\u00e9 de production ; cette capacit\u00e9 que nous n\u2019avons pas su ni prot\u00e9ger ni d\u00e9velopper en France, contrairement par exemple \u00e0 l\u2019Italie et \u00e0 l\u2019Allemagne.<\/p>\n<p class=\"css-s6jpj4 ekabp3u0\">Certains grands industriels, d\u2019inspiration \u00e9tatiste, ont attribu\u00e9 nos difficult\u00e9s \u00e0 des \u00aberreurs de gamme\u00bb de nos entrepreneurs, semblant oublier que ces derniers se pr\u00e9sentent sur les march\u00e9s \u00e9trangers face \u00e0 la concurrence et depuis plusieurs d\u00e9cennies avec <strong>les plus lourdes charges des pays de l\u2019OCDE (de 10 \u00e0 13 % plus \u00e9lev\u00e9es<\/strong>). \u00c0 ce handicap de comp\u00e9titivit\u00e9, on doit ajouter un environnement bureaucratique peu encourageant. Il est vrai que les usines ont toujours eu mauvaise presse devant nos \u00e9lites, <strong>plus sensibles au discours d\u2019un c\u00e9l\u00e8bre cabinet new-yorkais, le \u00abHudson Institute\u00bb<\/strong> qui dans les ann\u00e9es 70 avait annonc\u00e9 que notre pays d\u00e9passerait l\u2019Allemagne en d\u00e9veloppant son secteur des services ; contribuant ainsi \u00e0 renforcer <strong>l\u2019illusion de notre entr\u00e9e dans une soci\u00e9t\u00e9 post-industrielle<\/strong>. Cette croyance a neutralis\u00e9 le r\u00e9alisme de nos \u00e9lus les plus courageux. Ajoutons que les pouvoirs publics dans leur ensemble n\u2019ont jamais compris que l\u2019industrie jouait, aupr\u00e8s des autres activit\u00e9s dans les tissus \u00e9conomiques, le r\u00f4le de la locomotive pour un train! C\u2019est en analysant les raisons de nos \u00e9checs que nous pourrons enfin changer de politique et ne plus entendre r\u00e9guli\u00e8rement l\u2019argument r\u00e9current des d\u00e9faitistes \u00abc\u2019est trop tard\u00bb.<\/p>\n<p class=\"css-s6jpj4 ekabp3u0\"><b>Est-il possible de stopper cette d\u00e9sindustrialisation d\u2019une part, et de r\u00e9industrialiser d\u2019autre part? Comment?<\/b><\/p>\n<p class=\"css-s6jpj4 ekabp3u0\">Stopper la d\u00e9sindustrialisation est et doit \u00eatre une premi\u00e8re urgence \u00e9conomique dans notre pays. Les circonstances nous sont favorables, la proximit\u00e9 des sites de productions devient un atout, les nouvelles technologies, la robotisation, la num\u00e9risation, l\u2019impression 3D bouleversent les processus de fabrication et vont nous permettre de devenir plus facilement comp\u00e9titifs. C\u2019est aussi un objectif salutaire pour r\u00e9ussir la transition \u00e9cologique car produire en France, dont le bilan carbone est exemplaire, est sans nul doute meilleur pour la plan\u00e8te et pour nos emplois que de continuer \u00e0 importer.<\/p>\n<p class=\"css-s6jpj4 ekabp3u0\">L\u2019\u00c9tat doit \u00eatre un accompagnateur, un stimulateur, et laisser l\u2019initiative aux chefs d\u2019entreprises. Pour \u00eatre \u00e0 la hauteur de cette grande ambition, <strong>le gouvernement doit cr\u00e9er un \u00abcommissariat \u00e0 l\u2019industrie\u00bb<\/strong> dont la mission sera de tout mettre en \u0153uvre pour atteindre en 2040, 20% de part de l\u2019industrie dans le PIB global. Les probl\u00e8mes d\u2019organisation \u00e9tant toujours d\u00e9cisifs, on doit nommer \u00e0 sa t\u00eate une personnalit\u00e9 \u00e0 la fois \u00e9conomiste et entrepreneur, et rassembler des chefs d\u2019entreprises, quelques \u00e9lus et haut-fonctionnaires.<\/p>\n<p class=\"css-s6jpj4 ekabp3u0\">C\u2019est une priorit\u00e9,<em>\u00a0\u00abquoiqu\u2019il en co\u00fbte\u00bb<\/em>, n\u00e9cessaire pour \u00e9viter notre d\u00e9crochage et pour maintenir le pays dans le peloton de t\u00eate des pays d\u00e9velopp\u00e9s, et <strong>assurer pour les prochaines d\u00e9cennies prosp\u00e9rit\u00e9 et emplois<\/strong> en redonnant confiance aux jeunes g\u00e9n\u00e9rations que nous pourrons ainsi garder en France.<\/p>\n<p class=\"css-s6jpj4 ekabp3u0\"><b>En quoi est-ce \u00e9galement un enjeu territorial?<\/b><\/p>\n<p class=\"css-s6jpj4 ekabp3u0\">Une \u00e9tude du minist\u00e8re de l\u2019Industrie du d\u00e9but des ann\u00e9es 90 montrait que dans un tissu \u00e9conomique, les usines \u00abtiraient\u00bb plus de la moiti\u00e9 des autres activit\u00e9s. Les pneus qui br\u00fblent devant les usines appel\u00e9es \u00e0 fermer montrent l\u2019attachement des salari\u00e9s \u00e0 leur outil de travail, car ils savent qu\u2019il n\u2019y a pas d\u2019emplois pour eux dans les environs. L\u2019industrie a cette capacit\u00e9 unique de fixer les populations et de contribuer \u00e0 la modernisation des collectivit\u00e9s.<\/p>\n<p class=\"css-s6jpj4 ekabp3u0\"><strong>Nous pensons que la disparition de nos usines est pour une large part \u00e0 l\u2019origine du mouvement des \u00abgilets jaunes\u00bb<\/strong>. \u00c0 l\u2019inverse, et c\u2019est facile de le comprendre, les taux de ch\u00f4mage les plus bas se trouvent en Europe dans les r\u00e9gions les plus industrialis\u00e9es!<\/p>\n<p class=\"css-s6jpj4 ekabp3u0\"><b>Cela passe-t-il par un all\u00e8gement de la fiscalit\u00e9?<\/b><\/p>\n<p class=\"css-s6jpj4 ekabp3u0\">Apr\u00e8s 40 ann\u00e9es de d\u00e9ficit de comp\u00e9titivit\u00e9, nous devons en finir avec <strong>cette folie d\u2019une fiscalit\u00e9<\/strong> qui nous classe au premier rang des pays de l\u2019OCDE et qui nous place aussi au premier rang mondial de la d\u00e9pense sociale, (13% de cette d\u00e9pense), avec un endettement abyssal. Au-del\u00e0 d\u2019un all\u00e8gement fiscal n\u00e9cessaire, commen\u00e7ons par une meilleure gestion de nos finances publiques.<\/p>\n<p class=\"css-s6jpj4 ekabp3u0\">R\u00e9duire les imp\u00f4ts de production est une priorit\u00e9 si l\u2019on veut relancer notre \u00e9conomie. Le minist\u00e8re de l\u2019\u00c9conomie l\u2019a compris. Obtiendra-t-il avec le \u00abpacte productif\u00bb l\u2019arbitrage audacieux qui nous conduirait au succ\u00e8s, nous le saurons bient\u00f4t.<strong> Les \u00e9conomistes de Concorde fixent au minimum \u00e0 25 milliards l\u2019all\u00e8gement \u00e0 appliquer d\u00e8s 2021, au seul secteur de la production, environ 400 000 entreprises selon l\u2019INSEE<\/strong>. Effort indispensable pour conserver \u00e0 moyen et long terme une \u00e9conomie comp\u00e9titive.<\/p>\n<p class=\"css-s6jpj4 ekabp3u0\"><b>M\u00eame en baissant consid\u00e9rablement le co\u00fbt du travail nous ne serons jamais aussi comp\u00e9titifs que le chinois\u2026 Au-del\u00e0 des mesures fiscales et de l\u2019allongement du temps de travail, le mot protectionnisme doit-il continuer d\u2019\u00eatre un gros mot?<\/b><\/p>\n<p class=\"css-s6jpj4 ekabp3u0\">Les pays \u00e0 faible co\u00fbt de main-d\u2019\u0153uvre posent un probl\u00e8me pour l\u2019avenir, m\u00eame si les salaires augmentent dans ces pays, nous devons \u00eatre s\u00e9lectifs. Cependant, l\u2019introduction des nouvelles technologies dans les modes de production jouent en notre faveur et r\u00e9duit ann\u00e9e apr\u00e8s ann\u00e9e, l\u2019avantage de ces pays \u00e0 faible salaire. Une taxe carbone aux fronti\u00e8res de l\u2019Europe contribuerait en partie \u00e0 r\u00e9tablir notre comp\u00e9titivit\u00e9. La diversit\u00e9 des biens produits et consomm\u00e9s laisse un large choix \u00e0 nos industriels pour cr\u00e9er de nouvelles usines ou relocaliser chez nous des sites de productions actuellement \u00e9loign\u00e9s.<\/p>\n<p class=\"css-s6jpj4 ekabp3u0\"><strong>Le taux de ch\u00f4mage de nos concitoyens doit \u00eatre le barom\u00e8tre n\u00e9cessaire pour juger du niveau de protectionnisme in\u00e9vitable<\/strong> alors que dans la mondialisation triomphante, la mont\u00e9e en puissance des nations \u00e0 faible co\u00fbt de travail est r\u00e9guli\u00e8re.<\/p>\n<p class=\"css-s6jpj4 ekabp3u0\"><b>L\u2019Europe et ses r\u00e8gles de concurrence libre et non-fauss\u00e9e est-elle un obstacle \u00e0 une v\u00e9ritable politique industrielle?<\/b><\/p>\n<p class=\"css-s6jpj4 ekabp3u0\">Effectivement, les r\u00e9glementations europ\u00e9ennes peuvent \u00eatre un obstacle \u00e0 la mise en place en France d\u2019une politique industrielle de reconqu\u00eate. Le redressement de notre pays est de l\u2019int\u00e9r\u00eat de nos partenaires. <strong>L\u2019exigence d\u2019un minimum de souverainet\u00e9<\/strong> quand il s\u2019agit de nos emplois et de notre niveau de vie n\u2019est pas n\u00e9gociable. Nos repr\u00e9sentants politiques, nous l\u2019esp\u00e9rons, sauront le faire valoir lorsqu\u2019il s\u2019agit du redressement de notre pays.<\/p>\n<div class=\"hide-print css-1ncvmh8 e14fanc10\">\u00c0 lire aussi :\u00a0<a class=\"css-1dtv9cv esdb6og6\" href=\"https:\/\/www.lefigaro.fr\/vox\/economie\/les-defenseurs-d-une-mondialisation-sans-bornes-confondent-protectionnisme-et-autarcie-20200514\" data-fig-id=\"bGVmaWdhcm8uZnJfX2I0NTgyZjljLTk1YmUtMTFlYS04NWIwLWNkMjlhZjU0MmE3Zl9fQXJ0aWNsZQ==\" data-fig-type=\"Article\" data-gtm-custom-categorie=\"navigation\" data-gtm-custom-action=\"crossclick\" data-gtm-custom-label=\"Contextuel\" data-gtm-event=\"customEventSPE\" data-fig-domain=\"LEFIGARO\"><b>\u00abLes d\u00e9fenseurs d\u2019une mondialisation sans bornes confondent protectionnisme et autarcie\u00bb<\/b><\/a><\/div>\n<p class=\"css-s6jpj4 ekabp3u0\"><b>Le mot \u00absouverainiste\u00bb, apr\u00e8s avoir \u00e9t\u00e9 diabolis\u00e9, est de nouveau \u00e0 la mode. Est-ce que vous vous en r\u00e9jouissez?<\/b><\/p>\n<p class=\"css-s6jpj4 ekabp3u0\">La \u00absouverainet\u00e9\u00bb de notre pays dans les domaines essentiels doit \u00eatre la base \u00e0 partir de laquelle nous devons n\u00e9gocier et nous associer avec d\u2019autres qui partageraient nos int\u00e9r\u00eats pour d\u00e9fendre ces m\u00eames int\u00e9r\u00eats. Il est essentiel en \u00e9conomie de faire d\u00e9sormais la part des choses. Le pragmatisme doit l\u2019emporter.<\/p>\n<p class=\"css-s6jpj4 ekabp3u0\"><b>Dans son dernier discours, Emmanuel Macron a parl\u00e9 de \u00ablib\u00e9ralisme souverain\u00bb. On a souvent oppos\u00e9 \u00absouverainet\u00e9\u00bb et \u00ablib\u00e9ralisme\u00bb. Peut-on \u00eatre \u00e0 la fois souverain et lib\u00e9ral?<\/b><\/p>\n<p class=\"css-s6jpj4 ekabp3u0\">Le Pr\u00e9sident Emmanuel Macron en parlant de \u00ablib\u00e9ralisme souverain\u00bb a sembl\u00e9 exprimer, selon nous, sa volont\u00e9 de donner l\u2019initiative aux entrepreneurs pour cr\u00e9er des richesses tout en annon\u00e7ant que la France privil\u00e9giera ses int\u00e9r\u00eats face aux \u00e9ventuels diktats \u00e9trangers ou aux r\u00e9glementations europ\u00e9ennes qui pourraient s\u2019opposer \u00e0 nos r\u00e9formes et \u00e0 notre redressement. L\u2019avenir nous le dira.<\/p>\n<p><a href=\"https:\/\/www.lefigaro.fr\/vox\/economie\/stopper-la-desindustrialisation-doit-etre-la-premiere-urgence-economique-du-pays-20200703\">LE FIGARO<\/a><\/p>\n<\/div>\n","protected":false},"excerpt":{"rendered":"<p>FIGAROVOX\/GRAND ENTRETIEN &#8211; La France a atteint un niveau de d\u00e9pendance \u00e9conomique handicapant, affirme le pr\u00e9sident de la fondation Concorde, Michel Rousseau, pour qui la r\u00e9industrialisation du pays devient un enjeu majeur pour maintenir le pays dans le peloton de t\u00eate des pays d\u00e9velopp\u00e9s. &nbsp; Par\u00a0Alexandre Devecchio Michel Rousseau est \u00e9conomiste et pr\u00e9sident de la<\/p>\n","protected":false},"author":152,"featured_media":48193,"comment_status":"open","ping_status":"open","sticky":false,"template":"","format":"standard","meta":{"_uf_show_specific_survey":0,"_uf_disable_surveys":false,"footnotes":""},"categories":[37],"tags":[],"class_list":{"0":"post-48186","1":"post","2":"type-post","3":"status-publish","4":"format-standard","5":"has-post-thumbnail","7":"category-alaune-fr"},"aioseo_notices":[],"_links":{"self":[{"href":"https:\/\/middleeasttransparent.com\/fr\/wp-json\/wp\/v2\/posts\/48186","targetHints":{"allow":["GET"]}}],"collection":[{"href":"https:\/\/middleeasttransparent.com\/fr\/wp-json\/wp\/v2\/posts"}],"about":[{"href":"https:\/\/middleeasttransparent.com\/fr\/wp-json\/wp\/v2\/types\/post"}],"author":[{"embeddable":true,"href":"https:\/\/middleeasttransparent.com\/fr\/wp-json\/wp\/v2\/users\/152"}],"replies":[{"embeddable":true,"href":"https:\/\/middleeasttransparent.com\/fr\/wp-json\/wp\/v2\/comments?post=48186"}],"version-history":[{"count":0,"href":"https:\/\/middleeasttransparent.com\/fr\/wp-json\/wp\/v2\/posts\/48186\/revisions"}],"wp:featuredmedia":[{"embeddable":true,"href":"https:\/\/middleeasttransparent.com\/fr\/wp-json\/wp\/v2\/media\/48193"}],"wp:attachment":[{"href":"https:\/\/middleeasttransparent.com\/fr\/wp-json\/wp\/v2\/media?parent=48186"}],"wp:term":[{"taxonomy":"category","embeddable":true,"href":"https:\/\/middleeasttransparent.com\/fr\/wp-json\/wp\/v2\/categories?post=48186"},{"taxonomy":"post_tag","embeddable":true,"href":"https:\/\/middleeasttransparent.com\/fr\/wp-json\/wp\/v2\/tags?post=48186"}],"curies":[{"name":"wp","href":"https:\/\/api.w.org\/{rel}","templated":true}]}}