{"id":48018,"date":"2020-07-01T20:54:24","date_gmt":"2020-07-01T19:54:24","guid":{"rendered":"https:\/\/middleeasttransparent.com\/?p=48018"},"modified":"2020-07-01T21:22:55","modified_gmt":"2020-07-01T20:22:55","slug":"cp-lancement-du-comite-de-sauvegarde-des-ecoles-du-liban","status":"publish","type":"post","link":"https:\/\/middleeasttransparent.com\/fr\/cp-lancement-du-comite-de-sauvegarde-des-ecoles-du-liban\/","title":{"rendered":"CP\u00a0: LANCEMENT DU COMIT\u00c9 DE SAUVEGARDE DES \u00c9COLES DU LIBAN"},"content":{"rendered":"<h2><strong>Parmi les difficult\u00e9s que rencontre aujourd\u2019hui le Liban, celle de l\u2019\u00e9ducation\u00a0est d\u2019une importance particuli\u00e8re, puisqu\u2019elle est un \u00e9l\u00e9ment essentiel de la paix dans ce pays.<\/strong><u><\/u><u><\/u><\/h2>\n<p>&nbsp;<\/p>\n<p>Un risque s\u00e9rieux de fermeture d\u2019\u00e9coles, parmi celles qui sont au service des plus pauvres, pousse\u00a0<b>L\u2019\u0152uvre d\u2019Orient, la Fondation Raoul Follereau, l\u2019IECD<\/b>\u00a0\u00e0 agir ensemble, en lien avec la\u00a0<b>Direction de l\u2019Enseignement Catholique,<\/b>\u00a0en cr\u00e9ant\u00a0<b><a href=\"https:\/\/oeuvre-orient.fr\/actualites\/lancement-du-comite-de-sauvegarde-des-ecoles-du-liban\/\" target=\"_blank\" rel=\"noopener noreferrer\" data-saferedirecturl=\"https:\/\/www.google.com\/url?q=https:\/\/oeuvre-orient.fr\/actualites\/lancement-du-comite-de-sauvegarde-des-ecoles-du-liban\/&amp;source=gmail&amp;ust=1593718113818000&amp;usg=AFQjCNHYzj4aKg-3V-YYKuIH7Ry5JOeN4Q\">le Comit\u00e9 de Sauvegarde des \u00c9coles du Liban<\/a><\/b>.<u><\/u><u><\/u><\/p>\n<p>Vous trouverez ci-joint et ci-dessous le communiqu\u00e9 de presse,<u><\/u><u><\/u><\/p>\n<p>Une r\u00e9union Zoom est organis\u00e9e\u00a0<b>le 9 juillet \u00e0 11h, en pr\u00e9sence de Mgr Gollnisch\u00a0<\/b>et des interlocuteurs du CSEL, pour \u00e9changer sur ce sujet.<u><\/u><u><\/u><\/p>\n<p><a href=\"https:\/\/docs.google.com\/forms\/d\/e\/1FAIpQLSd2G7bf3bGPkHCV3WYEX592WwqnSveZvR4P67mLSrOjQIm9mQ\/viewform\" target=\"_blank\" rel=\"noopener noreferrer\" data-saferedirecturl=\"https:\/\/www.google.com\/url?q=https:\/\/docs.google.com\/forms\/d\/e\/1FAIpQLSd2G7bf3bGPkHCV3WYEX592WwqnSveZvR4P67mLSrOjQIm9mQ\/viewform&amp;source=gmail&amp;ust=1593718113818000&amp;usg=AFQjCNEL2FKJ49BlL_uG4DTf1ciUZ_IXqA\">Pour s\u2019inscrire cliquez ici<\/a><u><\/u><u><\/u><\/p>\n<p>Bien \u00e0 vous<\/p>\n<h1 style=\"text-align: center;\">*<\/h1>\n<p>&nbsp;<\/p>\n<p style=\"font-weight: 400;\"><strong><a href=\"https:\/\/oeuvre-orient.fr\/\" data-saferedirecturl=\"https:\/\/www.google.com\/url?hl=en&amp;q=https:\/\/oeuvre-orient.fr\/&amp;source=gmail&amp;ust=1593718603380000&amp;usg=AFQjCNHWh6cCz_k-F65iobxsSiwWr9XkXA\">L\u2019\u0152uvre d\u2019Orient<\/a>, la Fondation Raoul Follereau et l\u2019IECD, qui agissent au Moyen Orient depuis de nombreuses ann\u00e9es, sont \u00e0 l\u2019initiative du Comit\u00e9 de Sauvegarde des \u00c9coles du Liban<\/strong>.<\/p>\n<p style=\"font-weight: 400;\">Ce comit\u00e9 veut conduire une action d\u2019urgence en vue de maintenir ouvertes les \u00e9coles actuellement menac\u00e9es de fermeture \u00e0 la rentr\u00e9e de septembre 2020 en raison de la crise \u00e9conomique et politique que traverse le pays.\u00a0 Parmi les difficult\u00e9s que rencontre aujourd\u2019hui le Liban, celle de l\u2019\u00e9ducation est d\u2019une importance particuli\u00e8re, puisqu\u2019elle est un \u00e9l\u00e9ment essentiel de la paix dans ce pays.\u00a0 En lien avec le secr\u00e9tariat g\u00e9n\u00e9ral de l\u2018Enseignement catholique en France, cette action de sauvegarde est ouverte \u00e0 toutes les personnes et associations de bonne volont\u00e9 en France.<\/p>\n<p style=\"font-weight: 400;\">Le Liban, malgr\u00e9 toutes les difficult\u00e9s, maintient, depuis des d\u00e9cennies, l\u2019espoir qu\u2019un Moyen-Orient ouvert et pluraliste est possible. Et ce gr\u00e2ce \u00e0 la volont\u00e9 de ses citoyens, libres et engag\u00e9s.\u00a0 Cette forte conscience de la citoyennet\u00e9 est due \u00e0 l\u2019importance que donnent toutes les familles libanaises \u00e0 l\u2019\u00e9ducation, et aux sacrifices immenses qu\u2019elles sont pr\u00eates \u00e0 faire pour cela.\u00a0\u00a0 Le r\u00e9seau \u00e9ducatif libanais est \u00e0 70 % non gouvernemental et ne re\u00e7oit pas d\u2019aide de l\u2019\u00c9tat. Au c\u0153ur de ce r\u00e9seau, les centaines d\u2019\u00e9coles chr\u00e9tiennes sont un pilier de l\u2019excellence de l\u2019enseignement libanais. Ces \u00e9coles ont une particularit\u00e9 qui fait leur force et leur richesse : elles forment tous les Libanais, chr\u00e9tiens, musulmans et druzes, gar\u00e7ons et filles, les plus riches comme les plus pauvres, en ville comme \u00e0 la campagne, \u00e0 Beyrouth et dans toutes les r\u00e9gions du pays. En grande partie francophones, gr\u00e2ce \u00e0 cet h\u00e9ritage que nous avons en commun de la culture fran\u00e7aise, ces \u00e9tablissements ont form\u00e9 des g\u00e9n\u00e9rations d\u2019\u00e9l\u00e8ves libanais, ont ouvert leur regard au monde et ont d\u00e9velopp\u00e9 leur esprit critique.<\/p>\n<p style=\"font-weight: 400;\">Tous les jours, des \u00e9tablissements ferment d\u00e9finitivement. Cet \u00e9t\u00e9 sera d\u00e9terminant pour nombre d\u2019\u00e9l\u00e8ves.\u00a0 C\u2019est pourquoi une liste des \u00e9coles prioritaires a \u00e9t\u00e9 \u00e9tablie.<\/p>\n<p style=\"font-weight: 400;\">Ce comit\u00e9 invite toutes les personnes de bonne volont\u00e9, les associations, les institutions, les personnes de la diaspora libanaise, \u00e0 le rejoindre pour porter la pr\u00e9occupation des \u00e9coles chr\u00e9tiennes au Liban.<\/p>\n<p style=\"font-weight: 400;\">Pour rejoindre cette action participez \u00e0 la r\u00e9union Zoom aura lieu le 9 juillet \u00e0 11h\u00a0<a href=\"https:\/\/docs.google.com\/forms\/d\/e\/1FAIpQLSd2G7bf3bGPkHCV3WYEX592WwqnSveZvR4P67mLSrOjQIm9mQ\/viewform\" data-saferedirecturl=\"https:\/\/www.google.com\/url?hl=en&amp;q=https:\/\/docs.google.com\/forms\/d\/e\/1FAIpQLSd2G7bf3bGPkHCV3WYEX592WwqnSveZvR4P67mLSrOjQIm9mQ\/viewform&amp;source=gmail&amp;ust=1593718603380000&amp;usg=AFQjCNGdB3gFEo7mVE3mnRKU2untGzjJug\">Pour s\u2019inscrire cliquez ici<\/a><\/p>\n<p style=\"font-weight: 400;\">Pour se renseigner :\u00a0<a href=\"mailto:comitecsel@oeuvre-orient.fr\">comitecsel@oeuvre-orient.fr<\/a>\u00a0\u2013 01 45 48 45 42<\/p>\n<h2 style=\"text-align: center;\">*<\/h2>\n<p>&nbsp;<\/p>\n","protected":false},"excerpt":{"rendered":"<p>Parmi les difficult\u00e9s que rencontre aujourd\u2019hui le Liban, celle de l\u2019\u00e9ducation\u00a0est d\u2019une importance particuli\u00e8re, puisqu\u2019elle est un \u00e9l\u00e9ment essentiel de la paix dans ce pays. &nbsp; Un risque s\u00e9rieux de fermeture d\u2019\u00e9coles, parmi celles qui sont au service des plus pauvres, pousse\u00a0L\u2019\u0152uvre d\u2019Orient, la Fondation Raoul Follereau, l\u2019IECD\u00a0\u00e0 agir ensemble, en lien avec la\u00a0Direction de<\/p>\n","protected":false},"author":87,"featured_media":48022,"comment_status":"open","ping_status":"open","sticky":false,"template":"","format":"standard","meta":{"_uf_show_specific_survey":0,"_uf_disable_surveys":false,"footnotes":""},"categories":[37],"tags":[],"class_list":{"0":"post-48018","1":"post","2":"type-post","3":"status-publish","4":"format-standard","5":"has-post-thumbnail","7":"category-alaune-fr"},"aioseo_notices":[],"_links":{"self":[{"href":"https:\/\/middleeasttransparent.com\/fr\/wp-json\/wp\/v2\/posts\/48018","targetHints":{"allow":["GET"]}}],"collection":[{"href":"https:\/\/middleeasttransparent.com\/fr\/wp-json\/wp\/v2\/posts"}],"about":[{"href":"https:\/\/middleeasttransparent.com\/fr\/wp-json\/wp\/v2\/types\/post"}],"author":[{"embeddable":true,"href":"https:\/\/middleeasttransparent.com\/fr\/wp-json\/wp\/v2\/users\/87"}],"replies":[{"embeddable":true,"href":"https:\/\/middleeasttransparent.com\/fr\/wp-json\/wp\/v2\/comments?post=48018"}],"version-history":[{"count":0,"href":"https:\/\/middleeasttransparent.com\/fr\/wp-json\/wp\/v2\/posts\/48018\/revisions"}],"wp:featuredmedia":[{"embeddable":true,"href":"https:\/\/middleeasttransparent.com\/fr\/wp-json\/wp\/v2\/media\/48022"}],"wp:attachment":[{"href":"https:\/\/middleeasttransparent.com\/fr\/wp-json\/wp\/v2\/media?parent=48018"}],"wp:term":[{"taxonomy":"category","embeddable":true,"href":"https:\/\/middleeasttransparent.com\/fr\/wp-json\/wp\/v2\/categories?post=48018"},{"taxonomy":"post_tag","embeddable":true,"href":"https:\/\/middleeasttransparent.com\/fr\/wp-json\/wp\/v2\/tags?post=48018"}],"curies":[{"name":"wp","href":"https:\/\/api.w.org\/{rel}","templated":true}]}}