{"id":47911,"date":"2020-06-23T12:25:24","date_gmt":"2020-06-23T11:25:24","guid":{"rendered":"https:\/\/middleeasttransparent.com\/?p=47911"},"modified":"2020-06-23T12:25:24","modified_gmt":"2020-06-23T11:25:24","slug":"en-libye-le-torchon-brule-entre-ankara-et-le-caire","status":"publish","type":"post","link":"https:\/\/middleeasttransparent.com\/fr\/en-libye-le-torchon-brule-entre-ankara-et-le-caire\/","title":{"rendered":"En Libye, le torchon br\u00fble entre Ankara et Le\u00a0Caire"},"content":{"rendered":"<header class=\"css-1n8jgp1 e8mzd9n1\">\n<h2 class=\"css-betwzw edox7vr0\"><span style=\"color: #0000ff;\"><strong>L\u2019\u00c9gypte menace d\u2019intervenir sur le sol libyen en cas d\u2019avanc\u00e9e des forces soutenues par la Turquie.<\/strong><\/span><\/h2>\n<p>&nbsp;<\/p>\n<div class=\"css-umpurk e590w5o1\"><\/div>\n<\/header>\n<div class=\"css-6zzxro ey7xkwt0\" data-component=\"fig-content-body\">\n<p class=\"css-s6jpj4 ekabp3u0\">Les ambitions r\u00e9gionales turques risquent-elles d\u2019ouvrir un nouveau front dans le conflit libyen? Apr\u00e8s la France, la Gr\u00e8ce et l\u2019Otan, c\u2019est au tour de l\u2019\u00c9gypte de tirer la sonnette d\u2019alarme. Paniqu\u00e9 par l\u2019avanc\u00e9e des forces du Gouvernement d\u2019union nationale (GNA), soutenu par Ankara, vers l\u2019Est libyen, chasse gard\u00e9e de\u00a0<a class=\"css-bdba3s esdb6og5\" href=\"https:\/\/www.lefigaro.fr\/international\/libye-le-coup-de-force-d-haftar-pour-camoufler-son-recul-20200503\" data-fig-id=\"bGVmaWdhcm8uZnJfX2ZiNWIyYjI4LThkNGEtMTFlYS04MTM3LTI0MjNiMjdhYzc4NV9fQXJ0aWNsZQ==\" data-fig-type=\"Article\" data-gtm-custom-categorie=\"navigation\" data-gtm-custom-action=\"crossclick\" data-gtm-custom-label=\"Contextuel\" data-gtm-event=\"customEventSPE\">Khalifa Haftar<\/a>, appuy\u00e9 par Le Caire, le pr\u00e9sident Abdel Fattah al-Sissi a menac\u00e9 la Turquie, samedi 20 juin, d\u2019une intervention<em>\u00a0\u00abdirecte\u00bb<\/em>\u00a0de l\u2019\u00c9gypte.<\/p>\n<p class=\"css-s6jpj4 ekabp3u0\">La ville de Syrte, ville natale de l\u2019ex-dictateur Mouammar Kadhafi et verrou strat\u00e9gique menant vers la Cyr\u00e9na\u00efque, constitue, a-t-il pr\u00e9venu, une<em>\u00a0\u00abligne rouge\u00bb<\/em>\u00a0\u00e0 ne pas franchir. Une menace que le GNA de Tripoli s\u2019est empress\u00e9, d\u00e8s dimanche, de qualifier de<em>\u00a0\u00abd\u00e9claration de guerre\u00bb<\/em>.<\/p>\n<p class=\"css-s6jpj4 ekabp3u0\">Cette soudaine escalade opposant Le Caire \u00e0 Ankara est une nouvelle illustration de l\u2019internationalisation du conflit libyen. Depuis la r\u00e9volte anti-Kadhafi de 2011 et la chute du dictateur, le pays est plong\u00e9 dans un chaos inextricable, rendu d\u2019autant plus complexe par l\u2019implication accrue de pays \u00e9trangers. Depuis 2015, une lutte de pouvoir y oppose le GNA, bas\u00e9 \u00e0 Tripoli et reconnu par l\u2019ONU, au mar\u00e9chal Haftar, qui dit tenir sa l\u00e9gitimit\u00e9 du Parlement \u00e9lu dans l\u2019Est libyen. Fort de l\u2019appui de la Russie, des \u00c9mirats arabes unis, de l\u2019Arabie saoudite et de l\u2019\u00c9gypte, ce dernier s\u2019\u00e9tait lanc\u00e9 en 2019 dans une offensive sur Tripoli.<\/p>\n<h2 class=\"css-1trbs3s e197bajz0\">Recherche d\u2019hydrocarbures<\/h2>\n<p class=\"css-s6jpj4 ekabp3u0\">Mais contre toute attente, l\u2019intervention turque a r\u00e9cemment renvers\u00e9 la donne en chassant, gr\u00e2ce au soutien militaire apport\u00e9 aux forces du GNA, les hommes de Haftar de la base d\u2019al-Watiya, au sud de la capitale, puis de l\u2019a\u00e9roport de Tripoli. Pour Recep Tayyip Erdogan, c\u2019est une victoire majeure. Son succ\u00e8s lui permet de consolider sa pr\u00e9sence militaire dans le pays, mais aussi de sauvegarder ses int\u00e9r\u00eats \u00e9conomiques en vertu d\u2019un accord controvers\u00e9 scell\u00e9 en novembre avec les autorit\u00e9s libyennes qui lui permet d\u2019effectuer des recherches d\u2019hydrocarbures en M\u00e9diterran\u00e9e orientale.<\/p>\n<p class=\"css-s6jpj4 ekabp3u0\">Mais les ambitions turques suscitent l\u2019inqui\u00e9tude. Dernier incident en date, l\u2019<em>\u00abillumination\u00bb<\/em>\u00a0au radar par un navire de guerre turc d\u2019une fr\u00e9gate fran\u00e7aise en mission pour l\u2019Otan qui voulait contr\u00f4ler un cargo violant manifestement l\u2019embargo onusien sur les armes.\u00a0<a class=\"css-bdba3s esdb6og5\" href=\"https:\/\/www.lefigaro.fr\/flash-actu\/emmanuel-macron-denonce-le-jeu-dangereux-de-la-turquie-en-libye-20200622\" data-fig-id=\"bGVmaWdhcm8uZnJfX2IyMmI4ZTZhLWI0YjYtMTFlYS04ZmYwLWEwMzY5ZjkxZjMwNF9fTmV3c0ZsYXNo\" data-fig-type=\"NewsFlash\" data-gtm-custom-categorie=\"navigation\" data-gtm-custom-action=\"crossclick\" data-gtm-custom-label=\"Contextuel\" data-gtm-event=\"customEventSPE\">Emmanuel Macron a d\u00e9nonc\u00e9 lundi le\u00a0<em>\u00abjeu dangereux\u00bb<\/em><\/a><em>\u00a0<\/em><a class=\"css-bdba3s esdb6og5\" href=\"https:\/\/www.lefigaro.fr\/flash-actu\/emmanuel-macron-denonce-le-jeu-dangereux-de-la-turquie-en-libye-20200622\" target=\"_blank\" rel=\"noopener noreferrer\" data-fig-id=\"bGVmaWdhcm8uZnJfX2IyMmI4ZTZhLWI0YjYtMTFlYS04ZmYwLWEwMzY5ZjkxZjMwNF9fTmV3c0ZsYXNo\" data-fig-type=\"NewsFlash\" data-gtm-custom-categorie=\"navigation\" data-gtm-custom-action=\"crossclick\" data-gtm-custom-label=\"Contextuel\" data-gtm-event=\"customEventSPE\">de la Turquie en Libye<\/a>\u00a0et a appel\u00e9 \u00e0 ce\u00a0<em>\u00abque cessent les ing\u00e9rences \u00e9trang\u00e8res\u00bb<\/em>.<em>\u00abIl en va de l\u2019int\u00e9r\u00eat de la Libye, de ses voisins, de toute la r\u00e9gion mais \u00e9galement de l\u2019Europe\u00bb<\/em>, a-t-il ajout\u00e9.<\/p>\n<p class=\"css-s6jpj4 ekabp3u0\"><em>\u00abIl faut dire aux Turcs: il est temps de s\u2019arr\u00eater. Vous avez r\u00e9ussi \u00e0 renverser la situation militaire en Libye. Votre objectif \u00e9tait de revenir \u00e0 la situation d\u2019avant l\u2019offensive de Haftar. Maintenant, \u00e7a suffit\u00bb<\/em>, confie un diplomate occidental sous le couvert de l\u2019anonymat. Les r\u00e9centes d\u00e9clarations \u00e9gyptiennes semblent aller dans le m\u00eame sens.<em>\u00a0\u00abLes \u00c9gyptiens ne disposent pas d\u2019int\u00e9r\u00eats majeurs \u00e0 Syrte. La ville est en dehors de leur zone d\u2019influence. En fait, les sorties virulentes d\u2019al-Sissi signalent une volont\u00e9 de pr\u00e9empter toute tentative turque de mettre le cap encore plus vers l\u2019est, o\u00f9 l\u2019\u00c9gypte a de v\u00e9ritables pr\u00e9occupations s\u00e9curitaires\u00bb<\/em>, rel\u00e8ve un expert \u00e9gyptien.<\/p>\n<p class=\"css-s6jpj4 ekabp3u0\">Si le torchon br\u00fble autant entre Le Caire et Ankara, c\u2019est qu\u2019il ravive un contentieux encore plus profond. <strong>Depuis le coup d\u2019\u00c9tat militaire de 2013 contre le pr\u00e9sident \u00e9gyptien Mohammed Morsi, issu des Fr\u00e8res musulmans, une v\u00e9ritable guerre id\u00e9ologique oppose Recep Tayyip Erdogan \u00e0 Abdel Fatah al-Sissi.<\/strong> Le premier, connu pour avoir certaines affinit\u00e9s avec les<em>\u00a0\u00abFr\u00e9ristes\u00bb<\/em>\u00a0de la r\u00e9gion, entretient de bonnes relations avec le gouvernement de Tripoli, qui comporte des figures politiques li\u00e9es aux Fr\u00e8res musulmans. Le second y voit, a contrario, un dangereux projet islamo-politique qu\u2019il entend \u00e9radiquer avec l\u2019appui de ses alli\u00e9s saoudiens et \u00e9miriens. Le minist\u00e8re des Affaires \u00e9trang\u00e8res d\u2019Arabie saoudite n\u2019a d\u2019ailleurs pas manqu\u00e9 de manifester son<em>\u00a0\u00absoutien \u00e0 l\u2019\u00c9gypte quant \u00e0 son droit de d\u00e9fendre ses fronti\u00e8res et son peuple contre l\u2019extr\u00e9misme, les milices terroristes et leurs soutiens dans la r\u00e9gion\u00bb<\/em>.<\/p>\n<p class=\"css-s6jpj4 ekabp3u0\">Mais Ankara campe sur ses positions. Pour les autorit\u00e9s turques, le retrait des troupes du mar\u00e9chal Haftar de la ville de Syrte constitue une condition pr\u00e9alable \u00e0 toute tr\u00eave.<em>\u00a0\u00abUn cessez-le-feu doit \u00eatre viable (\u2026) ce qui veut dire que les forces de Haftar doivent se retirer de Syrte et d\u2019al-Joufra\u00bb<\/em>, a d\u00e9clar\u00e9 \u00e0 l\u2019AFP le porte-parole de la pr\u00e9sidence turque, Ibrahim Kalin. \u00c0 l\u2019initiative du Caire, les pays membres de la Ligue arabe doivent tenir, ce mardi, une visioconf\u00e9rence sur la Libye. Le GNA a d\u2019ores et d\u00e9j\u00e0 annonc\u00e9 qu\u2019il ne participerait pas \u00e0 la r\u00e9union, initialement pr\u00e9vue lundi.<\/p>\n<p><a href=\"https:\/\/www.lefigaro.fr\/international\/en-libye-le-torchon-brule-entre-ankara-et-le-caire-20200622\">LE FIGARO<\/a><\/p>\n<\/div>\n","protected":false},"excerpt":{"rendered":"<p>L\u2019\u00c9gypte menace d\u2019intervenir sur le sol libyen en cas d\u2019avanc\u00e9e des forces soutenues par la Turquie. &nbsp; Les ambitions r\u00e9gionales turques risquent-elles d\u2019ouvrir un nouveau front dans le conflit libyen? Apr\u00e8s la France, la Gr\u00e8ce et l\u2019Otan, c\u2019est au tour de l\u2019\u00c9gypte de tirer la sonnette d\u2019alarme. Paniqu\u00e9 par l\u2019avanc\u00e9e des forces du Gouvernement d\u2019union<\/p>\n","protected":false},"author":82,"featured_media":47913,"comment_status":"open","ping_status":"open","sticky":false,"template":"","format":"standard","meta":{"_uf_show_specific_survey":0,"_uf_disable_surveys":false,"footnotes":""},"categories":[37],"tags":[],"class_list":{"0":"post-47911","1":"post","2":"type-post","3":"status-publish","4":"format-standard","5":"has-post-thumbnail","7":"category-alaune-fr"},"aioseo_notices":[],"_links":{"self":[{"href":"https:\/\/middleeasttransparent.com\/fr\/wp-json\/wp\/v2\/posts\/47911","targetHints":{"allow":["GET"]}}],"collection":[{"href":"https:\/\/middleeasttransparent.com\/fr\/wp-json\/wp\/v2\/posts"}],"about":[{"href":"https:\/\/middleeasttransparent.com\/fr\/wp-json\/wp\/v2\/types\/post"}],"author":[{"embeddable":true,"href":"https:\/\/middleeasttransparent.com\/fr\/wp-json\/wp\/v2\/users\/82"}],"replies":[{"embeddable":true,"href":"https:\/\/middleeasttransparent.com\/fr\/wp-json\/wp\/v2\/comments?post=47911"}],"version-history":[{"count":0,"href":"https:\/\/middleeasttransparent.com\/fr\/wp-json\/wp\/v2\/posts\/47911\/revisions"}],"wp:featuredmedia":[{"embeddable":true,"href":"https:\/\/middleeasttransparent.com\/fr\/wp-json\/wp\/v2\/media\/47913"}],"wp:attachment":[{"href":"https:\/\/middleeasttransparent.com\/fr\/wp-json\/wp\/v2\/media?parent=47911"}],"wp:term":[{"taxonomy":"category","embeddable":true,"href":"https:\/\/middleeasttransparent.com\/fr\/wp-json\/wp\/v2\/categories?post=47911"},{"taxonomy":"post_tag","embeddable":true,"href":"https:\/\/middleeasttransparent.com\/fr\/wp-json\/wp\/v2\/tags?post=47911"}],"curies":[{"name":"wp","href":"https:\/\/api.w.org\/{rel}","templated":true}]}}