{"id":47893,"date":"2020-06-22T23:11:13","date_gmt":"2020-06-22T22:11:13","guid":{"rendered":"https:\/\/middleeasttransparent.com\/?p=47893"},"modified":"2020-06-22T23:11:13","modified_gmt":"2020-06-22T22:11:13","slug":"agonie-du-liban-et-declaration-de-baabda-2","status":"publish","type":"post","link":"https:\/\/middleeasttransparent.com\/fr\/agonie-du-liban-et-declaration-de-baabda-2\/","title":{"rendered":"Agonie du Liban et \u00ab d\u00e9claration de Baabda-2 \u00bb ?"},"content":{"rendered":"<h3><span style=\"color: #0000ff;\"><strong>L\u2019Etat moderne est d\u00e9fini en tant que personne morale de droit public, une fantastique abstraction intellectuelle qui \u00ab appara\u00eet lorsque l\u2019exercice du pouvoir se distingue de sa propri\u00e9t\u00e9 \u00bb.<\/strong><\/span><\/h3>\n<p>&nbsp;<\/p>\n<p>On lui reconna\u00eet en g\u00e9n\u00e9ral trois composantes fondamentales : un territoire circonscrit par une fronti\u00e8re qui d\u00e9limite un espace ins\u00e9cable de souverainet\u00e9 ; une population dont la citoyennet\u00e9 est fond\u00e9e sur la Loi ind\u00e9pendamment de toute identit\u00e9 collective ; une autorit\u00e9 qui monopolise l\u2019usage exclusif de la violence en vue d\u2019imposer et prot\u00e9ger le Droit. Sans cette violence fondatrice, dont la finalit\u00e9 est la paix civile et la garantie du contrat social, l\u2019Etat est, au mieux une fiction, au pire un cauchemar. Si d\u2019aventure l\u2019exercice de cette violence \u00e9chappe \u00e0 la personne morale appel\u00e9e \u00ab Etat \u00bb, souveraine \u00e0 l\u2019int\u00e9rieur de ses fronti\u00e8res, cette entit\u00e9 cesse alors d\u2019exister et la population du territoire en question se retrouve dans une situation d\u2019avant l\u2019Etat, celle des \u00ab chefferies \u00bb, des \u00ab clans \u00bb, et des \u00ab seigneurs de guerre \u00bb o\u00f9 le pouvoir, arbitraire et discr\u00e9tionnaire, appartient \u00e0 celui qui l\u2019exerce.<\/p>\n<p>On a vu une telle situation apr\u00e8s <strong>la dissolution de l\u2019Etat irakien<\/strong> par les forces am\u00e9ricaines en 2003. <strong>On assiste actuellement \u00e0 l\u2019interminable et p\u00e9nible agonie de l\u2019Etat au Liban<\/strong>, d\u00e9pouill\u00e9 de son monopole d\u2019utiliser la violence qui se trouve r\u00e9partie, tel un butin de guerre, entre chefferies rivales dont certaines sont soumises \u00e0 l\u2019\u00e9tranger.<\/p>\n<p><strong>Le 1er septembre 1920, la R\u00e9publique Fran\u00e7aise avait donn\u00e9 naissance \u00e0 l\u2019Etat du Grand Liban<\/strong> sur les territoires d\u2019anciennes provinces ottomanes qui deviendront la R\u00e9publique Libanaise. Dot\u00e9 d\u2019une Constitution d\u00e8s 1926, poss\u00e9dant tous les attributs et les moyens de l\u2019Etat de droit, le Liban se retrouve, un si\u00e8cle plus tard, sur son lit de mort entour\u00e9s des grands seigneurs de guerre libanais qui sont suppos\u00e9s se retrouver, le 25 juin prochain, au Palais de Baabda pour une photo comm\u00e9morative. On se souviendra que la date du 25 juin \u00e9tait stipul\u00e9e dans la D\u00e9claration de Baabda proclam\u00e9e en 2012 par le pr\u00e9sident Michel Sleiman pour la r\u00e9union d\u2019une assembl\u00e9e de dialogue national afin de s\u2019entendre sur les modalit\u00e9s d\u2019application de 17 principes qui proclament, entre autres, la fid\u00e9lit\u00e9 aux Accords de Ta\u00ebf, la distanciation par rapport aux axes strat\u00e9giques, l\u2019ind\u00e9pendance du pouvoir judiciaire, le verrouillage de la fronti\u00e8re libano-syrienne, le respect des r\u00e9solutions internationales dont la 1701, la confiance dans les forces arm\u00e9es seules habilit\u00e9es \u00e0 prot\u00e9ger le territoire national, la mise en place de la relance \u00e9conomique etc. Huit ans plus tard, rien n\u2019a \u00e9t\u00e9 fait. La classe politique refuse de renoncer \u00e0 ses m\u0153urs perverses et \u00e0 vampiriser l\u2019Etat. On en veut pour preuve parmi d\u2019autres, le blocage par le pr\u00e9sident de la r\u00e9publique du d\u00e9cret des permutations judiciaires que la ministre de la justice a fini, la main forc\u00e9e, par signer. Le peuple libanais est au bord de la famine ; mais la caste au pouvoir ne songe qu\u2019\u00e0 r\u00e9gler des comptes sordides avec ses rivaux \u00e0 l\u2019image de clans mafieux.<\/p>\n<p><strong>D\u00e8s lors une seule question se pose : que signifie actuellement la convocation au Palais de Baabda de la Loya-Jirga libanaise alors qu\u2019il y a encore un parlement ?<\/strong> Est-ce pour proclamer la loyaut\u00e9 de tous aux 17 principes de la \u00ab D\u00e9claration de Baabda \u00bb de 2012 ? Ou bien, serait-ce pour annoncer une \u00e9ventuelle d\u00e9claration de \u00ab Baabda-2 \u00bb plus conforme aux orientations strat\u00e9giques \u00e9dict\u00e9es par Hassan Nasrallah, ma\u00eetre de facto du Liban ? Un \u00ab Baabda-2 \u00bb viendra-t-il r\u00e9\u00e9diter l\u2019Accord du Caire de 1968 et consacrer l\u2019ali\u00e9nation de la souverainet\u00e9 de l\u2019Etat sur le territoire du Grand Liban de 1920 ?<\/p>\n<p>Avant de se lancer dans leurs litotes traditionnelles et les entourloupettes de leur langue de bois, les chefs politiques, notamment chr\u00e9tiens, sont somm\u00e9s d\u2019oublier la course \u00e0 la pr\u00e9sidence de la r\u00e9publique et de s\u2019occuper exclusivement de la\u00a0 \u00ab D\u00e9claration de Baabda \u00bb seule garante de la souverainet\u00e9 de l\u2019Etat \u00e0 l\u2019int\u00e9rieur de ses fronti\u00e8res. Tous les membres de la Loya-Jirga qui se retrouveront au palais pr\u00e9sidentiel le 25 juin, doivent imp\u00e9rativement prot\u00e9ger cette d\u00e9claration de 2012, s\u2019ils souhaitent c\u00e9l\u00e9brer, le 1er septembre prochain, le centenaire du Grand Liban et non ses piteuses fun\u00e9railles.<\/p>\n<p>acourban@gmail.com<\/p>\n<p>*Beyrouth<\/p>\n<p>&nbsp;<\/p>\n<p><a href=\"https:\/\/www.lorientlejour.com\/article\/1222885\/agonie-du-liban-et-declaration-de-baabda-2-.html\">OLJ<\/a><\/p>\n","protected":false},"excerpt":{"rendered":"<p>L\u2019Etat moderne est d\u00e9fini en tant que personne morale de droit public, une fantastique abstraction intellectuelle qui \u00ab appara\u00eet lorsque l\u2019exercice du pouvoir se distingue de sa propri\u00e9t\u00e9 \u00bb. &nbsp; On lui reconna\u00eet en g\u00e9n\u00e9ral trois composantes fondamentales : un territoire circonscrit par une fronti\u00e8re qui d\u00e9limite un espace ins\u00e9cable de souverainet\u00e9 ; une population<\/p>\n","protected":false},"author":33,"featured_media":47897,"comment_status":"open","ping_status":"open","sticky":false,"template":"","format":"standard","meta":{"_uf_show_specific_survey":0,"_uf_disable_surveys":false,"footnotes":""},"categories":[37],"tags":[],"class_list":{"0":"post-47893","1":"post","2":"type-post","3":"status-publish","4":"format-standard","5":"has-post-thumbnail","7":"category-alaune-fr"},"aioseo_notices":[],"_links":{"self":[{"href":"https:\/\/middleeasttransparent.com\/fr\/wp-json\/wp\/v2\/posts\/47893","targetHints":{"allow":["GET"]}}],"collection":[{"href":"https:\/\/middleeasttransparent.com\/fr\/wp-json\/wp\/v2\/posts"}],"about":[{"href":"https:\/\/middleeasttransparent.com\/fr\/wp-json\/wp\/v2\/types\/post"}],"author":[{"embeddable":true,"href":"https:\/\/middleeasttransparent.com\/fr\/wp-json\/wp\/v2\/users\/33"}],"replies":[{"embeddable":true,"href":"https:\/\/middleeasttransparent.com\/fr\/wp-json\/wp\/v2\/comments?post=47893"}],"version-history":[{"count":0,"href":"https:\/\/middleeasttransparent.com\/fr\/wp-json\/wp\/v2\/posts\/47893\/revisions"}],"wp:featuredmedia":[{"embeddable":true,"href":"https:\/\/middleeasttransparent.com\/fr\/wp-json\/wp\/v2\/media\/47897"}],"wp:attachment":[{"href":"https:\/\/middleeasttransparent.com\/fr\/wp-json\/wp\/v2\/media?parent=47893"}],"wp:term":[{"taxonomy":"category","embeddable":true,"href":"https:\/\/middleeasttransparent.com\/fr\/wp-json\/wp\/v2\/categories?post=47893"},{"taxonomy":"post_tag","embeddable":true,"href":"https:\/\/middleeasttransparent.com\/fr\/wp-json\/wp\/v2\/tags?post=47893"}],"curies":[{"name":"wp","href":"https:\/\/api.w.org\/{rel}","templated":true}]}}