{"id":47884,"date":"2020-06-22T13:40:09","date_gmt":"2020-06-22T12:40:09","guid":{"rendered":"https:\/\/middleeasttransparent.com\/?p=47884"},"modified":"2020-06-22T13:40:09","modified_gmt":"2020-06-22T12:40:09","slug":"premiere-visite-du-president-tunisien-kais-saied-a-paris","status":"publish","type":"post","link":"https:\/\/middleeasttransparent.com\/fr\/premiere-visite-du-president-tunisien-kais-saied-a-paris\/","title":{"rendered":"Premi\u00e8re visite du pr\u00e9sident tunisien Ka\u00efs Sa\u00efed \u00e0 Paris"},"content":{"rendered":"<header class=\"css-1n8jgp1 e8mzd9n1\">\n<h2 class=\"css-betwzw edox7vr0\"><strong>Avec Emmanuel Macron, le professeur de droit devra parler \u00e9conomie et \u00e9voquer le pass\u00e9 franco-tunisien comme l\u2019avenir de la Libye.<\/strong><\/h2>\n<\/header>\n<p>&nbsp;<\/p>\n<div class=\"css-6zzxro ey7xkwt0\" data-component=\"fig-content-body\">\n<p class=\"css-s6jpj4 ekabp3u0\"><em>Tunis<\/em><\/p>\n<p class=\"css-s6jpj4 ekabp3u0\">Beaucoup s\u2019interrogeaient sur le premier voyage en Europe de Ka\u00efs Sa\u00efed: Bruxelles, Berlin ou Paris?\u00a0<a class=\"css-bdba3s esdb6og5\" href=\"https:\/\/www.lefigaro.fr\/international\/kais-saied-elu-president-de-la-tunisie-et-de-sa-revolution-20191014\" data-fig-id=\"bGVmaWdhcm8uZnJfXzJlNTFlMDNlLWVlOGMtMTFlOS1iYTIxLWNkMTFkODAwMjM1Zl9fQXJ0aWNsZQ==\" data-fig-type=\"Article\" data-gtm-custom-categorie=\"navigation\" data-gtm-custom-action=\"crossclick\" data-gtm-custom-label=\"Contextuel\" data-gtm-event=\"customEventSPE\">\u00c9lu en octobre dernier sur la base d\u2019une politique tourn\u00e9e vers les pays arabes<\/a>, le pr\u00e9sident tunisien s\u2019ancre finalement dans la tradition diplomatique de son pays: il sera en France ce lundi pour une visite de travail de 24 heures, o\u00f9 il verra notamment en t\u00eate-\u00e0-t\u00eate Emmanuel Macron. Un voyage important pour les relations bilat\u00e9rales avec son premier partenaire \u00e9conomique, mais aussi pour la politique int\u00e9rieure tunisienne, Ka\u00efs Sa\u00efed devant prouver qu\u2019il est le ma\u00eetre de la diplomatie tunisienne alors que le pr\u00e9sident du Parlement, l\u2019islamiste Rached Ghannouchi (Ennahdha), semble marcher sur ses plates-bandes.<\/p>\n<p class=\"css-s6jpj4 ekabp3u0\">Lors de la campagne \u00e9lectorale, Ka\u00efs Sa\u00efed avait laiss\u00e9 entendre que sa politique \u00e9trang\u00e8re se focaliserait sur les pays arabes, la situation en Palestine \u00e9tant au c\u0153ur de ses discours. Il a donc surpris en acceptant, le 5 juin, l\u2019invitation du pr\u00e9sident Macron. Le palais de Carthage s\u2019en d\u00e9fend: \u00ab<em>La visite en France, ayant \u00e9t\u00e9 programm\u00e9e en avril, avant le confinement. Apr\u00e8s son voyage officiel en Alg\u00e9rie, le pr\u00e9sident va en France. Il envoie ainsi un message clair: la Tunisie est au Maghreb mais aussi en M\u00e9diterran\u00e9e.<\/em>\u00bb<\/p>\n<p class=\"css-s6jpj4 ekabp3u0\">Au c\u0153ur de cette visite, l\u2019\u00e9conomie tunisienne,\u00a0<a class=\"css-bdba3s esdb6og5\" href=\"https:\/\/www.lefigaro.fr\/international\/quarantaine-a-l-hotel-en-tunisie-20200511\" data-fig-id=\"bGVmaWdhcm8uZnJfX2VlYjE3YWUwLTkzOTMtMTFlYS04NWIwLWNkMjlhZjU0MmE3Zl9fQXJ0aWNsZQ==\" data-fig-type=\"Article\" data-gtm-custom-categorie=\"navigation\" data-gtm-custom-action=\"crossclick\" data-gtm-custom-label=\"Contextuel\" data-gtm-event=\"customEventSPE\">fortement touch\u00e9e par le Covid-19<\/a>\u00a0et six semaines de confinement g\u00e9n\u00e9ral. Les analystes redoutent une escalade du ch\u00f4mage, de 15,1 % \u00e0 20 %. Alors que les m\u00e9dias tunisiens \u00e9voquent une aide avec des \u00ab<em>montants additionnels cons\u00e9quents<\/em>\u00bb de la part de la France, premier partenaire \u00e9conomique, le palais pr\u00e9sidentiel pr\u00e9f\u00e8re souligner que \u00ab<em>le pr\u00e9sident tunisien est dans l\u2019\u00e9change. Il veut instaurer une relation donnant-donnant dans un rapport d\u2019interd\u00e9pendance<\/em>.\u00bb Le fait que la Tunisie, qui a re\u00e7u diff\u00e9rents dons de pays europ\u00e9ens pendant la crise du coronavirus, ait envoy\u00e9 des m\u00e9decins en Italie est cit\u00e9 comme exemple.<\/p>\n<p class=\"css-s6jpj4 ekabp3u0\">La crise du voisin libyen sera \u00e9galement au menu des discussions. Alors que Paris penche pour\u00a0<a class=\"css-bdba3s esdb6og5\" href=\"https:\/\/www.lefigaro.fr\/international\/libye-khalifa-haftar-et-son-armee-repousses-loin-de-tripoli-20200605\" data-fig-id=\"bGVmaWdhcm8uZnJfXzI0YjIwNmZhLWE3NDQtMTFlYS1hMDFmLTMxNGYzZDRjZWIxNl9fQXJ0aWNsZQ==\" data-fig-type=\"Article\" data-gtm-custom-categorie=\"navigation\" data-gtm-custom-action=\"crossclick\" data-gtm-custom-label=\"Contextuel\" data-gtm-event=\"customEventSPE\">le mar\u00e9chal Hafta<\/a>r, qui conna\u00eet des revers ces derni\u00e8res semaines, Tunis s\u2019est toujours montr\u00e9 prudent. \u00ab<em>Ka\u00efs Sa\u00efed va r\u00e9affirmer la position tunisienne qui consiste \u00e0 \u00eatre align\u00e9e avec la communaut\u00e9 internationale et \u00e0 d\u00e9noncer les interf\u00e9rences \u00e9trang\u00e8res. La Tunisie n\u2019a aucun int\u00e9r\u00eat \u00e0 prendre parti pour un clan plut\u00f4t qu\u2019un autre. Elle doit rester \u00e9quidistante pour s\u2019assurer une bonne place \u00e0 l\u2019avenir<\/em>\u00bb, estime Selim Kharrat, de l\u2019ONG al-Bawsala qui observe la vie publique.<\/p>\n<h2 class=\"css-1trbs3s e197bajz0\">Un discours populiste<\/h2>\n<p class=\"css-s6jpj4 ekabp3u0\">L\u2019affaire de la motion demandant des excuses \u00e0 la France pour la p\u00e9riode coloniale, \u00e9tudi\u00e9e \u00e0 l\u2019Assembl\u00e9e de Tunis le 10 juin, est un autre point sensible. Finalement rejet\u00e9e, elle avait \u00e9t\u00e9 propos\u00e9e par la coalition islamiste Karama (dignit\u00e9) qui avait appel\u00e9 \u00e0 voter Ka\u00efs Sa\u00efed. Carthage a pr\u00e9f\u00e9r\u00e9 le silence \u00e0 ce sujet. Lors de sa campagne, Ka\u00efs Sa\u00efed s\u2019\u00e9tait born\u00e9 \u00e0 d\u00e9clarer \u00e0 propos de la France: \u00ab<em>Nous avons un destin commun en tant que voisin. D\u00e9passons les moments tumultueux pour \u00e9crire une nouvelle histoire ensemble<\/em>.\u00bb Alors qu\u2019on dit que Ka\u00efs Sa\u00efed n\u2019est pas un grand francophile, Selim Kharrat relativise: \u00ab<em>Je ne pense pas qu\u2019il ait quelque chose \u00e0 reprocher \u00e0 la France. Il a seulement un discours populiste qui verse parfois dans le French bashing.<\/em>\u00bb Le palais rappelle que le prochain sommet de la Francophonie aura lieu \u00e0 Djerba en 2021, tout en pr\u00e9cisant qu\u2019il se d\u00e9roulera<em>\u00a0\u00abdans un univers multilingue pour prouver la conciliation entre nos diff\u00e9rentes racines et notre culture.<\/em>\u00bb<\/p>\n<p class=\"css-s6jpj4 ekabp3u0\">Cette visite sera aussi l\u2019occasion pour le n\u00e9ophyte pr\u00e9sident tunisien de s\u2019afficher sur la sc\u00e8ne diplomatique. Son pr\u00e9d\u00e9cesseur, B\u00e9ji Ca\u00efd Essebsi (mort en juillet 2019 dans l\u2019exercice de ses fonctions), \u00e9tait rompu aux relations internationales. Ka\u00efs Sa\u00efed semble plus pr\u00e9occup\u00e9 de politique int\u00e9rieure, mais a tout de m\u00eame effectu\u00e9 le \u00abm\u00e9nage\u00bb, limogeant notamment l\u2019ancien ministre des Affaires \u00e9trang\u00e8res, l\u2019ambassadeur et le consul g\u00e9n\u00e9ral tunisiens de Paris, \u00e0 la surprise g\u00e9n\u00e9rale. Cette visite en France n\u2019est que son troisi\u00e8me voyage apr\u00e8s le sultanat d\u2019Oman (en janvier \u00e0 l\u2019occasion du d\u00e9c\u00e8s du sultan) et l\u2019Alg\u00e9rie en f\u00e9vrier. L\u2019ancien professeur en droit constitutionnel n\u2019a particip\u00e9 \u00e0 aucun sommet international. Ce qui a laiss\u00e9 le champ libre \u00e0 ses adversaires.<\/p>\n<p class=\"css-s6jpj4 ekabp3u0\"><strong>Le pr\u00e9sident islamo-conservateur de l\u2019Assembl\u00e9e, Rached Ghannouchi, semble ainsi mener depuis quelques mois une diplomatie parall\u00e8le<\/strong>. En janvier, il a \u00e9t\u00e9 re\u00e7u par le pr\u00e9sident turc Erdogan. Il a \u00e9galement particip\u00e9 \u00e0 une conf\u00e9rence organis\u00e9e par le Qatar avec des Fr\u00e8res musulmans et s\u2019est entretenu\u00a0<a class=\"css-bdba3s esdb6og5\" href=\"https:\/\/www.lefigaro.fr\/international\/2017\/02\/23\/01003-20170223ARTFIG00288-fayez-al-sarraj-un-premier-ministre-en-pleine-impasse-a-tripoli.php\" data-fig-id=\"bGVmaWdhcm8uZnJfXzIwMTcwMjIzQVJURklHMDAyODhfX0FydGljbGU=\" data-fig-type=\"Article\" data-gtm-custom-categorie=\"navigation\" data-gtm-custom-action=\"crossclick\" data-gtm-custom-label=\"Contextuel\" data-gtm-event=\"customEventSPE\">avec le premier ministre libyen Fayez al-Sarraj<\/a>, pour le f\u00e9liciter de ses victoires obtenues avec le soutien de la Turquie. De quoi agacer le palais de Carthage. Le 23 mai, Ka\u00efs Sa\u00efed a mis les choses au clair: \u00ab<em>Il y a un seul et m\u00eame pr\u00e9sident \u00e0 l\u2019int\u00e9rieur et \u00e0 l\u2019\u00e9tranger.<\/em>\u00bb<\/p>\n<p><a href=\"https:\/\/www.lefigaro.fr\/international\/premiere-visite-du-president-tunisien-kais-saied-a-paris-20200621\">Le Figaro<\/a><\/p>\n<\/div>\n","protected":false},"excerpt":{"rendered":"<p>Avec Emmanuel Macron, le professeur de droit devra parler \u00e9conomie et \u00e9voquer le pass\u00e9 franco-tunisien comme l\u2019avenir de la Libye. &nbsp; Tunis Beaucoup s\u2019interrogeaient sur le premier voyage en Europe de Ka\u00efs Sa\u00efed: Bruxelles, Berlin ou Paris?\u00a0\u00c9lu en octobre dernier sur la base d\u2019une politique tourn\u00e9e vers les pays arabes, le pr\u00e9sident tunisien s\u2019ancre finalement<\/p>\n","protected":false},"author":679,"featured_media":47889,"comment_status":"open","ping_status":"open","sticky":false,"template":"","format":"standard","meta":{"_uf_show_specific_survey":0,"_uf_disable_surveys":false,"footnotes":""},"categories":[37],"tags":[],"class_list":{"0":"post-47884","1":"post","2":"type-post","3":"status-publish","4":"format-standard","5":"has-post-thumbnail","7":"category-alaune-fr"},"aioseo_notices":[],"_links":{"self":[{"href":"https:\/\/middleeasttransparent.com\/fr\/wp-json\/wp\/v2\/posts\/47884","targetHints":{"allow":["GET"]}}],"collection":[{"href":"https:\/\/middleeasttransparent.com\/fr\/wp-json\/wp\/v2\/posts"}],"about":[{"href":"https:\/\/middleeasttransparent.com\/fr\/wp-json\/wp\/v2\/types\/post"}],"author":[{"embeddable":true,"href":"https:\/\/middleeasttransparent.com\/fr\/wp-json\/wp\/v2\/users\/679"}],"replies":[{"embeddable":true,"href":"https:\/\/middleeasttransparent.com\/fr\/wp-json\/wp\/v2\/comments?post=47884"}],"version-history":[{"count":0,"href":"https:\/\/middleeasttransparent.com\/fr\/wp-json\/wp\/v2\/posts\/47884\/revisions"}],"wp:featuredmedia":[{"embeddable":true,"href":"https:\/\/middleeasttransparent.com\/fr\/wp-json\/wp\/v2\/media\/47889"}],"wp:attachment":[{"href":"https:\/\/middleeasttransparent.com\/fr\/wp-json\/wp\/v2\/media?parent=47884"}],"wp:term":[{"taxonomy":"category","embeddable":true,"href":"https:\/\/middleeasttransparent.com\/fr\/wp-json\/wp\/v2\/categories?post=47884"},{"taxonomy":"post_tag","embeddable":true,"href":"https:\/\/middleeasttransparent.com\/fr\/wp-json\/wp\/v2\/tags?post=47884"}],"curies":[{"name":"wp","href":"https:\/\/api.w.org\/{rel}","templated":true}]}}