{"id":47386,"date":"2020-05-28T21:58:58","date_gmt":"2020-05-28T20:58:58","guid":{"rendered":"https:\/\/middleeasttransparent.com\/?p=47386"},"modified":"2020-05-28T21:58:58","modified_gmt":"2020-05-28T20:58:58","slug":"coup-de-chaud-diplomatique-entre-paris-et-alger","status":"publish","type":"post","link":"https:\/\/middleeasttransparent.com\/fr\/coup-de-chaud-diplomatique-entre-paris-et-alger\/","title":{"rendered":"Coup de chaud diplomatique entre Paris et Alger"},"content":{"rendered":"<header class=\"css-1n8jgp1 e8mzd9n1\">\n<h2 class=\"css-betwzw edox7vr0\"><span style=\"color: #0000ff;\"><strong>L\u2019Alg\u00e9rie a rappel\u00e9 son ambassadeur en France pour protester contre la diffusion de deux documentaires sur France 5 et LCP.<\/strong><\/span><\/h2>\n<\/header>\n<div class=\"css-umpurk e590w5o1\"><\/div>\n<figure class=\"css-1mx1nbj e109d7m50\"><\/figure>\n<p>&nbsp;<\/p>\n<div class=\"css-6zzxro ey7xkwt0\" data-component=\"fig-content-body\">\n<p class=\"css-s6jpj4 ekabp3u0\"><strong>Les r\u00e9gimes autoritaires ont souvent du mal \u00e0 comprendre que les m\u00e9dias, dans les pays d\u00e9mocratiques, sont ind\u00e9pendants du pouvoir politique, dont ils ne sont pas les porte-parole. Cet \u00aboubli\u00bb est \u00e0 l\u2019origine d\u2019un nouveau coup de chaud diplomatique entre la France et l\u2019Alg\u00e9rie, qui a rappel\u00e9 mercredi son ambassadeur \u00ab<em>imm\u00e9diatement<\/em>\u00bb pour consultation.<\/strong><\/p>\n<p class=\"css-s6jpj4 ekabp3u0\">La raison? La diffusion, mardi, de deux documentaires t\u00e9l\u00e9vis\u00e9s &#8211;\u00a0<em>Alg\u00e9rie mon amour<\/em>\u00a0et\u00a0<em>Alg\u00e9rie: les promesses de l\u2019aube<\/em>\u00a0\u00e9voquant, sur France 5 et LCP, le mouvement de contestation anti-r\u00e9gime Hirak qui, depuis le d\u00e9but de l\u2019ann\u00e9e 2019, demande la fin du \u00ab<em>syst\u00e8me<\/em>\u00bb. Dans un communiqu\u00e9, le minist\u00e8re des Affaires \u00e9trang\u00e8res d\u00e9nonce ce qu\u2019il consid\u00e8re comme \u00ab<em>des attaques contre le peuple alg\u00e9rien et ses institutions, dont l\u2019arm\u00e9e<\/em>\u00bb. \u00ab<em>Cet activisme o\u00f9 l\u2019inimiti\u00e9 le dispute \u00e0 la ranc\u0153ur<\/em>\u00bb peut-on \u00e9galement lire, \u00ab<em>d\u00e9voile les intentions malveillantes et durables de certains milieux qui ne souhaitent pas l\u2019av\u00e8nement de relations apais\u00e9es entre l\u2019Alg\u00e9rie et la France<\/em>\u2026\u00bb<\/p>\n<p><iframe src=\"https:\/\/www.youtube.com\/embed\/U74ohGFxIWg\" width=\"754\" height=\"424\" frameborder=\"0\" allowfullscreen=\"allowfullscreen\"><\/iframe><\/p>\n<\/div>\n<p>&nbsp;<\/p>\n<div class=\"css-6zzxro ey7xkwt0\" data-component=\"fig-content-body\">\n<h2 class=\"css-1trbs3s e197bajz0\">Une relation volatile<\/h2>\n<p class=\"css-s6jpj4 ekabp3u0\">Cinquante-huit ans apr\u00e8s l\u2019ind\u00e9pendance, les relations entre la France et son ancienne colonie sont toujours aussi sensibles et s\u2019enflamment \u00e0 la moindre occasion. La volatilit\u00e9 de la relation n\u2019a pas chang\u00e9 depuis la chute de Bouteflika en avril 2019, ni depuis la prise de fonction du nouveau pr\u00e9sident Abdelmadjid Tebboune en d\u00e9cembre de la m\u00eame ann\u00e9e. Le lien n\u2019a pas davantage \u00e9t\u00e9 apais\u00e9 par la visite de Jean-Yves Le Drian d\u00e9but 2020 \u00e0 Alger, o\u00f9 il avait rencontr\u00e9 le nouveau pr\u00e9sident. Prenant acte du changement de pouvoir, le chef de la diplomatie fran\u00e7aise avait insist\u00e9 sur les convergences entre les deux pays. Dans la r\u00e9gion, l\u2019Alg\u00e9rie est en effet le partenaire cl\u00e9 de Paris dans les crises r\u00e9gionales en Libye et au Sahel.<\/p>\n<p class=\"css-s6jpj4 ekabp3u0\">Le mois dernier, l\u2019ambassadeur de France \u00e0 Alger, Xavier Driencourt, avait d\u00e9j\u00e0 \u00e9t\u00e9 convoqu\u00e9 au minist\u00e8re des Affaires \u00e9trang\u00e8res, o\u00f9 on lui avait reproch\u00e9 les d\u00e9clarations faites par un chercheur sur la cha\u00eene de t\u00e9l\u00e9vision France 24 \u00e0 propos de l\u2019aide m\u00e9dicale chinoise \u00e0 l\u2019Alg\u00e9rie. Au d\u00e9but de l\u2019ann\u00e9e, le pr\u00e9sident alg\u00e9rien avait d\u00e9nonc\u00e9 les propos d\u2019Emmanuel Macron, qui au d\u00e9but du <em>Hirak<\/em> avait appel\u00e9 \u00e0 \u00ab<em>une transition d\u2019une dur\u00e9e raisonnable<\/em>\u00bb. Ses d\u00e9clarations avaient \u00e9t\u00e9 consid\u00e9r\u00e9es comme \u00ab<em>une ing\u00e9rence dans les affaires<\/em>\u00bb du pays. \u00ab<em>L\u2019Alg\u00e9rie n\u2019est pas une chasse gard\u00e9e de la France<\/em>, avait affirm\u00e9 Abdelmadjid Tebboune.\u00a0<em>L\u2019Alg\u00e9rie, avec sa nouvelle g\u00e9n\u00e9ration et sa nouvelle direction, n\u2019acceptera aucune immixtion ou tutelle.<\/em>\u00bb<\/p>\n<p class=\"css-s6jpj4 ekabp3u0\"><strong>Le caract\u00e8re tout \u00e0 fait disproportionn\u00e9 du nouvel incident diplomatique sugg\u00e8re \u00e9galement une certaine fragilit\u00e9 du pouvoir<\/strong>, qui pourrait utiliser la carte du nationalisme pour masquer ses difficult\u00e9s politiques et \u00e9conomiques. La crise sanitaire avait interrompu le mouvement populaire <em>Hirak<\/em>, mais nul doute que les manifestations reprendront quand elle aura \u00e9t\u00e9 d\u00e9pass\u00e9e. Or, la crise \u00e9conomique qui s\u2019annonce, en Alg\u00e9rie, comme partout ailleurs, risque de grossir le nombre des m\u00e9contents.<\/p>\n<p class=\"css-s6jpj4 ekabp3u0\"><strong>Cette nouvelle passe d\u2019armes entre Alger et Paris intervient en outre \u00e0 un moment o\u00f9 la r\u00e9pression se poursuit contre les opposants, les journalistes et les m\u00e9dias ind\u00e9pendants. La justice alg\u00e9rienne a refus\u00e9 mercredi la demande de remise en libert\u00e9 du correspondant de TV5 Monde Khaled Drareni, emprisonn\u00e9 depuis fin mars et devenu le symbole du combat pour la libert\u00e9 de la presse en Alg\u00e9rie.<\/strong><\/p>\n<p><a href=\"https:\/\/www.lefigaro.fr\/international\/coup-de-chaud-diplomatique-entre-paris-et-alger-20200528\">LE FIGARO<\/a><\/p>\n<\/div>\n","protected":false},"excerpt":{"rendered":"<p>L\u2019Alg\u00e9rie a rappel\u00e9 son ambassadeur en France pour protester contre la diffusion de deux documentaires sur France 5 et LCP. &nbsp; Les r\u00e9gimes autoritaires ont souvent du mal \u00e0 comprendre que les m\u00e9dias, dans les pays d\u00e9mocratiques, sont ind\u00e9pendants du pouvoir politique, dont ils ne sont pas les porte-parole. Cet \u00aboubli\u00bb est \u00e0 l\u2019origine d\u2019un<\/p>\n","protected":false},"author":570,"featured_media":47390,"comment_status":"open","ping_status":"open","sticky":false,"template":"","format":"standard","meta":{"_uf_show_specific_survey":0,"_uf_disable_surveys":false,"footnotes":""},"categories":[37],"tags":[],"class_list":{"0":"post-47386","1":"post","2":"type-post","3":"status-publish","4":"format-standard","5":"has-post-thumbnail","7":"category-alaune-fr"},"aioseo_notices":[],"_links":{"self":[{"href":"https:\/\/middleeasttransparent.com\/fr\/wp-json\/wp\/v2\/posts\/47386","targetHints":{"allow":["GET"]}}],"collection":[{"href":"https:\/\/middleeasttransparent.com\/fr\/wp-json\/wp\/v2\/posts"}],"about":[{"href":"https:\/\/middleeasttransparent.com\/fr\/wp-json\/wp\/v2\/types\/post"}],"author":[{"embeddable":true,"href":"https:\/\/middleeasttransparent.com\/fr\/wp-json\/wp\/v2\/users\/570"}],"replies":[{"embeddable":true,"href":"https:\/\/middleeasttransparent.com\/fr\/wp-json\/wp\/v2\/comments?post=47386"}],"version-history":[{"count":0,"href":"https:\/\/middleeasttransparent.com\/fr\/wp-json\/wp\/v2\/posts\/47386\/revisions"}],"wp:featuredmedia":[{"embeddable":true,"href":"https:\/\/middleeasttransparent.com\/fr\/wp-json\/wp\/v2\/media\/47390"}],"wp:attachment":[{"href":"https:\/\/middleeasttransparent.com\/fr\/wp-json\/wp\/v2\/media?parent=47386"}],"wp:term":[{"taxonomy":"category","embeddable":true,"href":"https:\/\/middleeasttransparent.com\/fr\/wp-json\/wp\/v2\/categories?post=47386"},{"taxonomy":"post_tag","embeddable":true,"href":"https:\/\/middleeasttransparent.com\/fr\/wp-json\/wp\/v2\/tags?post=47386"}],"curies":[{"name":"wp","href":"https:\/\/api.w.org\/{rel}","templated":true}]}}