{"id":47270,"date":"2020-05-23T19:10:57","date_gmt":"2020-05-23T18:10:57","guid":{"rendered":"https:\/\/middleeasttransparent.com\/?p=47270"},"modified":"2020-05-23T19:13:02","modified_gmt":"2020-05-23T18:13:02","slug":"un-homme-que-jaurais-pu-aimer-catherine-deneuve-raconte-son-michel-piccoli","status":"publish","type":"post","link":"https:\/\/middleeasttransparent.com\/fr\/un-homme-que-jaurais-pu-aimer-catherine-deneuve-raconte-son-michel-piccoli\/","title":{"rendered":"\u00abUn homme que j&rsquo;aurais pu aimer\u00bb\u00a0: Catherine Deneuve raconte son Michel Piccoli"},"content":{"rendered":"<article id=\"fig-article\" class=\"css-79elbk e8mzd9n0\">\n<header class=\"css-1n8jgp1 e8mzd9n1\">\n<h3 class=\"css-betwzw edox7vr0\"><span style=\"color: #0000ff;\"><strong>La com\u00e9dienne, qui s&rsquo;exprime pour la premi\u00e8re fois depuis son accident vasculaire, est revenue sur sa relation avec l&rsquo;acteur du \u00a0<i>M\u00e9pris<\/i>\u00a0avec lequel elle a partag\u00e9 l&rsquo;\u00e9cran dans onze films.<\/strong><\/span><i><\/i><\/h3>\n<\/header>\n<figure class=\"css-1mx1nbj e109d7m50\"><figcaption class=\"css-1midx83 emwtels0\"><\/figcaption><\/figure>\n<div class=\"css-6zzxro ey7xkwt0\" data-component=\"fig-content-body\">\n<p>&nbsp;<\/p>\n<p class=\"css-s6jpj4 ekabp3u0\">Elle ne s&rsquo;\u00e9tait pas exprim\u00e9e publiquement depuis\u00a0<a class=\"css-bdba3s esdb6og5\" href=\"https:\/\/www.lefigaro.fr\/cinema\/catherine-deneuve-hospitalisee-et-jugee-dans-un-etat-serieux-apres-un-malaise-20191106\" data-fig-id=\"bGVmaWdhcm8uZnJfXzI1ZWY0NjI2LTAwNzktMTFlYS04ZTlkLWQwNDdmMGEzNGEwY19fQXJ0aWNsZQ==\" data-fig-type=\"Article\" data-gtm-custom-categorie=\"navigation\" data-gtm-custom-action=\"crossclick\" data-gtm-custom-label=\"Contextuel\" data-gtm-event=\"customEventSPE\">son accident vasculaire<\/a>\u00a0en novembre. C&rsquo;est pour rendre hommage \u00e0 Michel Piccoli que Catherine Deneuve a d\u00e9cid\u00e9 de s&rsquo;exprimer pour la premi\u00e8re fois depuis de longs mois. Pour\u00a0<a class=\"css-bdba3s esdb6og5\" href=\"https:\/\/abonnes.lesinrocks.com\/2020\/05\/20\/cinema\/actualite-cinema\/catherine-deneuve-rend-hommage-a-michel-piccoli-une-sensibilite-delicate-et-brusque\/\" target=\"_blank\" rel=\"noopener noreferrer\" data-gtm-custom-categorie=\"navigation\" data-gtm-custom-action=\"crossclick\" data-gtm-custom-label=\"Contextuel\" data-gtm-event=\"customEventSPE\"><em>Les Inrocks<\/em>\u00a0<\/a>, l&rsquo;actrice revient sur sa relation avec l&rsquo;acteur du\u00a0<em>M\u00e9pris<\/em>, avec lequel elle a partag\u00e9 l&rsquo;\u00e9cran \u00e0 de nombreuses reprises depuis les ann\u00e9es 1960.<\/p>\n<p class=\"css-s6jpj4 ekabp3u0\"><em>\u00abMichel et moi avons tourn\u00e9 beaucoup de films ensemble,\u00a0<\/em>se souvient la com\u00e9dienne de 76 ans.\u00a0<em>Onze, me semble-t-il. \u00c7a a cr\u00e9\u00e9 un lien assez fort entre nous, mais que je ne qualifierais pas d&rsquo;amiti\u00e9, car nous nous sommes assez peu vus en dehors de ces tournages. Mais notre complicit\u00e9 dans le travail \u00e9tait tr\u00e8s forte et elle s&rsquo;est prolong\u00e9e sur un temps tr\u00e8s long.<\/em>\u00a0<em>Nous adorions nous retrouver. Un lien intime, une compr\u00e9hension mutuelle, un amusement \u00e0 \u00eatre ensemble, se remettaient imm\u00e9diatement en place \u00e0 chaque fois que nous tournions ensemble.\u00bb<\/em><\/p>\n<p class=\"css-s6jpj4 ekabp3u0\">Catherine Deneuve raconte ensuite ses souvenirs de chacune de leurs apparitions \u00e0 l&rsquo;\u00e9cran depuis\u00a0<em>Les Cr\u00e9atures\u00a0<\/em>(Agn\u00e8s Varda, 1965).\u00a0<em>\u00abMichel et moi nous sommes d&#8217;embl\u00e9e tr\u00e8s bien entendus,<\/em>\u00a0d\u00e9clare-t-elle.\u00a0<em>J&rsquo;appr\u00e9ciais beaucoup son humour, son charme, sa malice, une forme de r\u00e9serve aussi.\u00bb\u00a0<\/em>L&rsquo;actrice se souvient de la complicit\u00e9 entre Piccoli et Juliette Greco, venue assister au tournage de\u00a0<em>Belle de Jour\u00a0<\/em>(Luis Bu\u00f1uel, 1967).\u00a0<em>\u00abJe prenais beaucoup de plaisir \u00e0 les observer,<\/em>\u00a0explique-t-elle.\u00a0<em>Je me souviens que Michel \u00e9tait tr\u00e8s pr\u00e9cautionneux avec elle, et en m\u00eame temps il y avait entre eux une atmosph\u00e8re extr\u00eamement blagueuse, une joute perp\u00e9tuelle. Ils se mesuraient sans cesse l&rsquo;un \u00e0 l&rsquo;autre sur le terrain de l&rsquo;ironie, de la d\u00e9rision. C&rsquo;\u00e9tait tr\u00e8s charmant.\u00bb<\/em><\/p>\n<p class=\"css-s6jpj4 ekabp3u0\">De toutes leurs exp\u00e9riences communes,\u00a0<em>La Chamade<\/em>\u00a0(Alain Cavalier, 1968) aura presque fait battre le c\u0153ur de la com\u00e9dienne pour Piccoli.\u00a0<em>\u00abC&rsquo;est probablement le tournage sur lequel nous avons \u00e9t\u00e9 le plus proches,<\/em>\u00a0confie-t-elle.\u00a0<em>Nous avions beaucoup de sc\u00e8nes ensemble. Cela tenait aussi \u00e0 la nature de ce que nous devions jouer: une intimit\u00e9 de couple tr\u00e8s forte. Tout \u00e0 coup, il devenait un homme que j&rsquo;aurais pu aimer. C&rsquo;est un souvenir tr\u00e8s intense.\u00bb<\/em><\/p>\n<p class=\"css-s6jpj4 ekabp3u0\">Apr\u00e8s deux films de Marco Ferreri dans les ann\u00e9es 1970 (<em>Liza<\/em>\u00a0et\u00a0<em>Touche pas la femme blanche<\/em>), le duo ne s&rsquo;est pas recrois\u00e9 devant une cam\u00e9ra pendant plus de 20 ans.\u00a0<em>\u00ab\u00c0 partir des ann\u00e9es 1990, nous nous sommes donc retrouv\u00e9s quelquefois, mais souvent le temps d&rsquo;une sc\u00e8ne, de fa\u00e7on un peu courte, parce que, lui ou moi selon les cas, ne faisions qu&rsquo;une participation au film\u00bb<\/em>, pr\u00e9cise l&rsquo;actrice des\u00a0<em>Demoiselles de Rochefort<\/em>.<\/p>\n<p class=\"css-s6jpj4 ekabp3u0\"><em>Les Lignes de Wellington<\/em>\u00a0(Valeria Sarmiento, 2012), marque la derni\u00e8re collaboration Deneuve-Piccoli \u00e0 l&rsquo;\u00e9cran.\u00a0<em>\u00abEn tant que personne, sa sensibilit\u00e9, \u00e0 la fois d\u00e9licate et par moments assez brusque, me plaisait beaucoup<\/em>, conclut la com\u00e9dienne.\u00a0<em>Bien s\u00fbr, je l&rsquo;aimais aussi \u00e9norm\u00e9ment comme acteur. Son jeu \u00e9tait extr\u00eamement subtil. Et surtout, presque toujours, remarquablement ambigu.\u00bb<\/em><\/p>\n<p class=\"css-s6jpj4 ekabp3u0\">Michel Piccoli, quant \u00e0 lui, se souvenait avoir \u00e9t\u00e9 aux c\u00f4t\u00e9s de Deneuve sur le tournage de\u00a0<em>Benjamin ou Les m\u00e9moires d&rsquo;un puceau<\/em>, lorsque celle-ci a appris le d\u00e9c\u00e8s de sa s\u0153ur Fran\u00e7oise Dorl\u00e9ac en 1967. Dans une interview accord\u00e9e \u00e0\u00a0<a class=\"css-bdba3s esdb6og5\" href=\"https:\/\/www.lexpress.fr\/culture\/cinema\/michel-piccoli-l-intransigeant_816451.html\" target=\"_blank\" rel=\"noopener noreferrer\" data-gtm-custom-categorie=\"navigation\" data-gtm-custom-action=\"crossclick\" data-gtm-custom-label=\"Contextuel\" data-gtm-event=\"customEventSPE\"><em>L&rsquo;Express<\/em>\u00a0<\/a>en 2000, il expliquait l&rsquo;avoir baptis\u00e9e affectueusement\u00a0<em>\u00abla petite\u00bb<\/em>.\u00a0<em>\u00abJe l&rsquo;ai surnomm\u00e9e ainsi parce que la premi\u00e8re fois que l&rsquo;on a tourn\u00e9 ensemble, elle \u00e9tait non seulement beaucoup plus jeune que moi, mais aussi craintive, presque fragile,<\/em>\u00a0d\u00e9clarait-il \u00e0 l&rsquo;hebdomadaire.\u00a0<em>Je continue de l&rsquo;appeler \u201cla petite\u201d parce qu&rsquo;on a toujours la m\u00eame diff\u00e9rence d&rsquo;\u00e2ge et que ce n&rsquo;est pas parce que c&rsquo;est une star que je vais changer mes habitudes.\u00bb<\/em><\/p>\n<\/div>\n<\/article>\n<aside class=\"hide-print css-85tc e15bx0h00\">\n<div class=\"css-1u5ewsp e15bx0h01\">\u00a0<a class=\"css-4ly75j esdb6og8\" href=\"https:\/\/plus.lefigaro.fr\/page\/uid\/263740\" rel=\"author\">Le Figaro<\/a><\/div>\n<\/aside>\n","protected":false},"excerpt":{"rendered":"<p>La com\u00e9dienne, qui s&rsquo;exprime pour la premi\u00e8re fois depuis son accident vasculaire, est revenue sur sa relation avec l&rsquo;acteur du \u00a0M\u00e9pris\u00a0avec lequel elle a partag\u00e9 l&rsquo;\u00e9cran dans onze films. &nbsp; Elle ne s&rsquo;\u00e9tait pas exprim\u00e9e publiquement depuis\u00a0son accident vasculaire\u00a0en novembre. C&rsquo;est pour rendre hommage \u00e0 Michel Piccoli que Catherine Deneuve a d\u00e9cid\u00e9 de s&rsquo;exprimer pour<\/p>\n","protected":false},"author":152,"featured_media":47276,"comment_status":"open","ping_status":"open","sticky":false,"template":"","format":"standard","meta":{"_uf_show_specific_survey":0,"_uf_disable_surveys":false,"footnotes":""},"categories":[37],"tags":[],"class_list":{"0":"post-47270","1":"post","2":"type-post","3":"status-publish","4":"format-standard","5":"has-post-thumbnail","7":"category-alaune-fr"},"aioseo_notices":[],"_links":{"self":[{"href":"https:\/\/middleeasttransparent.com\/fr\/wp-json\/wp\/v2\/posts\/47270","targetHints":{"allow":["GET"]}}],"collection":[{"href":"https:\/\/middleeasttransparent.com\/fr\/wp-json\/wp\/v2\/posts"}],"about":[{"href":"https:\/\/middleeasttransparent.com\/fr\/wp-json\/wp\/v2\/types\/post"}],"author":[{"embeddable":true,"href":"https:\/\/middleeasttransparent.com\/fr\/wp-json\/wp\/v2\/users\/152"}],"replies":[{"embeddable":true,"href":"https:\/\/middleeasttransparent.com\/fr\/wp-json\/wp\/v2\/comments?post=47270"}],"version-history":[{"count":0,"href":"https:\/\/middleeasttransparent.com\/fr\/wp-json\/wp\/v2\/posts\/47270\/revisions"}],"wp:featuredmedia":[{"embeddable":true,"href":"https:\/\/middleeasttransparent.com\/fr\/wp-json\/wp\/v2\/media\/47276"}],"wp:attachment":[{"href":"https:\/\/middleeasttransparent.com\/fr\/wp-json\/wp\/v2\/media?parent=47270"}],"wp:term":[{"taxonomy":"category","embeddable":true,"href":"https:\/\/middleeasttransparent.com\/fr\/wp-json\/wp\/v2\/categories?post=47270"},{"taxonomy":"post_tag","embeddable":true,"href":"https:\/\/middleeasttransparent.com\/fr\/wp-json\/wp\/v2\/tags?post=47270"}],"curies":[{"name":"wp","href":"https:\/\/api.w.org\/{rel}","templated":true}]}}