{"id":46998,"date":"2020-05-14T00:25:36","date_gmt":"2020-05-13T23:25:36","guid":{"rendered":"https:\/\/middleeasttransparent.com\/?p=46998"},"modified":"2020-05-14T00:25:36","modified_gmt":"2020-05-13T23:25:36","slug":"platini-lauber-et-infantino-se-croient-intouchables","status":"publish","type":"post","link":"https:\/\/middleeasttransparent.com\/fr\/platini-lauber-et-infantino-se-croient-intouchables\/","title":{"rendered":"Platini: \u00abLauber et Infantino se croient intouchables\u00bb"},"content":{"rendered":"<header class=\"o-header\">\n<h3 id=\"block-illustre-main-menu\" class=\"m-nav\" role=\"navigation\" aria-labelledby=\"block-illustre-main-menu-menu\"><strong><span style=\"color: #0000ff;\">Par\u00a0<span class=\"\">Arnaud B\u00e9dat<\/span><\/span><\/strong><\/h3>\n<\/header>\n<div>\n<div id=\"block-illustre-content\">\n<article class=\"np8-priority-2 t-article pswp-gallery\" role=\"article\" data-article-progress=\"\" data-pswp-uid=\"1\">\n<section class=\"t-article__content\">\n<div class=\"t-article__grid u-typography\">\n<h3><\/h3>\n<h3 class=\"t-article__intro\"><span style=\"color: #0000ff;\">Convaincu d\u2019avoir \u00e9t\u00e9 victime d\u2019un complot, Michel Platini r\u00e9pond sans d\u00e9tour et r\u00e9clame que la justice identifie les conspirateurs. Interview exclusive d\u2019un homme meurtri, impatient qu\u2019on siffle enfin la fin d\u2019un match qu\u2019il pr\u00e9tend truqu\u00e9 et entach\u00e9 de scandales.<\/span><\/h3>\n<\/div>\n<div>&#8230;&#8230;&#8230;<\/div>\n<div>&#8230;&#8230;&#8230;<\/div>\n<div class=\"t-article__grid u-typography\">\n<div class=\"t-article__text\">\n<p><strong>&#8211; La justice suisse vous a blanchi de toute accusation de malversations en mai 2018. Mais la FIFA vous r\u00e9clame aujourd\u2019hui le remboursement de ces fameux 2\u202fmillions que vous avez per\u00e7us \u00e0 l\u2019\u00e9poque\u2026<\/strong><br \/>\n&#8211; Expliquez-moi: pourquoi la FIFA a-t-elle attendu si longtemps pour me demander la restitution de cette somme? Tout d\u2019abord parce qu\u2019elle sait que ce paiement \u00e9tait parfaitement l\u00e9gitime, valid\u00e9 par son pr\u00e9sident, son comit\u00e9 ex\u00e9cutif, la Commission financi\u00e8re, le congr\u00e8s annuel et les auditeurs\u2026 Donc, pour r\u00e9pondre \u00e0 votre question, cette demande de remboursement est une mani\u00e8re pour Infantino de masquer la v\u00e9rit\u00e9. C\u2019est un grand manipulateur. Il a parfaitement conscience que c\u2019est la seule mani\u00e8re pour lui d\u2019entretenir dans l\u2019opinion publique un doute me concernant. La justice civile tranchera cette question et cela mettra ainsi un terme d\u00e9finitif \u00e0 ce d\u00e9bat.<\/p>\n<p><strong>&#8211; Avec le recul, \u00eates-vous d\u00e9sormais certain aujourd\u2019hui d\u2019avoir \u00e9t\u00e9 victime d\u2019un complot?<\/strong><br \/>\n&#8211; Le fait que j\u2019aie \u00e9t\u00e9 victime d\u2019un complot est pour moi une \u00e9vidence. En 2016, la pr\u00e9sidence de la FIFA aurait d\u00fb me revenir \u00e0 une tr\u00e8s large majorit\u00e9, tout le monde le sait. Infantino, qui \u00e9tait mon secr\u00e9taire g\u00e9n\u00e9ral \u00e0 l\u2019UEFA, le savait mieux que personne. Or, comme l\u2019ont r\u00e9v\u00e9l\u00e9 de nombreux articles de presse, il semble que Gianni Infantino ait habilement combin\u00e9, au d\u00e9but de l\u2019\u00e9t\u00e9 2015, pour faire en sorte que je sois \u00e9cart\u00e9 de la course \u00e0 la pr\u00e9sidence de la FIFA, par des accords de circonstance pass\u00e9s en coulisses entre le procureur g\u00e9n\u00e9ral de la Conf\u00e9d\u00e9ration Michael Lauber, son porte-parole Marty, le procureur en chef Olivier Thormann, le responsable du service juridique de la FIFA Marco Villiger, l\u2019ami d\u2019enfance d\u2019Infantino, le procureur valaisan Rinaldo Arnold, et le tout avec l\u2019aide de l\u2019avocat zurichois Michele Bernasconi, du cabinet B\u00e4r &amp; Karrer\u2026<\/p>\n<p><strong>&#8211; A vous entendre, la Suisse a totalement trahi sa d\u00e9mocratie et son Etat de droit\u2026<\/strong><br \/>\n&#8211; J\u2019aime profond\u00e9ment votre pays, j\u2019y suis bien et j\u2019y ai des amis chers. Je continue de vivre avec bonheur sur les hauteurs de Nyon (VD). Je ne perds pas espoir de voir la justice faire finalement son travail. Le probl\u00e8me est de savoir quand et quel magistrat va \u00eatre charg\u00e9 de la d\u00e9nonciation adress\u00e9e par la France \u00e0 la Suisse, pour des faits li\u00e9s \u00e0 ce complot que je d\u00e9nonce. Le syst\u00e8me est ainsi fait que l\u2019enqu\u00eate, qui doit \u00e9galement viser le Minist\u00e8re public de la Conf\u00e9d\u00e9ration (MPC), le procureur Lauber, son porte-parole Marty et certains dirigeants de la FIFA, va \u00eatre d\u00e9l\u00e9gu\u00e9e \u00e0 un procureur sp\u00e9cial d\u00e9sign\u00e9 par ce m\u00eame MPC\u2026 J\u2019avoue que cette situation est surprenante, m\u00eame si je veux garder la foi dans le bon fonctionnement de vos institutions.<\/p>\n<\/div>\n<div class=\"t-article__text\">\n<p><strong>&#8211; <span style=\"text-decoration: underline;\">Il ressort du rapport de l\u2019autorit\u00e9 de surveillance du parquet f\u00e9d\u00e9ral qu\u2019Infantino et Lauber se sont, apr\u00e8s votre \u00e9viction, r\u00e9unis au Schweizerhof \u00e0 Berne, propri\u00e9t\u00e9 du Qatar, le 16 juin 2017<\/span>. Aucun des participants ne se souvient de ce qui s\u2019est discut\u00e9 lors de cette r\u00e9union secr\u00e8te. En novembre 2017, le MPC cl\u00f4ture la proc\u00e9dure p\u00e9nale contre X qui visait Infantino. Pensez-vous que l\u2019on peut encore parler ici de co\u00efncidence?<\/strong><br \/>\n&#8211; Ecoutez, ne me faites pas aller sur ce terrain-l\u00e0. C\u2019est certain qu\u2019il y a des choses difficiles \u00e0 avaler, mais je pense qu\u2019il faut toujours respecter le principe de pr\u00e9somption d\u2019innocence. La seule chose n\u00e9cessaire, selon moi, c\u2019est qu\u2019une vraie enqu\u00eate ait lieu pour que la v\u00e9rit\u00e9 puisse appara\u00eetre au grand jour!<\/p>\n<p><strong>&#8211; Ce m\u00e9lange des r\u00f4les, ces r\u00e9unions secr\u00e8tes, ces personnes qui n\u2019ont pas peur de porter plusieurs casquettes, tout cela para\u00eet compl\u00e8tement irr\u00e9el, et pourtant on sait maintenant que \u00e7a a bien eu lieu\u2026<\/strong><br \/>\n&#8211; Oui. Et la Suisse ne peut pas se satisfaire de cette situation. Le conflit d\u2019int\u00e9r\u00eats est omnipr\u00e9sent. Comment le monde des avocats et de la justice ne s\u2019indigne-t-il pas de voir, par exemple, que Sepp Blatter et Michael Lauber ont le m\u00eame avocat, en la personne de Lorenz Erni, \u00e0 Zurich? Michele Bernasconi, qui a \u00e9t\u00e9 mon avocat au d\u00e9but de la proc\u00e9dure p\u00e9nale, est aujourd\u2019hui charg\u00e9 des int\u00e9r\u00eats de la FIFA\u2026 Il faut que l\u2019on m\u2019explique comment tout cela est admissible. Et par quel passe-droit Gianni Infantino, patron de la FIFA, peut-il faire des r\u00e9unions de travail secr\u00e8tes, non protocol\u00e9es, avec Michael Lauber, sans que finalement personne soit r\u00e9ellement inqui\u00e9t\u00e9?<\/p>\n<p><strong>&#8211; Que demandez-vous aujourd\u2019hui?<\/strong><br \/>\n&#8211; Que justice soit faite! Je n\u2019y croyais pas, au d\u00e9but, mais c\u2019est pour moi aujourd\u2019hui une \u00e9vidence: j\u2019ai bien \u00e9t\u00e9 victime d\u2019un complot. Il est important, non seulement pour moi mais aussi pour l\u2019histoire de la FIFA, que la justice l\u2019\u00e9tablisse. Ce n\u2019est pas tr\u00e8s compliqu\u00e9, il faut juste commencer par interroger toutes les personnes concern\u00e9es. Et que le magistrat en charge soit \u00e0 la fois ind\u00e9pendant, objectif et comp\u00e9tent. Je pense que le mieux, m\u00eame si la loi ne le pr\u00e9voit pas, serait par exemple que les personnes qui ont fait partie de l\u2019autorit\u00e9 de surveillance du Minist\u00e8re public de la Conf\u00e9d\u00e9ration supervisent cette enqu\u00eate.<\/p>\n<p><strong>&#8211; Selon le rapport de cette m\u00eame autorit\u00e9 de surveillance, Lauber \u00aba contrevenu \u00e0 plusieurs devoirs de fonction, n\u2019a pas dit la v\u00e9rit\u00e9, a entrav\u00e9 lui-m\u00eame l\u2019enqu\u00eate [de cette autorit\u00e9]et fait preuve d\u2019une mauvaise compr\u00e9hension de sa profession\u00bb. Qu\u2019en dites-vous?<\/strong><br \/>\n&#8211; (Soupir.) Ecoutez, le principal probl\u00e8me est que Lauber et Infantino se croient intouchables et au-dessus des lois. C\u2019est pour cela qu\u2019ils se sont permis ce type de r\u00e9unions, impensables dans un Etat de droit qui se respecte. Je pense que Lauber a conscience qu\u2019il a franchi la ligne rouge. Infantino, lui, devrait \u00e0 mon sens remettre son mandat. Mais le probl\u00e8me, c\u2019est qu\u2019il est devenu pr\u00e9sident de la FIFA par un habile concours de circonstances, en opportuniste, sans avoir de l\u00e9gitimit\u00e9 particuli\u00e8re. Il va donc tout faire pour s\u2019accrocher \u00e0 son poste.<\/p>\n<p><strong>&#8211; A Berne, les principaux procureurs ont tous \u00e9t\u00e9 vis\u00e9s par des proc\u00e9dures. Lauber a vu sa r\u00e9cusation confirm\u00e9e par le Tribunal f\u00e9d\u00e9ral, il en est de m\u00eame pour l\u2019ancien procureur f\u00e9d\u00e9ral en chef Olivier Thormann, qui a m\u00eame d\u00fb quitter son poste en novembre 2018. Maintenant, on lit qu\u2019un autre procureur qui a \u00e9t\u00e9 charg\u00e9 du dossier FIFA, C\u00e9dric Remund, aurait lui aussi particip\u00e9 \u00e0 au moins une r\u00e9union secr\u00e8te avec Infantino et Lauber. Que vous inspire cette situation digne de Kafka?<\/strong><br \/>\n&#8211; (Rires.) Votre question contient la r\u00e9ponse\u2026 C\u2019est ubuesque! Il est tout simplement invraisemblable que, dans une enqu\u00eate aussi s\u00e9rieuse que celle conduite contre la FIFA, tous les principaux procureurs soient mis hors jeu! D\u2019ailleurs, l\u2019autorit\u00e9 de surveillance a elle-m\u00eame constat\u00e9 des suspicions de violation de secret de fonction. Mon avocat \u00e0 Berne, Dominic Nellen, me dit que, dans un tel cas, il y a obligation d\u2019agir en d\u00e9non\u00e7ant les faits \u00e0 un procureur extraordinaire, ainsi que la loi le pr\u00e9voit. Mais l\u00e0 encore, rien ne semble avoir \u00e9t\u00e9 fait. On marche sur la t\u00eate! Quel triste spectacle. <strong>Je comprends que le D\u00e9partement de justice am\u00e9ricain et le FBI ne soient pas contents et r\u00e9clament plus de coop\u00e9ration de la part de la Suisse.<\/strong><\/p>\n<p><strong>&#8211; Pr\u00e9cis\u00e9ment, les Etats-Unis semblent militer aujourd\u2019hui pour l\u2019annulation de la Coupe du monde au Qatar, en raison de l\u2019achat des votes, de la corruption. Qu\u2019en pensez-vous?<\/strong><br \/>\n&#8211; C\u2019est l\u00e9gitime de consid\u00e9rer que si le vote a \u00e9t\u00e9 truqu\u00e9, que s\u2019il y a eu corruption par le versement de pots-de-vin, la FIFA ne peut pas fermer les yeux. C\u2019est \u00e9videmment tr\u00e8s dur pour le Qatar qui a tant investi dans les stades et les infrastructures, et je vous rappelle que j\u2019avais moi-m\u00eame port\u00e9 mon choix sur ce pays. Mais <strong>dans la mesure o\u00f9 la justice am\u00e9ricaine semble avoir des preuves irr\u00e9futables, on ne doit pas jouer une Coupe du monde entach\u00e9e d\u2019ill\u00e9galit\u00e9<\/strong>. Il faut avoir une certaine autorit\u00e9 morale pour remettre en cause un vote truqu\u00e9: Infantino n\u2019a ni l\u2019envergure ni l\u2019\u00e9thique qu\u2019un pr\u00e9sident de la FIFA doit avoir pour prendre de telles d\u00e9cisions.<\/p>\n<p><strong>&#8211; Et si Infantino, min\u00e9 par les affaires, devait finalement d\u00e9missionner de la FIFA, seriez-vous candidat \u00e0 sa succession? Ce serait une belle revanche, non?<\/strong><br \/>\n&#8211; Ma d\u00e9marche ne s\u2019inscrit ni dans la revanche ni dans la vengeance. Mon seul et unique moteur, c\u2019est mon d\u00e9sir de justice. Que la suite de ma vie soit li\u00e9e au football ou non n\u2019est finalement pas si important face \u00e0 la n\u00e9cessit\u00e9 d\u2019\u00e9tablir une fois pour toutes la v\u00e9rit\u00e9. Et pour cela, il faut du courage, de la pers\u00e9v\u00e9rance et de la clairvoyance. J\u2019esp\u00e8re de tout c\u0153ur que les magistrats suisses qui seront charg\u00e9s de traiter ce dossier auront toutes ces qualit\u00e9s pour que l\u2019on puisse enfin siffler la fin du match l\u2019esprit tranquille.<\/p>\n<h3 class=\"LC20lb DKV0Md\"><a href=\"https:\/\/www.illustre.ch\/magazine\/platini-lauber-infantino-se-croient-intouchables\">L&rsquo;Illustr\u00e9<\/a><\/h3>\n<\/div>\n<\/div>\n<\/section>\n<\/article>\n<\/div>\n<\/div>\n","protected":false},"excerpt":{"rendered":"<p>Par\u00a0Arnaud B\u00e9dat Convaincu d\u2019avoir \u00e9t\u00e9 victime d\u2019un complot, Michel Platini r\u00e9pond sans d\u00e9tour et r\u00e9clame que la justice identifie les conspirateurs. Interview exclusive d\u2019un homme meurtri, impatient qu\u2019on siffle enfin la fin d\u2019un match qu\u2019il pr\u00e9tend truqu\u00e9 et entach\u00e9 de scandales. &#8230;&#8230;&#8230; &#8230;&#8230;&#8230; &#8211; La justice suisse vous a blanchi de toute accusation de malversations<\/p>\n","protected":false},"author":661,"featured_media":47005,"comment_status":"open","ping_status":"open","sticky":false,"template":"","format":"standard","meta":{"_uf_show_specific_survey":0,"_uf_disable_surveys":false,"footnotes":""},"categories":[37],"tags":[],"class_list":{"0":"post-46998","1":"post","2":"type-post","3":"status-publish","4":"format-standard","5":"has-post-thumbnail","7":"category-alaune-fr"},"aioseo_notices":[],"_links":{"self":[{"href":"https:\/\/middleeasttransparent.com\/fr\/wp-json\/wp\/v2\/posts\/46998","targetHints":{"allow":["GET"]}}],"collection":[{"href":"https:\/\/middleeasttransparent.com\/fr\/wp-json\/wp\/v2\/posts"}],"about":[{"href":"https:\/\/middleeasttransparent.com\/fr\/wp-json\/wp\/v2\/types\/post"}],"author":[{"embeddable":true,"href":"https:\/\/middleeasttransparent.com\/fr\/wp-json\/wp\/v2\/users\/661"}],"replies":[{"embeddable":true,"href":"https:\/\/middleeasttransparent.com\/fr\/wp-json\/wp\/v2\/comments?post=46998"}],"version-history":[{"count":0,"href":"https:\/\/middleeasttransparent.com\/fr\/wp-json\/wp\/v2\/posts\/46998\/revisions"}],"wp:featuredmedia":[{"embeddable":true,"href":"https:\/\/middleeasttransparent.com\/fr\/wp-json\/wp\/v2\/media\/47005"}],"wp:attachment":[{"href":"https:\/\/middleeasttransparent.com\/fr\/wp-json\/wp\/v2\/media?parent=46998"}],"wp:term":[{"taxonomy":"category","embeddable":true,"href":"https:\/\/middleeasttransparent.com\/fr\/wp-json\/wp\/v2\/categories?post=46998"},{"taxonomy":"post_tag","embeddable":true,"href":"https:\/\/middleeasttransparent.com\/fr\/wp-json\/wp\/v2\/tags?post=46998"}],"curies":[{"name":"wp","href":"https:\/\/api.w.org\/{rel}","templated":true}]}}