{"id":46778,"date":"2020-05-07T23:38:46","date_gmt":"2020-05-07T22:38:46","guid":{"rendered":"https:\/\/middleeasttransparent.com\/?p=46778"},"modified":"2020-05-07T23:38:47","modified_gmt":"2020-05-07T22:38:47","slug":"comment-poutine-a-rate-son-entree-dans-une-cathedrale-de-moscou","status":"publish","type":"post","link":"https:\/\/middleeasttransparent.com\/fr\/comment-poutine-a-rate-son-entree-dans-une-cathedrale-de-moscou\/","title":{"rendered":"Comment Poutine a rat\u00e9 son entr\u00e9e dans une cath\u00e9drale de Moscou"},"content":{"rendered":"<h2><strong style=\"color: #0000ff;\">Une mosa\u00efque repr\u00e9sentant le pr\u00e9sident russe dans une c\u00e9l\u00e9bration de l\u2019annexion de la Crim\u00e9e a \u00e9t\u00e9 retir\u00e9e apr\u00e8s de nombreuses critiques<\/strong><\/h2>\n<div dir=\"auto\">\n<div>\n<p>&nbsp;<\/p>\n<\/div>\n<div>\n<div>\n<p><span style=\"color: #0000ff;\"><strong>MOSCOU- correspondant<\/strong><\/span><\/p>\n<p>C<strong>\u2019est l\u2019histoire d\u2019une occasion manqu\u00e9e. Pour la premi\u00e8re fois depuis qu\u2019il est au pouvoir, Vladimir Poutine aurait pu \u00eatre repr\u00e9sent\u00e9 dans une \u00e9glise, au m\u00eame titre que les saints qui ornent les \u00e9difices religieux orthodoxes<\/strong>.<\/p>\n<p>A vrai dire, il l\u2019a \u00e9t\u00e9, durant quelques jours. Pr\u00e9cis\u00e9ment jusqu\u2019au matin du 1er\u00a0mai, o\u00f9 l\u2019Eglise orthodoxe a annonc\u00e9 le d\u00e9montage d\u2019une mosa\u00efque montrant le pr\u00e9sident russe entour\u00e9 d\u2019un ar\u00e9opage de fid\u00e8les\u00a0: <strong>les ministres de la d\u00e9fense et des affaires \u00e9trang\u00e8res, le directeur du FSB (service de s\u00e9curit\u00e9), ou encore le chef de l\u2019\u00e9tat-major, Val\u00e9ri Guerassimov<\/strong>, concepteur de la c\u00e9l\u00e8bre doctrine de la\u00a0\u00ab\u00a0guerre hybride\u00a0\u00bb\u00a0(utilisant subversion, espionnage, propagande et cyberattaques).<\/p>\n<p>La mosa\u00efque intitul\u00e9e \u00ab\u00a0La r\u00e9unification pacifique de la Crim\u00e9e\u00a0\u00bb, dans l\u2019\u00e9glise de la R\u00e9surrection du Christ, devait c\u00e9l\u00e9brer l\u2019annexion de la p\u00e9ninsule. Y figuraient aussi des hommes masqu\u00e9s arm\u00e9s de kalachnikovs, les fameux \u00ab\u00a0petits hommes verts\u00a0\u00bb apparus par enchantement dans cette r\u00e9gion ukrainienne au printemps 2014. Tout juste achev\u00e9e, la mosa\u00efque a \u00e9t\u00e9 remplac\u00e9e par une repr\u00e9sentation plus\u2026 canonique\u00a0: des moines tenant l\u2019ic\u00f4ne de Notre-Dame-de-Cherson\u00e8se (qui est tout de m\u00eame originaire de Crim\u00e9e).<\/p>\n<p>Pour comprendre de quoi il retourne, revenons en arri\u00e8re. <strong>La\u00a0\u00ab\u00a0Cath\u00e9drale des forces arm\u00e9es\u00a0\u00bb<\/strong>, comme on appelle d\u2019ores et d\u00e9j\u00e0 cette \u00e9glise de la R\u00e9surrection du Christ, doit \u00eatre inaugur\u00e9e \u00e0 l\u2019occasion des 75\u00a0ans de la victoire sur l\u2019Allemagne nazie, le 9\u00a0mai (ce sera probablement un peu plus tard, pour cause de coronavirus).<\/p>\n<p>Le projet est bel et bien conduit par le minist\u00e8re de la d\u00e9fense, et l\u2019\u00e9difice est en passe d\u2019\u00eatre achev\u00e9 dans le parc Patriote, un parc d\u2019attractions et d\u2019expositions sur le th\u00e8me de l\u2019arm\u00e9e, \u00e0 l\u2019ouest de Moscou. S\u2019il subsistait un doute, la structure vert sombre virant au kaki, recouverte de m\u00e9tal et de verre, l\u2019aurait \u00f4t\u00e9.<\/p>\n<p style=\"text-align: center;\"><a href=\"https:\/\/middleeasttransparent.com\/fr\/comment-poutine-a-rate-son-entree-dans-une-cathedrale-de-moscou\/catho\/\" rel=\"attachment wp-att-46784\"><img fetchpriority=\"high\" decoding=\"async\" class=\"alignnone size-full wp-image-46784\" src=\"https:\/\/middleeasttransparent.com\/wp-content\/uploads\/2020\/05\/CATHO.png\" alt=\"\" width=\"850\" height=\"458\" \/><\/a><\/p>\n<h2>Concentr\u00e9 de symboles<\/h2>\n<p>Cette cath\u00e9drale \u2013 la troisi\u00e8me du pays, avec une capacit\u00e9 d\u2019accueil de 6\u00a0000 personnes\u00a0\u2013 est un concentr\u00e9 de symboles. Exemples\u00a0: le diam\u00e8tre du tambour du d\u00f4me principal est de 19,45\u00a0m\u00e8tres, \u00e9vocation de l\u2019ann\u00e9e 1945\u00a0;\u00a0la hauteur du petit d\u00f4me est de 14,18\u00a0m\u00e8tres, rappel des 1\u00a0418 jours qu\u2019ont dur\u00e9 les combats. Les six d\u00f4mes dor\u00e9s sont d\u2019ailleurs d\u00e9di\u00e9s aux saints patrons des diff\u00e9rentes arm\u00e9es (<strong>on apprendra ainsi que les forces de missiles strat\u00e9giques sont plac\u00e9es sous le patronage de sainte Barbara<\/strong>\u2026). Les marches menant \u00e0 l\u2019\u00e9glise seront, elles, \u00e9difi\u00e9es \u00e0 partir d\u2019armes de la Wehrmacht coul\u00e9es.<\/p>\n<p>On l\u2019aura compris, l\u2019annexion de la Crim\u00e9e devait donc rejoindre la seconde guerre mondiale au panth\u00e9on des \u00e9pisodes\u00a0\u00ab\u00a0sacr\u00e9s\u00a0\u00bb\u00a0de l\u2019histoire russe.<strong> Vladimir Poutine n\u2019avait-il pas un jour \u00e9voqu\u00e9 ce territoire comme un \u00e9quivalent du\u00a0\u00ab\u00a0mont des Oliviers pour les juifs et les musulmans\u00a0\u00bb\u00a0<\/strong>?<\/p>\n<p>Le 24\u00a0avril, la fuite des premi\u00e8res images sur le site MBKh Media a toutefois d\u00e9clench\u00e9 une avalanche de commentaires, volontiers critiques ou sarcastiques.\u00a0\u00ab\u00a0La repr\u00e9sentation sur les murs des temples d\u2019\u00e9v\u00e9nements historiques et de personnalit\u00e9s historiques est une tradition\u00a0\u00bb, a alors fait valoir l\u2019\u00e9v\u00eaque Stefan, pr\u00e9v\u00f4t de la cath\u00e9drale. L\u2019artiste \u00e0 l\u2019origine de la mosa\u00efque a aussi rappel\u00e9 que <strong>les empereurs byzantins \u00e9taient, en leur temps, repr\u00e9sent\u00e9s dans les \u00e9glises<\/strong>. De fait, l\u2019alliance des pouvoirs spirituel et temporel est une constante de l\u2019Etat russe, et la c\u00e9l\u00e9bration des victoires militaires un motif classique des \u00e9glises. <strong>Comme dans de nombreux autres pays, les religieux n\u2019ont jamais eu aucun complexe \u00e0 b\u00e9nir les arm\u00e9es, jusqu\u2019aux avions de chasse asperg\u00e9s d\u2019eau b\u00e9nite avant leur d\u00e9part pour la Syrie<\/strong>. <strong>Un d\u00e9bat a toutefois cours au sein de la hi\u00e9rarchie de l\u2019Eglise pour exclure de ces pratiques\u00a0\u00ab\u00a0les armes frappant sans discrimination et les armes de destruction massive\u00a0\u00bb.<\/strong><\/p>\n<p>\u00ab\u00a0Il s\u2019agissait de guerriers martyrs ou de souverains pieux,\u00a0lui a r\u00e9pondu l\u2019historien Sergue\u00ef Brioun dans les colonnes du quotidien \u00e9conomique\u00a0Vedomosti.\u00a0Pas des g\u00e9n\u00e9raux triomphants du d\u00e9fil\u00e9 de 1945 ou les\u00a0petits hommes verts\u00a0avec fusils d\u2019assaut.\u00a0\u00bb<\/p>\n<p>Restait \u00e0 entendre l\u2019avis du principal int\u00e9ress\u00e9. Selon le porte-parole de Vladimir Poutine, celui-ci aurait souri en apprenant cette cons\u00e9cration, et dit\u00a0:\u00a0\u00ab\u00a0Un jour, nos descendants appr\u00e9cieront nos m\u00e9rites, mais le faire maintenant, c\u2019est un peu t\u00f4t.\u00a0\u00bb\u00a0Peine perdue, le lendemain, 27\u00a0avril, l\u2019Eglise confirmait ses intentions\u2026 avant de changer d\u2019avis brusquement le 1er\u00a0mai. La hi\u00e9rarchie orthodoxe a clairement attribu\u00e9 ce revirement \u00e0\u00a0\u00ab\u00a0l\u2019opinion\u00a0\u00bb\u00a0exprim\u00e9e par le pr\u00e9sident, preuve que si ce dernier n\u2019est pas encore pr\u00eat \u00e0 c\u00f4toyer les saints sur les murs des cath\u00e9drales, sa parole est d\u2019ores et d\u00e9j\u00e0 d\u2019\u00e9vangile pour l\u2019Eglise.<\/p>\n<p><a href=\"https:\/\/middleeasttransparent.com\/fr\/comment-poutine-a-rate-son-entree-dans-une-cathedrale-de-moscou\/stalon-2\/\" rel=\"attachment wp-att-46792\"><img decoding=\"async\" class=\"size-full wp-image-46792 aligncenter\" src=\"https:\/\/middleeasttransparent.com\/wp-content\/uploads\/2020\/05\/STALON-1.jpg\" alt=\"\" width=\"733\" height=\"550\" srcset=\"https:\/\/middleeasttransparent.com\/wp-content\/uploads\/2020\/05\/STALON-1.jpg 733w, https:\/\/middleeasttransparent.com\/wp-content\/uploads\/2020\/05\/STALON-1-600x450.jpg 600w, https:\/\/middleeasttransparent.com\/wp-content\/uploads\/2020\/05\/STALON-1-205x155.jpg 205w\" sizes=\"(max-width: 733px) 100vw, 733px\" \/><\/a><\/p>\n<h2>Mythe national<\/h2>\n<p>Fin de l\u2019histoire\u00a0? Non, car <strong>une autre mosa\u00efque continue de susciter des d\u00e9bats enflamm\u00e9s, celle repr\u00e9sentant le d\u00e9fil\u00e9 de la victoire de 1945. On y voit une autre personnalit\u00e9 inattendue\u00a0: Joseph Staline<\/strong>. La personnalit\u00e9 du dictateur sovi\u00e9tique fait l\u2019objet d\u2019une r\u00e9habilitation progressive dans la soci\u00e9t\u00e9 russe, mais<strong> voir honor\u00e9 par l\u2019Eglise le responsable de la mort de plusieurs dizaines de milliers de pr\u00eatres (plus de 100\u00a0000 pour les seules ann\u00e9es 1937-1938<\/strong>) a de quoi surprendre. En r\u00e9ponse aux critiques, le patriarcat de Moscou a \u00e9voqu\u00e9 le respect de la\u00a0\u00ab\u00a0v\u00e9rit\u00e9 historique, dont il est impossible d\u2019arracher arbitrairement certaines pages\u00a0\u00bb.<\/p>\n<p>Cette d\u00e9claration illustre bien le rapport qui s\u2019est impos\u00e9 ces derni\u00e8res ann\u00e9es en Russie vis-\u00e0-vis de la figure de Staline. Celui-ci est honor\u00e9 en tant que commandant en chef victorieux dont les crimes peuvent ou doivent \u00eatre occult\u00e9s, le symbole d\u2019une histoire de la Russie n\u00e9cessairement glorieuse et l\u2019embl\u00e8me d\u2019un patriotisme auquel l\u2019Eglise se rallie volontiers. Ce r\u00f4le est d\u2019autant plus fort que la guerre elle-m\u00eame est \u00e9lev\u00e9e au rang de mythe national num\u00e9ro un, celui qui doit unir aussi bien les diff\u00e9rentes composantes du peuple russe que les morceaux \u00e9pars et parfois contradictoires de son histoire. Au rang des mythes unificateurs, la Crim\u00e9e arrive non loin derri\u00e8re.<\/p>\n<p><strong>Parmi les commentaires les plus percutants sur cette \u00e9trange association, le sociologue Igor Eidman \u00e9voque la naissance d\u2019une\u00a0\u00ab\u00a0religion syncr\u00e9tique\u00a0\u00bb, \u00e0 l\u2019image de celles qui,\u00a0\u00ab\u00a0en Afrique ou en Am\u00e9rique latine, m\u00e9langent des \u00e9l\u00e9ments du christianisme et des cultes pa\u00efens\u00a0\u00bb. Pour M.\u00a0Eidman, la religion syncr\u00e9tique form\u00e9e dans la Russie de Poutine\u00a0\u00ab\u00a0est une synth\u00e8se d\u2019orthodoxie et de culte de la victoire.\u00a0(\u2026)\u00a0On retrouve dans l\u2019histoire des cultes comparables dans des tribus indo-europ\u00e9ennes pa\u00efennes, qui v\u00e9n\u00e9raient la Guerre, les guerriers tomb\u00e9s, les armes\u2026\u00a0\u00bb<\/strong><\/p>\n<\/div>\n<p><a href=\"https:\/\/www.lemonde.fr\/international\/article\/2020\/05\/05\/comment-poutine-a-rate-son-entree-a-l-eglise-et-y-a-laisse-staline-tout-seul_6038646_3210.html\">LE MONDE<\/a><\/p>\n<\/div>\n<\/div>\n","protected":false},"excerpt":{"rendered":"<p>Une mosa\u00efque repr\u00e9sentant le pr\u00e9sident russe dans une c\u00e9l\u00e9bration de l\u2019annexion de la Crim\u00e9e a \u00e9t\u00e9 retir\u00e9e apr\u00e8s de nombreuses critiques &nbsp; MOSCOU- correspondant C\u2019est l\u2019histoire d\u2019une occasion manqu\u00e9e. Pour la premi\u00e8re fois depuis qu\u2019il est au pouvoir, Vladimir Poutine aurait pu \u00eatre repr\u00e9sent\u00e9 dans une \u00e9glise, au m\u00eame titre que les saints qui ornent<\/p>\n","protected":false},"author":657,"featured_media":46780,"comment_status":"open","ping_status":"open","sticky":false,"template":"","format":"standard","meta":{"_uf_show_specific_survey":0,"_uf_disable_surveys":false,"footnotes":""},"categories":[37],"tags":[],"class_list":{"0":"post-46778","1":"post","2":"type-post","3":"status-publish","4":"format-standard","5":"has-post-thumbnail","7":"category-alaune-fr"},"aioseo_notices":[],"_links":{"self":[{"href":"https:\/\/middleeasttransparent.com\/fr\/wp-json\/wp\/v2\/posts\/46778","targetHints":{"allow":["GET"]}}],"collection":[{"href":"https:\/\/middleeasttransparent.com\/fr\/wp-json\/wp\/v2\/posts"}],"about":[{"href":"https:\/\/middleeasttransparent.com\/fr\/wp-json\/wp\/v2\/types\/post"}],"author":[{"embeddable":true,"href":"https:\/\/middleeasttransparent.com\/fr\/wp-json\/wp\/v2\/users\/657"}],"replies":[{"embeddable":true,"href":"https:\/\/middleeasttransparent.com\/fr\/wp-json\/wp\/v2\/comments?post=46778"}],"version-history":[{"count":0,"href":"https:\/\/middleeasttransparent.com\/fr\/wp-json\/wp\/v2\/posts\/46778\/revisions"}],"wp:featuredmedia":[{"embeddable":true,"href":"https:\/\/middleeasttransparent.com\/fr\/wp-json\/wp\/v2\/media\/46780"}],"wp:attachment":[{"href":"https:\/\/middleeasttransparent.com\/fr\/wp-json\/wp\/v2\/media?parent=46778"}],"wp:term":[{"taxonomy":"category","embeddable":true,"href":"https:\/\/middleeasttransparent.com\/fr\/wp-json\/wp\/v2\/categories?post=46778"},{"taxonomy":"post_tag","embeddable":true,"href":"https:\/\/middleeasttransparent.com\/fr\/wp-json\/wp\/v2\/tags?post=46778"}],"curies":[{"name":"wp","href":"https:\/\/api.w.org\/{rel}","templated":true}]}}